{"id":335644,"date":"2017-08-22T00:10:32","date_gmt":"2017-08-21T22:10:32","guid":{"rendered":"https:\/\/www.focolare.org\/nigeria-alba-de-um-novo-dia\/"},"modified":"2024-05-16T15:32:07","modified_gmt":"2024-05-16T13:32:07","slug":"nigeria-alba-de-um-novo-dia","status":"publish","type":"post","link":"https:\/\/www.focolare.org\/pt-pt\/nigeria-alba-de-um-novo-dia\/","title":{"rendered":"Nig\u00e9ria: Alba de um novo dia"},"content":{"rendered":"<p><strong><em><img loading=\"lazy\" decoding=\"async\" class=\"wp-image-154614 alignright\" src=\"https:\/\/www.focolare.org\/wp-content\/uploads\/2017\/07\/2017-05-Casa-Alba-Feast-3.jpg\" alt=\"2017-05 Casa Alba Feast 3\" width=\"319\" height=\"260\" \/>\u201cEst\u00e1vamos casados a pouco tempo quando meu marido adoeceu gravemente, e ao mesmo tempo descobri que estava gr\u00e1vida ..<\/em><\/strong>.\u201d. Assim, uma jovem mulher nigeriana come\u00e7ou a nos contar a sua hist\u00f3ria. Longe da sua fam\u00edlia e completamente sozinha, tentou procurar ajuda com os familiares do seu marido, mas encontrou as portas fechadas. Segundo ela, foi um per\u00edodo muito dif\u00edcil, mas felizmente, pouco tempo depois, outras portas se abriram: as portas da<strong> Casa Alba. <\/strong>E para ela, assim como para tantas outras jovens em dificuldades, come\u00e7ou um novo amanhecer. \u201c<em>N\u00e3o sei como poderia ter sobrevivido de outra maneira; gra\u00e7as a Deus, as coisas melhoraram &#8230;\u201d<\/em>, disse ela emocionada.  <strong>A<\/strong> <strong>Casa Alba \u00e9 um projeto do<\/strong> <a href=\"https:\/\/www.focolare.org\/pt\/chi-siamo\/\">Movimento dos Focolares<\/a> na <a href=\"https:\/\/www.focolare.org\/pt\/focolare-worldwide\/africa\/nigeria\/\">Nig\u00e9ria<\/a>. Alguns anos atr\u00e1s era chamada simplesmente de \u201cCasa Gen\u201d (Gera\u00e7\u00e3o Nova). Mais tarde, <a href=\"https:\/\/www.focolare.org\/pt\/chiara-lubich\/spiritualita-dellunita\/\">Chiara Lubich <\/a> prop\u00f4s\u00a0 cham\u00e1-la &#8220;<strong>Alba<\/strong>&#8220;, com a esperan\u00e7a de que essa casa pudesse se tornar um verdadeiro lar para tantas jovens vivendo em situa\u00e7\u00f5es de perigo. Na Nig\u00e9ria,\u00a0 o n\u00famero de mulheres em dificuldades \u00e9 muito grande, e a <strong>Casa Alba<\/strong> realiza esse belo trabalho de retirar as jovens das ruas e acolher a todas com muito amor, al\u00e9m de ensinar a elas uma profiss\u00e3o. As atividades de costura, que mais tarde se transformaram em curso, e o Batik (arte de colora\u00e7\u00e3o de tecidos) serviram para arrecadar fundos e ajudaram muito nesse verdadeiro projeto de recupera\u00e7\u00e3o, onde a forma\u00e7\u00e3o moral e espiritual tamb\u00e9m fazem parte do programa.  <strong>Algum tempo atr\u00e1s, Elde de Souza<\/strong>, respons\u00e1vel pela Casa Alba, foi se encontrar com o Bispo Denis, para inform\u00e1-lo das dificuldades econ\u00f4micas do projeto e da sua suspens\u00e3o iminente. Como resposta, o Bispo Denis renovou sua confian\u00e7a no projeto e lan\u00e7ou uma nova proposta, sugerindo que, ao inv\u00e9s de fechar as portas, a Casa Alba comemorasse, em grande estilo, os 25 anos de suas atividades. &#8220;O Movimento dos Focolares na Nig\u00e9ria \u00e9 muito silencioso!&#8221;, disse ele. Dessa forma, sem poder ficar indiferente a tal proposta, a comunidade inteira se mobilizou e todos,\u00a0 jovens,\u00a0 adultos e idosos,\u00a0 come\u00e7aram a trabalhar para que o projeto continuasse. O entusiasmo do Bispo Denis \u00e9 contagiante: &#8220;A Nig\u00e9ria \u00e9 um lugar feliz. N\u00f3s somos pessoas felizes. Alguns n\u00e3o s\u00e3o, est\u00e3o passando por momento dif\u00edceis. Esta \u00e9 a experi\u00eancia da vida, mas todos n\u00f3s podemos unir os nosso sofrimentos com aquele de Jesus na cruz &#8230;\u201d.  <strong>No final de maio de 2017<\/strong>, no centro Mariapolis de Onitsha, foi celebrado o 25\u00ba anivers\u00e1rio da <strong>Casa Alba<\/strong>, um final de semana onde todos juntos comemoraram o sucesso desse projeto. No encerramento houve uma missa campal com a participa\u00e7\u00e3o de 400 convidados, muitos dos quais estavam usando os vestidos t\u00edpicos africanos, confeccionados com a t\u00e9cnica do pr\u00f3prio\u00a0 Batik. Foi um verdadeiro show de cor e muita alegria.  Durante a celebra\u00e7\u00e3o, em sua homilia, o Bispo auxiliar Mons. Denis Chidi Isizoh falou sobre a palavra \u201c<strong>focolare<\/strong>\u201d, que significa fogo, o fogo do encorajamento, da evangeliza\u00e7\u00e3o e do amor. Ele contou sobre seus encontros pessoais com Chiara Lubich quando trabalhava, juntamente com o Cardeal Arinze, para o Pontif\u00edcio Conselho do Di\u00e1logo Inter-religioso, no Vaticano. Ele comentou tamb\u00e9m sobre a frase do fil\u00f3sofo franc\u00eas: \u201ceu penso, logo existo\u201d, frase que jamais seria dita por um africano, o qual afirmaria ser uma pessoa pelo fato de pertencer a uma comunidade, a um grupo, pois segundo os membros do Movimento dos Focolares, quando estamos unidos como uma verdadeira comunidade, \u00e9 ali que nos encontramos com n\u00f3s mesmos.  <strong>T<img loading=\"lazy\" decoding=\"async\" class=\"wp-image-154615 alignleft\" src=\"https:\/\/www.focolare.org\/wp-content\/uploads\/2017\/07\/2017-05-Casa-Alba-Feast-5.jpg\" alt=\"2017-05 Casa Alba Feast 5\" width=\"416\" height=\"234\" \/>odas as \u201cjovens\u201d que passaram pela<\/strong> <strong>Casa Alba<\/strong> estavam presentes. Algumas s\u00e3o adolescentes, outras j\u00e1 av\u00f3s. Essa comemora\u00e7\u00e3o foi uma oportunidade para v\u00e1rios reencontros, fazendo com que todos pudessem percorrer juntos, caminhos e hist\u00f3rias.  &#8220;Essa experi\u00eancia aqui mudou minha vida. Antes eu era muito brava, aqui me tornei uma pessoa serena. O que eu vivi aqui, me ajudou para a vida toda&#8221;. Foi realmente maravilhoso saber como esta pequena semente deu tantos frutos, comentou uma das primeiras educadoras, hoje com 83 anos. (&#8220;Mama Rainha&#8221;).  <strong>No dia seguinte<\/strong>, o jornal da Arquidiocese de Onitsha (onde vivem dois milh\u00f5es de cat\u00f3licos) definiu assim a celebra\u00e7\u00e3o dos 25 anos: &#8220;&#8230; um evento colorido espetacular. O Movimento dos Focolares enxugou as l\u00e1grimas de tantas jovens sem esperan\u00e7a, que agora vivem acima do n\u00edvel de pobreza, gra\u00e7as ao amor e conhecimentos adquiridos na <strong>Casa Alba<\/strong>.\u201d  Os canais de r\u00e1dio e TV tamb\u00e9m relataram esse importante evento. O jornal regional publicou um apelo para o relan\u00e7amento e a arrecada\u00e7\u00e3o de fundos para a continuidade desse projeto. \u00c9 um novo amanhecer tamb\u00e9m para a <strong>Casa Alba<\/strong>.<\/p>\n","protected":false},"excerpt":{"rendered":"<p>H\u00e1 25 anos que a \u201cCasa Alba\u201d abre suas portas para mo\u00e7as com graves dificuldades e oferece a elas a possibilidade de recome\u00e7ar, com dignidade e esperan\u00e7a, uma nova vida.<\/p>\n","protected":false},"author":34,"featured_media":0,"comment_status":"open","ping_status":"open","sticky":false,"template":"","format":"standard","meta":{"give_campaign_id":0,"_seopress_robots_primary_cat":"","_seopress_titles_title":"","_seopress_titles_desc":"","_seopress_robots_index":"","_et_pb_use_builder":"","_et_pb_old_content":"","_et_gb_content_width":"","footnotes":""},"categories":[909],"tags":[],"class_list":["post-335644","post","type-post","status-publish","format-standard","hentry","category-focolare-worldwide-2-4"],"_links":{"self":[{"href":"https:\/\/www.focolare.org\/pt-pt\/wp-json\/wp\/v2\/posts\/335644","targetHints":{"allow":["GET"]}}],"collection":[{"href":"https:\/\/www.focolare.org\/pt-pt\/wp-json\/wp\/v2\/posts"}],"about":[{"href":"https:\/\/www.focolare.org\/pt-pt\/wp-json\/wp\/v2\/types\/post"}],"author":[{"embeddable":true,"href":"https:\/\/www.focolare.org\/pt-pt\/wp-json\/wp\/v2\/users\/34"}],"replies":[{"embeddable":true,"href":"https:\/\/www.focolare.org\/pt-pt\/wp-json\/wp\/v2\/comments?post=335644"}],"version-history":[{"count":0,"href":"https:\/\/www.focolare.org\/pt-pt\/wp-json\/wp\/v2\/posts\/335644\/revisions"}],"wp:attachment":[{"href":"https:\/\/www.focolare.org\/pt-pt\/wp-json\/wp\/v2\/media?parent=335644"}],"wp:term":[{"taxonomy":"category","embeddable":true,"href":"https:\/\/www.focolare.org\/pt-pt\/wp-json\/wp\/v2\/categories?post=335644"},{"taxonomy":"post_tag","embeddable":true,"href":"https:\/\/www.focolare.org\/pt-pt\/wp-json\/wp\/v2\/tags?post=335644"}],"curies":[{"name":"wp","href":"https:\/\/api.w.org\/{rel}","templated":true}]}}