{"id":335668,"date":"2017-08-28T07:08:48","date_gmt":"2017-08-28T05:08:48","guid":{"rendered":"https:\/\/www.focolare.org\/estudantes-cristaos-e-muculmanos-numa-escola-de-convivencia\/"},"modified":"2024-05-16T15:32:13","modified_gmt":"2024-05-16T13:32:13","slug":"estudantes-cristaos-e-muculmanos-numa-escola-de-convivencia","status":"publish","type":"post","link":"https:\/\/www.focolare.org\/pt-pt\/estudantes-cristaos-e-muculmanos-numa-escola-de-convivencia\/","title":{"rendered":"Estudantes crist\u00e3os e mu\u00e7ulmanos numa escola de conviv\u00eancia"},"content":{"rendered":"<p>Realiza-se de 25 a 30 de agosto, em Tonadico (Trento, It\u00e1lia), a quarta Escola de Ver\u00e3o \u201c<em>Interfaith Engagement in Theory and Practice<\/em>\u201d (\u201co compromisso inter-religioso na teoria e na pr\u00e1tica\u201d, numa tradu\u00e7\u00e3o livre), promovida pelo Instituto Universit\u00e1rio Sophia em colabora\u00e7\u00e3o com o Instituto Isl\u00e2mico da Inglaterra (Londres), e o Instituto Risalat (Qum, Ir\u00e3). Participam 42 estudantes crist\u00e3os e mu\u00e7ulmanos xiitas. Entre os professores est\u00e3o Piero Coda (reitor do IUS) e Mohammad Shomali (Diretor do Centro Isl\u00e2mico de Londres). O objetivo da Escola de Ver\u00e3o \u00e9 oferecer um espa\u00e7o de reflex\u00e3o e partilha sobre os patrim\u00f4nios culturais e religiosos do cristianismo e do islamismo, e sobre as perspectivas do di\u00e1logo e da colabora\u00e7\u00e3o rec\u00edproca, diante dos desafios atuais.<\/p>\n","protected":false},"excerpt":{"rendered":"<p>Realiza-se de 25 a 30 de agosto, em Tonadico (Trento, It\u00e1lia), a quarta Escola de Ver\u00e3o \u201cInterfaith Engagement in Theory and Practice\u201d (\u201co compromisso inter-religioso na teoria e na pr\u00e1tica\u201d, numa tradu\u00e7\u00e3o livre), promovida pelo Instituto Universit\u00e1rio Sophia em colabora\u00e7\u00e3o com o Instituto Isl\u00e2mico da Inglaterra (Londres), e o Instituto Risalat (Qum, Ir\u00e3). Participam 42 [&hellip;]<\/p>\n","protected":false},"author":34,"featured_media":0,"comment_status":"open","ping_status":"open","sticky":false,"template":"","format":"standard","meta":{"give_campaign_id":0,"_seopress_robots_primary_cat":"","_seopress_titles_title":"","_seopress_titles_desc":"","_seopress_robots_index":"","_et_pb_use_builder":"","_et_pb_old_content":"","_et_gb_content_width":"","footnotes":""},"categories":[129],"tags":[],"class_list":["post-335668","post","type-post","status-publish","format-standard","hentry","category-sem-categoria"],"_links":{"self":[{"href":"https:\/\/www.focolare.org\/pt-pt\/wp-json\/wp\/v2\/posts\/335668","targetHints":{"allow":["GET"]}}],"collection":[{"href":"https:\/\/www.focolare.org\/pt-pt\/wp-json\/wp\/v2\/posts"}],"about":[{"href":"https:\/\/www.focolare.org\/pt-pt\/wp-json\/wp\/v2\/types\/post"}],"author":[{"embeddable":true,"href":"https:\/\/www.focolare.org\/pt-pt\/wp-json\/wp\/v2\/users\/34"}],"replies":[{"embeddable":true,"href":"https:\/\/www.focolare.org\/pt-pt\/wp-json\/wp\/v2\/comments?post=335668"}],"version-history":[{"count":0,"href":"https:\/\/www.focolare.org\/pt-pt\/wp-json\/wp\/v2\/posts\/335668\/revisions"}],"wp:attachment":[{"href":"https:\/\/www.focolare.org\/pt-pt\/wp-json\/wp\/v2\/media?parent=335668"}],"wp:term":[{"taxonomy":"category","embeddable":true,"href":"https:\/\/www.focolare.org\/pt-pt\/wp-json\/wp\/v2\/categories?post=335668"},{"taxonomy":"post_tag","embeddable":true,"href":"https:\/\/www.focolare.org\/pt-pt\/wp-json\/wp\/v2\/tags?post=335668"}],"curies":[{"name":"wp","href":"https:\/\/api.w.org\/{rel}","templated":true}]}}