{"id":343896,"date":"2011-11-14T09:21:16","date_gmt":"2011-11-14T08:21:16","guid":{"rendered":"https:\/\/www.focolare.org\/comunhao-e-direito-em-manaus\/"},"modified":"2024-06-06T12:15:10","modified_gmt":"2024-06-06T10:15:10","slug":"comunhao-e-direito-em-manaus","status":"publish","type":"post","link":"https:\/\/www.focolare.org\/pt-pt\/comunhao-e-direito-em-manaus\/","title":{"rendered":"Comunh\u00e3o e Direito em Manaus"},"content":{"rendered":"<p><img alt=\"\" alt=\"\" loading=\"lazy\" decoding=\"async\" class=\"size-full wp-image-49255 alignleft\" style=\"margin-right: 10px;border: 0pt none\" src=\"https:\/\/www.focolare.org\/wp-content\/uploads\/2011\/11\/20111114-02.jpg\" alt=\"\" width=\"358\" height=\"201\" \/><em><strong>\u201cUm instrumento para construir uma sociedade mais justa e um futuro melhor, a partir do direito\u201d<\/strong><\/em>, foi com esta frase que a corregedora-geral de Justi\u00e7a do Amazonas, desembargadora <strong>Maria do Socorro Guedes Moura<\/strong>, definiu o <strong>II Congresso Norte e Nordeste de Direito e Fraternidade <\/strong>(3 e 4 de novembro), organizado por <strong>Comunh\u00e3o e Direito<\/strong> e promovido pela Corregedoria Geral de Justi\u00e7a do Estado do Amazonas.  O encontro foi aberto pelo presidente do Tribunal, desembargador <strong>Jo\u00e3o Sim\u00f5es<\/strong>, que ao dar as boas vindas aos participantes e palestrantes, disse que o Judici\u00e1rio do Amazonas sentia-se \u201chonrado em abrigar um evento\u00a0dessa magnitude\u201d. Presente entre as autoridades tamb\u00e9m o diretor da Escola Superior de Magistratura,<strong> Fl\u00e1vio Pascarelli<\/strong>, que salientou o valor da iniciativa para a forma\u00e7\u00e3o dos jovens magistrados.  Eram mais de 300 os presentes, das mais variadas profiss\u00f5es no campo do direito: ju\u00edzes, membros do minist\u00e9rio p\u00fablico, advogados, oficiais de justi\u00e7a, membros da pol\u00edcia, deputados, secret\u00e1rios de alguns Estados brasileiros e estudantes de dez faculdades de Direito do estado do Amazonas.  <strong>Munir Cury<\/strong>, magistrado e membro da Comiss\u00e3o de reda\u00e7\u00e3o do Estatuto da Crian\u00e7a e do Adolescente, tra\u00e7ou os fundamentos dos trabalhos, tratando de \u201cDireito e Sociedade na Constru\u00e7\u00e3o da Justi\u00e7a\u201d. Por sua vez, <strong>Carlos Augusto Machado<\/strong>, juiz do Minist\u00e9rio P\u00fablico de Sergipe, colocou o acento sobre a fraternidade como categoria jur\u00eddica e constitucional.  No segundo dia foram muito apreciadas as coloca\u00e7\u00f5es feitas pela diretora do Centro de Ci\u00eancias Jur\u00eddicas da Universidade Federal de Santa Catarina, <strong>Olga Boschi<\/strong>, sobre o valor do conhecimento da categoria jur\u00eddica da fraternidade no curr\u00edculo acad\u00eamico, e as aulas de <strong>Adalberto Carim<\/strong>, juiz da Vara Especializada do Meio Ambiente e de Quest\u00f5es Agr\u00e1rias do Estado do Amazonas, sobre a &#8220;Justi\u00e7a Ambiental no S\u00e9culo XXI&#8221;.  <img alt=\"\" alt=\"\" loading=\"lazy\" decoding=\"async\" class=\"alignright size-full wp-image-49254\" style=\"margin-left: 10px;border: 0pt none\" src=\"https:\/\/www.focolare.org\/wp-content\/uploads\/2011\/11\/20111114-01.jpg\" alt=\"\" width=\"269\" height=\"179\" \/><strong>Uma conota\u00e7\u00e3o especial foi dada ao tema da fraternidade no direito no contexto sociocultural do Estado do Amazonas<\/strong>, onde \u00e9 proeminente a <strong>quest\u00e3o ecol\u00f3gica<\/strong>, com a consequente responsabilidade e necessidade de tutela do patrim\u00f4nio ambiental, como express\u00e3o concreta de fraternidade, inclusive em rela\u00e7\u00e3o \u00e0s futuras gera\u00e7\u00f5es.\u00a0 Falando da sociedade como categoria jur\u00eddica no direito ambiental, <strong>Carlos Aur\u00e9lio Mota<\/strong>, docente na Universidade Ibirapuera (S\u00e3o Paulo) e especialista em \u00e9tica e direitos humanos, abriu novas pistas para a pesquisa acad\u00eamica.  Segundo os organizadores, as elabora\u00e7\u00f5es jur\u00eddicas produzidas pelo encontro vir\u00e3o em benef\u00edcio de todo o Brasil. De fato, estiveram presentes representantes de v\u00e1rios estados e o evento foi transmitido na internet, atrav\u00e9s do site da Escola Superior de Magistratura do Amazonas (ESMAM), que tem sua p\u00e1gina no site oficial do Tribunal de Justi\u00e7a do Estado (<a href=\"http:\/\/www.tjam.jus.br\/esmam\">http:\/\/www.tjam.jus.br\/esmam<\/a>).<\/p>\n","protected":false},"excerpt":{"rendered":"<p>Com o envolvimento de 10 faculdades de direito, magistrados, advogados, pol\u00edticos e estudantes, por dois dias enfrentaram-se as quest\u00f5es jur\u00eddicas a partir da categoria da fraternidade, com reflexos no campo ambiental.<\/p>\n","protected":false},"author":34,"featured_media":0,"comment_status":"open","ping_status":"open","sticky":false,"template":"","format":"standard","meta":{"give_campaign_id":0,"_seopress_robots_primary_cat":"","_seopress_titles_title":"","_seopress_titles_desc":"","_seopress_robots_index":"","_et_pb_use_builder":"","_et_pb_old_content":"","_et_gb_content_width":"","footnotes":""},"categories":[909],"tags":[],"class_list":["post-343896","post","type-post","status-publish","format-standard","hentry","category-focolare-worldwide-2-4"],"_links":{"self":[{"href":"https:\/\/www.focolare.org\/pt-pt\/wp-json\/wp\/v2\/posts\/343896","targetHints":{"allow":["GET"]}}],"collection":[{"href":"https:\/\/www.focolare.org\/pt-pt\/wp-json\/wp\/v2\/posts"}],"about":[{"href":"https:\/\/www.focolare.org\/pt-pt\/wp-json\/wp\/v2\/types\/post"}],"author":[{"embeddable":true,"href":"https:\/\/www.focolare.org\/pt-pt\/wp-json\/wp\/v2\/users\/34"}],"replies":[{"embeddable":true,"href":"https:\/\/www.focolare.org\/pt-pt\/wp-json\/wp\/v2\/comments?post=343896"}],"version-history":[{"count":0,"href":"https:\/\/www.focolare.org\/pt-pt\/wp-json\/wp\/v2\/posts\/343896\/revisions"}],"wp:attachment":[{"href":"https:\/\/www.focolare.org\/pt-pt\/wp-json\/wp\/v2\/media?parent=343896"}],"wp:term":[{"taxonomy":"category","embeddable":true,"href":"https:\/\/www.focolare.org\/pt-pt\/wp-json\/wp\/v2\/categories?post=343896"},{"taxonomy":"post_tag","embeddable":true,"href":"https:\/\/www.focolare.org\/pt-pt\/wp-json\/wp\/v2\/tags?post=343896"}],"curies":[{"name":"wp","href":"https:\/\/api.w.org\/{rel}","templated":true}]}}