{"id":343950,"date":"2011-12-12T05:00:07","date_gmt":"2011-12-12T04:00:07","guid":{"rendered":"https:\/\/www.focolare.org\/hindus-e-cristaos-em-dialogo\/"},"modified":"2024-06-06T12:15:21","modified_gmt":"2024-06-06T10:15:21","slug":"hindus-e-cristaos-em-dialogo","status":"publish","type":"post","link":"https:\/\/www.focolare.org\/pt-pt\/hindus-e-cristaos-em-dialogo\/","title":{"rendered":"Hindus e crist\u00e3os em di\u00e1logo"},"content":{"rendered":"<p><img alt=\"\" alt=\"\" loading=\"lazy\" decoding=\"async\" class=\"size-full wp-image-50707 alignleft\" style=\"margin-right: 10px;border: 0pt none\" src=\"https:\/\/www.focolare.org\/wp-content\/uploads\/2011\/12\/20111212-01.jpg\" alt=\"\" width=\"320\" height=\"210\" \/>Lonavla, localidade famosa pelo seu clima temperado, no planalto de Dec\u00e3o, a cerca de duas horas de Mumbai. Os 60 estudiosos est\u00e3o l\u00e1 para o<strong> IV Simp\u00f3sio hindu-crist\u00e3o<\/strong>, uma iniciativa realizada pela primeira vez em 2002, em Castelgandolfo (It\u00e1lia), um ano ap\u00f3s a <a href=\"https:\/\/www.focolare.org\/pt\/in-dialogo\/grandi-religioni\/induismo\/\" target=\"_blank\" rel=\"noopener\">visita de Chiara Lubich \u00e0 \u00cdndia<\/a>, e dos seus contatos com o mundo acad\u00eamico e gandhista da grande na\u00e7\u00e3o asi\u00e1tica. Tratou-se de uma estreia em absoluto. O Movimento dos Focolares, que j\u00e1 ent\u00e3o era ativo h\u00e1 dec\u00eanios no campo inter-religioso, nunca tinha tido a ocasi\u00e3o de enfrentar o <strong>aspecto acad\u00eamico e teol\u00f3gico entre seguidores de religi\u00f5es e tradi\u00e7\u00f5es diferentes<\/strong>. A partir de 2002 seguiram-se iniciativas no campo acad\u00eamico com budistas, judeus e mu\u00e7ulmanos, em Roma e em v\u00e1rias partes do mundo.  A descoberta e a valoriza\u00e7\u00e3o do \u00e2mbito acad\u00eamico, no que diz respeito ao di\u00e1logo entre seguidores de credos diferentes, ainda que n\u00e3o deva tornar-se nem priorit\u00e1ria nem exclusiva, adquiriu, todavia, uma fun\u00e7\u00e3o cada vez mais central para um verdadeiro conhecimento da espiritualidade, do ritualismo e da \u00e9tica do <em>outro<\/em>.  Agora, pela primeira vez, acad\u00eamicos de tradi\u00e7\u00e3o t\u00edpica da \u00cdndia e parceiros crist\u00e3os, re\u00fanem-se na \u00cdndia, onde o di\u00e1logo h\u00e1 s\u00e9culos \u00e9 rico e inovador, capaz de percorrer estradas corajosas, inclusive em momentos absolutamente n\u00e3o f\u00e1ceis, como os que estamos vivendo. O que caracteriza a experi\u00eancia que os sessenta participantes prop\u00f5em-se realizar \u00e9 n\u00e3o limitar-se a um exerc\u00edcio acad\u00eamico, mas <strong>conjugar vida e ideias<\/strong>.  O t\u00edtulo do evento \u2013<em><strong> \u201cLer, interpretar e viver as Escrituras para realizar a paz e a fraternidade universal\u201d<\/strong><\/em> \u2013 oferece pistas vitais, que, contudo, ser\u00e3o aprofundadas tamb\u00e9m intelectualmente. Entre os crist\u00e3os, al\u00e9m de representantes do Movimento dos Focolares da \u00cdndia, estar\u00e3o presentes membros da <a href=\"https:\/\/www.focolare.org\/pt\/all-opera\/studio-e-formazione\/scuola-abba\/\" target=\"_blank\" rel=\"noopener\"><strong>Escola Abba<\/strong><\/a> \u2013 o seu centro de estudos \u2013 e do<strong> <a href=\"https:\/\/www.focolare.org\/pt\/in-dialogo\/grandi-religioni\/\" target=\"_blank\" rel=\"noopener\">Centro do Di\u00e1logo inter-religioso dos Focolares<\/a><\/strong><a href=\"https:\/\/www.focolare.org\/pt\/in-dialogo\/grandi-religioni\/\" target=\"_blank\" rel=\"noopener\">.<\/a> Do lado hindu os participantes ser\u00e3o gandhistas, empenhados numa linha social e pr\u00e1tica, assim como professores universit\u00e1rios atuantes em diversas importantes universidades.<\/p>\n","protected":false},"excerpt":{"rendered":"<p>De 10 a 14 de dezembro, cerca de sessenta estudiosos hindus e crist\u00e3os, reunidos em Lonavla, a duas horas de Mumbai, num simp\u00f3sio com o t\u00edtulo: \u201cLer, interpretar e viver as Escrituras para realizar a paz e a fraternidade universal.<\/p>\n","protected":false},"author":34,"featured_media":0,"comment_status":"open","ping_status":"open","sticky":false,"template":"","format":"standard","meta":{"give_campaign_id":0,"_seopress_robots_primary_cat":"","_seopress_titles_title":"","_seopress_titles_desc":"","_seopress_robots_index":"","_et_pb_use_builder":"","_et_pb_old_content":"","_et_gb_content_width":"","footnotes":""},"categories":[909],"tags":[],"class_list":["post-343950","post","type-post","status-publish","format-standard","hentry","category-focolare-worldwide-2-4"],"_links":{"self":[{"href":"https:\/\/www.focolare.org\/pt-pt\/wp-json\/wp\/v2\/posts\/343950","targetHints":{"allow":["GET"]}}],"collection":[{"href":"https:\/\/www.focolare.org\/pt-pt\/wp-json\/wp\/v2\/posts"}],"about":[{"href":"https:\/\/www.focolare.org\/pt-pt\/wp-json\/wp\/v2\/types\/post"}],"author":[{"embeddable":true,"href":"https:\/\/www.focolare.org\/pt-pt\/wp-json\/wp\/v2\/users\/34"}],"replies":[{"embeddable":true,"href":"https:\/\/www.focolare.org\/pt-pt\/wp-json\/wp\/v2\/comments?post=343950"}],"version-history":[{"count":0,"href":"https:\/\/www.focolare.org\/pt-pt\/wp-json\/wp\/v2\/posts\/343950\/revisions"}],"wp:attachment":[{"href":"https:\/\/www.focolare.org\/pt-pt\/wp-json\/wp\/v2\/media?parent=343950"}],"wp:term":[{"taxonomy":"category","embeddable":true,"href":"https:\/\/www.focolare.org\/pt-pt\/wp-json\/wp\/v2\/categories?post=343950"},{"taxonomy":"post_tag","embeddable":true,"href":"https:\/\/www.focolare.org\/pt-pt\/wp-json\/wp\/v2\/tags?post=343950"}],"curies":[{"name":"wp","href":"https:\/\/api.w.org\/{rel}","templated":true}]}}