{"id":344032,"date":"2012-01-23T04:30:13","date_gmt":"2012-01-23T03:30:13","guid":{"rendered":"https:\/\/www.focolare.org\/ottmaring-onde-o-dialogo-e-vital\/"},"modified":"2024-06-06T12:15:38","modified_gmt":"2024-06-06T10:15:38","slug":"ottmaring-onde-o-dialogo-e-vital","status":"publish","type":"post","link":"https:\/\/www.focolare.org\/pt-pt\/ottmaring-onde-o-dialogo-e-vital\/","title":{"rendered":"Ottmaring, onde o di\u00e1logo \u00e9 vital"},"content":{"rendered":"<p><img alt=\"\" alt=\"\" loading=\"lazy\" decoding=\"async\" class=\"alignleft size-full wp-image-53191\" style=\"margin-right: 10px\" src=\"https:\/\/www.focolare.org\/wp-content\/uploads\/2012\/01\/20120123-061.jpg\" alt=\"\" width=\"250\" height=\"163\" \/>Referindo-se ao di\u00e1logo ecum\u00eanico, <a href=\"https:\/\/www.focolare.org\/pt\/chiara-lubich\/chi-e-chiara\/\" target=\"_blank\" rel=\"noopener\"><strong>Chiara Lubich<\/strong> <\/a>costumava falar de <a href=\"https:\/\/www.focolare.org\/pt\/news\/2012\/01\/16\/ecumenismo-il-dialogo-della-vita\/\" target=\"_blank\" rel=\"noopener\"><strong>di\u00e1logo da vida<\/strong><\/a>, de povo. Enfim, algo que nascesse n\u00e3o apenas da reflex\u00e3o teol\u00f3gica, mas da conviv\u00eancia di\u00e1ria, ombro a ombro, e que no tira-teima da vida levasse em conta os ensinamentos do Evangelho, comum a todos os crist\u00e3os, e o amor m\u00fatuo, um amor que n\u00e3o conhece barreiras eclesiais e de nenhum tipo. E notando o consenso popular que nasce num contexto como esse, ela afirmou: <em>\u00abSabemos como na hist\u00f3ria outras iniciativas ecum\u00eanicas faliram, porque faltava este consenso, essencial \u00e0 unidade\u00bb<\/em>.  <img alt=\"\" alt=\"\" loading=\"lazy\" decoding=\"async\" class=\"alignright size-full wp-image-53194\" style=\"margin-left: 10px\" src=\"https:\/\/www.focolare.org\/wp-content\/uploads\/2012\/01\/20120123-043.jpg\" alt=\"\" width=\"250\" height=\"146\" \/>Quando o Movimento dos Focolares come\u00e7ou a se difundir na <a href=\"https:\/\/www.focolare.org\/pt\/focolare-worldwide\/europa\/germania\/\" target=\"_blank\" rel=\"noopener\"><strong>Alemanha<\/strong><\/a>, os contatos com membros de outras igrejas foram imediatos. E mais tarde, quando pareceu poss\u00edvel construir l\u00e1 uma Mari\u00e1polis permanente, como aquela de Loppiano nascida na It\u00e1lia, mas habitada por luteranos e cat\u00f3licos, a ideia parecia responder \u00e0quele sonho, de uma conviv\u00eancia marcada precisamente pelo amor crist\u00e3o. Em 1968 esta ideia concretizou-se em <a href=\"https:\/\/www.focolare.org\/pt\/news\/2011\/05\/10\/ottmaring-cittadella-ecumenica\/\" target=\"_blank\" rel=\"noopener\"><strong>Ottmaring<\/strong><\/a>, nos arredores de Augsburg. A pequena cidade tem cerca de 30 casas e instala\u00e7\u00f5es, e um Centro de Espiritualidade \u00e0 servi\u00e7o dos muitos visitantes, que vem para constatar pessoalmente esta original conviv\u00eancia ecum\u00eanica.  O que caracteriza a vida no Centro ecum\u00eanico \u00e9 a unidade em Cristo e a diversidade de ades\u00f5es eclesiais, num esp\u00edrito de reconcilia\u00e7\u00e3o. Vivem em Ottmaring cerca de 140 pessoas, pertencentes ao <strong>Movimento dos Focolares <\/strong>e \u00e0 <strong>Fraternidade de vida comunit\u00e1ria<\/strong> (Bruderschaft von gemeinsamen Leben), que tem suas origens no mundo evang\u00e9lico. Em ambos os grupos existem jovens, adultos, fam\u00edlias e comunidades. Todos prov\u00eam de experi\u00eancias de f\u00e9 e de tradi\u00e7\u00f5es eclesiais profundamente diferentes. Est\u00e3o representadas tamb\u00e9m v\u00e1rias nacionalidades, numa diversidade que \u00e9 enriquecimento. No domingo, 22 de janeiro, realizou-se o costumeiro encontro da <a href=\"https:\/\/www.focolare.org\/pt\/news\/2012\/01\/14\/settimana-di-preghiera-per-l%E2%80%99unita-dei-cristiani-2\/\" target=\"_blank\" rel=\"noopener\"><strong>Semana pela Unidade dos Crist\u00e3os<\/strong><\/a>, denominado \u201cTarde ecum\u00eanica\u201d. O bispo luterano Johannesdotter apresentou uma palestra, na presen\u00e7a dos membros das comunidades evang\u00e9licas e cat\u00f3licas.  Fonte: Citt\u00e0 Nuova on line<\/p>\n","protected":false},"excerpt":{"rendered":"<p>A experi\u00eancia de 40 anos de di\u00e1logo entre luteranos e cat\u00f3licos de diversas nacionalidades, na Mari\u00e1polis do Movimento dos Focolares na Alemanha &#8211; atualmente com 140 moradores &#8211; e as iniciativas para a Semana da Unidade.<\/p>\n","protected":false},"author":34,"featured_media":0,"comment_status":"open","ping_status":"open","sticky":false,"template":"","format":"standard","meta":{"give_campaign_id":0,"_seopress_robots_primary_cat":"","_seopress_titles_title":"","_seopress_titles_desc":"","_seopress_robots_index":"","_et_pb_use_builder":"","_et_pb_old_content":"","_et_gb_content_width":"","footnotes":""},"categories":[909],"tags":[],"class_list":["post-344032","post","type-post","status-publish","format-standard","hentry","category-focolare-worldwide-2-4"],"_links":{"self":[{"href":"https:\/\/www.focolare.org\/pt-pt\/wp-json\/wp\/v2\/posts\/344032","targetHints":{"allow":["GET"]}}],"collection":[{"href":"https:\/\/www.focolare.org\/pt-pt\/wp-json\/wp\/v2\/posts"}],"about":[{"href":"https:\/\/www.focolare.org\/pt-pt\/wp-json\/wp\/v2\/types\/post"}],"author":[{"embeddable":true,"href":"https:\/\/www.focolare.org\/pt-pt\/wp-json\/wp\/v2\/users\/34"}],"replies":[{"embeddable":true,"href":"https:\/\/www.focolare.org\/pt-pt\/wp-json\/wp\/v2\/comments?post=344032"}],"version-history":[{"count":0,"href":"https:\/\/www.focolare.org\/pt-pt\/wp-json\/wp\/v2\/posts\/344032\/revisions"}],"wp:attachment":[{"href":"https:\/\/www.focolare.org\/pt-pt\/wp-json\/wp\/v2\/media?parent=344032"}],"wp:term":[{"taxonomy":"category","embeddable":true,"href":"https:\/\/www.focolare.org\/pt-pt\/wp-json\/wp\/v2\/categories?post=344032"},{"taxonomy":"post_tag","embeddable":true,"href":"https:\/\/www.focolare.org\/pt-pt\/wp-json\/wp\/v2\/tags?post=344032"}],"curies":[{"name":"wp","href":"https:\/\/api.w.org\/{rel}","templated":true}]}}