{"id":344062,"date":"2012-01-29T03:10:12","date_gmt":"2012-01-29T02:10:12","guid":{"rendered":"https:\/\/www.focolare.org\/republica-democratica-do-congo-uma-terra-aberta-a-esperanca\/"},"modified":"2024-06-06T12:15:43","modified_gmt":"2024-06-06T10:15:43","slug":"republica-democratica-do-congo-uma-terra-aberta-a-esperanca","status":"publish","type":"post","link":"https:\/\/www.focolare.org\/pt-pt\/republica-democratica-do-congo-uma-terra-aberta-a-esperanca\/","title":{"rendered":"Rep\u00fablica Democr\u00e1tica do Congo: uma terra aberta \u00e0 esperan\u00e7a"},"content":{"rendered":"<p><a href=\"https:\/\/www.focolare.org\/pt\/focolare-worldwide\/africa\/repubblica-democratica-del-congo\/\"><img alt=\"\" alt=\"\" loading=\"lazy\" decoding=\"async\" class=\"alignleft size-full wp-image-53711\" style=\"margin-right: 10px\" src=\"https:\/\/www.focolare.org\/wp-content\/uploads\/2012\/01\/20120129-06.jpg\" alt=\"\" width=\"240\" height=\"241\" \/><\/a><strong>O <a href=\"https:\/\/www.focolare.org\/pt\/focolare-worldwide\/africa\/repubblica-democratica-del-congo\/\">Congo\/RDC<\/a> encontra-se no centro da \u00c1frica. Conta 60 milh\u00f5es de habitantes num territ\u00f3rio cinco vezes maior que a Fran\u00e7a.<\/strong> \u00c9 um pa\u00eds potencialmente muito rico, mas na realidade muito pobre.<br \/> <strong>Ap\u00f3s uma ditadura que durou mais de 30 anos<\/strong>, com consequ\u00eancias negativas no plano econ\u00f4mico, social e pol\u00edtico, <strong>o pa\u00eds comemorou as segundas elei\u00e7\u00f5es democr\u00e1ticas<\/strong>.<br \/> <strong>Uma terra habitada por pessoas que recebem com alegria o an\u00fancio do Evangelho.<\/strong><\/p>\n<p>Conta Marisa, <a href=\"https:\/\/www.focolare.org\/pt\/movimento-dei-focolari\/scelte-e-impegno\/focolarini\/\" target=\"_blank\" rel=\"noopener\"><strong>focolarina<\/strong><\/a>: \u201cFui a uma prov\u00edncia muito distante, o \u00c9quateur. O bispo, amigo do <a href=\"https:\/\/www.focolare.org\/pt\/movimento-dei-focolari\/storia\/\" target=\"_blank\" rel=\"noopener\"><strong>Movimento dos Focolares<\/strong><\/a>, nos havia convidado v\u00e1rias vezes, porque j\u00e1 h\u00e1 30 anos ningu\u00e9m do focolare tinha podido voltar l\u00e1, por causa da dist\u00e2ncia. Ao chegar, em uma diocese vizinha onde pens\u00e1vamos que havia somente um pequeno grupo de dez pessoas, tive a surpresa: fui informada que h\u00e1 muitos anos existe uma comunidade do Movimento do outro lado do rio Congo.<\/p>\n<p><img alt=\"\" alt=\"\" loading=\"lazy\" decoding=\"async\" class=\"alignright size-full wp-image-53761\" style=\"margin-left: 10px\" src=\"https:\/\/www.focolare.org\/wp-content\/uploads\/2012\/01\/Ecuater.jpg\" alt=\"\" width=\"250\" height=\"168\" \/>Apesar das muitas vicissitudes da guerra e da sa\u00edda dos mission\u00e1rios, a comunidade manteve-se unida. Com alguns deles atravessamos o rio para ir encontr\u00e1-los. <strong>\u00c9 uma comunidade muito ativa, que re\u00fane-se semanalmente com grande fidelidade. Fazem muitas experi\u00eancias, <\/strong>como por exemplo, percorrer quil\u00f4metros a p\u00e9 para visitar um doente e cuidar dele; com outros moradores est\u00e3o organizados para cuidar das vi\u00favas e dos \u00f3rf\u00e3os. \u00c9 um testemunho que atrai e converte. Conhecem a hist\u00f3ria de <a href=\"https:\/\/www.focolare.org\/pt\/chiara-lubich\/chi-e-chiara\/\" target=\"_blank\" rel=\"noopener\"><strong>Chiara Lubich<\/strong><\/a>, que escutaram contar muito tempo atr\u00e1s e que continuam a transmitir oralmente. Alguns se recordam de modo vago como foi o nascimento do Movimento dos Focolares e quando descobrem que est\u00e1 difundido em todos os pontos da terra ficam encantados. L\u00e1, como em muitos outros lugares, <strong>experimenta-se que <a href=\"https:\/\/www.focolare.org\/pt\/chiara-lubich\/spiritualita-dellunita\/la-parola\/\" target=\"_blank\" rel=\"noopener\">a Palavra<\/a> vivida cria a comunidade, com convers\u00f5es radicais e fatos reais de perd\u00e3o e reconcilia\u00e7\u00e3o<\/strong>. Com o passar dos anos a comunidade cresceu e hoje\u00a0 h\u00e1 tamb\u00e9m v\u00e1rios<strong> <a href=\"https:\/\/www.focolare.org\/pt\/movimento-dei-focolari\/un-popolo\/giovani-per-un-mondo-unito\/\" target=\"_blank\" rel=\"noopener\">jovens<\/a><\/strong>. Nestes lugares \u00e9 dif\u00edcil manter-se em contato com frequ\u00eancia, porque n\u00e3o existe o telefone. Ent\u00e3o escrevemos e procuramos fazer com que as cartas cheguem por meio das pessoas que viajam, porque tamb\u00e9m o correio n\u00e3o existe\u201d.<\/p>\n<p><strong>Um pouco de hist\u00f3ria<\/strong>. <strong>O <a href=\"https:\/\/www.focolare.org\/pt\/chiara-lubich\/spiritualita-dellunita\/\" target=\"_blank\" rel=\"noopener\">ideal da unidade dos Focolares<\/a><\/strong>chegou ao Congo\/RDC na d\u00e9cada de 1960 e, apesar da extens\u00e3o do territ\u00f3rio, <strong>difundiu-se em quase todas as prov\u00edncias<\/strong> gra\u00e7as aos mission\u00e1rios e mission\u00e1rias, como o padre Quintard, no leste, padre Enrico Casali na Prov\u00edncia Oriental, irm\u00e3 Roseline em Kikwit, padre Giovanni Santolini em Kinshasa, padre Angelo Pozzi em Lubumbashi, padre Arthur Duvernay, da ordem dos Padres de Scheut da<strong> <a href=\"https:\/\/www.focolare.org\/pt\/focolare-worldwide\/europa\/belgio\/\" target=\"_blank\" rel=\"noopener\">B\u00e9lgica<\/a><\/strong>, e muitos outros. A partir dos anos 1970 os focolarinos e as focolarinas da <a href=\"https:\/\/www.focolare.org\/pt\/focolare-worldwide\/africa\/camerun\/\" target=\"_blank\" rel=\"noopener\"><strong>Rep\u00fablica dos Camar\u00f5es<\/strong><\/a> e da <a href=\"https:\/\/www.focolare.org\/pt\/focolare-worldwide\/europa\/italia\/\" target=\"_blank\" rel=\"noopener\"><strong>It\u00e1lia<\/strong><\/a> fizeram viagens frequentes, desenvolveram cursos de forma\u00e7\u00e3o, realizaram as <strong>Mari\u00e1polis<\/strong>, encontros para fam\u00edlias e congressos para os jovens.<br \/> <strong>Em 1991 abriu-se o primeiro focolare feminino, em Kinshasa, e em 2004 o masculino<\/strong>. Em 2011 foi inaugurado o focolare feminino em Lubumbashi, como ponto de irradia\u00e7\u00e3o do Movimento na prov\u00edncia de Katanga.<\/p>\n<p><img alt=\"\" alt=\"\" loading=\"lazy\" decoding=\"async\" class=\"alignleft size-full wp-image-53764\" style=\"margin-right: 10px\" src=\"https:\/\/www.focolare.org\/wp-content\/uploads\/2012\/01\/Congo_group_photo.jpg\" alt=\"\" width=\"288\" height=\"216\" \/><strong>Com a transfer\u00eancia de duas fam\u00edlias focolarinas<\/strong>, uma a <strong>Kikwit<\/strong>, na prov\u00edncia de Bandundu, e outra a <strong>Goma<\/strong>, para as prov\u00edncias do norte e sul Kivu, foi poss\u00edvel responder de forma mais adequada \u00e0 enorme necessidade de acompanhar a grande fam\u00edlia de Chiara nesta regi\u00e3o t\u00e3o vasta. Uma fam\u00edlia que, mesmo com grandes dificuldades, foi adiante sempre unida.<br \/> <strong>Hoje os membros do Movimento no Congo\/RDC promovem muitas iniciativas<\/strong>, tamb\u00e9m de cunho social, para ir ao encontro das extremas necessidades de alimenta\u00e7\u00e3o e educa\u00e7\u00e3o, principalmente das crian\u00e7as. Entre estas a obra social<strong> \u201cPetite Flamme\u201d<\/strong>, presente em v\u00e1rios pontos do territ\u00f3rio, e o Centro M\u00e9dico \u201cMoyi Mwa Ntongo\u201d, que na l\u00edngua local significa \u201cAlvorecer da manh\u00e3\u201d. Um grande programa, que exprime um pa\u00eds em caminho, aberto \u00e0 esperan\u00e7a!<\/p>\n","protected":false},"excerpt":{"rendered":"<p>Na nossa viagem dominical pelo mundo, chegamos ao centro da \u00c1frica. Uma breve apresenta\u00e7\u00e3o do Movimento dos Focolares na Rep\u00fablica Democr\u00e1tica do Congo.<\/p>\n","protected":false},"author":34,"featured_media":0,"comment_status":"open","ping_status":"open","sticky":false,"template":"","format":"standard","meta":{"give_campaign_id":0,"_seopress_robots_primary_cat":"","_seopress_titles_title":"","_seopress_titles_desc":"","_seopress_robots_index":"","_et_pb_use_builder":"","_et_pb_old_content":"","_et_gb_content_width":"","footnotes":""},"categories":[129],"tags":[],"class_list":["post-344062","post","type-post","status-publish","format-standard","hentry","category-sem-categoria"],"_links":{"self":[{"href":"https:\/\/www.focolare.org\/pt-pt\/wp-json\/wp\/v2\/posts\/344062","targetHints":{"allow":["GET"]}}],"collection":[{"href":"https:\/\/www.focolare.org\/pt-pt\/wp-json\/wp\/v2\/posts"}],"about":[{"href":"https:\/\/www.focolare.org\/pt-pt\/wp-json\/wp\/v2\/types\/post"}],"author":[{"embeddable":true,"href":"https:\/\/www.focolare.org\/pt-pt\/wp-json\/wp\/v2\/users\/34"}],"replies":[{"embeddable":true,"href":"https:\/\/www.focolare.org\/pt-pt\/wp-json\/wp\/v2\/comments?post=344062"}],"version-history":[{"count":0,"href":"https:\/\/www.focolare.org\/pt-pt\/wp-json\/wp\/v2\/posts\/344062\/revisions"}],"wp:attachment":[{"href":"https:\/\/www.focolare.org\/pt-pt\/wp-json\/wp\/v2\/media?parent=344062"}],"wp:term":[{"taxonomy":"category","embeddable":true,"href":"https:\/\/www.focolare.org\/pt-pt\/wp-json\/wp\/v2\/categories?post=344062"},{"taxonomy":"post_tag","embeddable":true,"href":"https:\/\/www.focolare.org\/pt-pt\/wp-json\/wp\/v2\/tags?post=344062"}],"curies":[{"name":"wp","href":"https:\/\/api.w.org\/{rel}","templated":true}]}}