{"id":344064,"date":"2012-01-30T12:55:15","date_gmt":"2012-01-30T11:55:15","guid":{"rendered":"https:\/\/www.focolare.org\/id_gen-facamos-a-diferenca\/"},"modified":"2024-06-06T12:15:45","modified_gmt":"2024-06-06T10:15:45","slug":"id_gen-facamos-a-diferenca","status":"publish","type":"post","link":"https:\/\/www.focolare.org\/pt-pt\/id_gen-facamos-a-diferenca\/","title":{"rendered":"ID_GEN \u2013 fa\u00e7amos a diferen\u00e7a"},"content":{"rendered":"<p><strong><img alt=\"\" alt=\"\" loading=\"lazy\" decoding=\"async\" class=\"alignleft size-full wp-image-53830\" style=\"margin-right: 10px\" src=\"https:\/\/www.focolare.org\/wp-content\/uploads\/2012\/01\/Port_IDGEN-08.jpg\" alt=\"\" width=\"200\" height=\"133\" \/>Queres saber o que marca a diferen\u00e7a na vida?<\/strong> Alicer\u00e7\u00e2-la na Palavra vivida. Esta poderia ser a sintese de um encontro nacional que reuniu 700 jovens, provenientes de todos os angulos de Portugal, no Centro Comunit\u00e1rio Sra da Boa Nova, um novo audit\u00f3rio, no Estoril, a poucos quilometros de Lisboa.  <strong><img alt=\"\" alt=\"\" loading=\"lazy\" decoding=\"async\" class=\"alignright size-full wp-image-53822\" style=\"margin-left: 10px\" src=\"https:\/\/www.focolare.org\/wp-content\/uploads\/2012\/01\/Port_IDGEN-02.jpg\" alt=\"\" width=\"200\" height=\"133\" \/>No dia anterior chegaram tamb\u00e9m das longinquas Ilhas dos A\u00e7ores e da Madeira.<\/strong> Aqueles que descem dos onibus provenientes da regi\u00e3o norte n\u00e3o podem esconder um semblante adormentado, devido \u00e0 viagem de 4-5 horas e portanto o fato de terem acordado cedo para n\u00e3o faltar ao encontro, mas quando \u00e0s 11 as portas do audit\u00f3rio s\u00e3o abertas, explode a vivacidade tipica desta terra: a sala imediatamente est\u00e1 compacta, atenta, participante.  Todos est\u00e3o &#8220;sincronizados&#8221;, como dizem as palavras da can\u00e7\u00e3o de abertura.  <img alt=\"\" alt=\"\" loading=\"lazy\" decoding=\"async\" class=\"alignleft size-full wp-image-53823\" style=\"margin-right: 10px\" src=\"https:\/\/www.focolare.org\/wp-content\/uploads\/2012\/01\/Port_IDGEN-03.jpg\" alt=\"\" width=\"200\" height=\"133\" \/> Quem os convidou e preparou o programa, denso de contribui\u00e7\u00f5es de todos os tipos, com can\u00e7\u00f5es, coreografias, testemunhos, reflex\u00f5es, trabalhou durante meses, e num periodo que aqui em Portugal representa o \u00e1pice da vida universit\u00e1ria, com exames sem tr\u00e9guas.  E&#8217; tamb\u00e9m porisso que uma sala com 700 jovens significa algo extraordin\u00e1rio.  Muitos dos presentes enfrentar\u00e3o nos proximos dias um exame e h\u00e1 quem o adiou, para estar aqui. <img alt=\"\" alt=\"\" loading=\"lazy\" decoding=\"async\" class=\"alignright size-full wp-image-53824\" style=\"margin-left: 10px\" src=\"https:\/\/www.focolare.org\/wp-content\/uploads\/2012\/01\/Port_IDGEN-04.jpg\" alt=\"\" width=\"200\" height=\"133\" \/>Sobre o palco, al\u00e9m do conjunto, uma frase de cinco grandes letras nos pain\u00e9is, acolhe os presentes: <strong>ID GEN.<\/strong> Na \u00e9poca dos sms e de twitter, s\u00e3o suficientes poucas letras para poder-se entender; as 5 citadas exprimem todo um programa, e n\u00e3o apenas o deste dia: identidade gen, ou seja, a vida, os ideais, as a\u00e7\u00f5es dos <strong><a href=\"https:\/\/www.focolare.org\/it\/movimento-dei-focolari\/scelte-e-impegno\/gen\/\"> gen<\/a><\/strong>, os jovens do Movimento dos Focolares que prepararam este dia.  <strong>Jo\u00e3o, Adrian, Tiago, Rita, Violeta, Antonio, Ana, Ricardo, Joana, Ines e Nuno<\/strong> contam o que significa viver o Evangelho nas v\u00e1rias situa\u00e7\u00f5es de suas vidas. H\u00e1 quem conseguiu ir al\u00e9m das injusti\u00e7as na universidade, quem procurou n\u00e3o se deixar arrastar pela competi\u00e7\u00e3o do mundo do trabalho, quem entendeu que a mudan\u00e7a dos relacionamentos come\u00e7a a partir da ren\u00fancia \u00e0s proprias comodidades. Efeitos do amor com in\u00fameras consequencias.  <strong><img alt=\"\" alt=\"\" loading=\"lazy\" decoding=\"async\" class=\"alignleft size-full wp-image-53825\" style=\"margin-right: 10px\" src=\"https:\/\/www.focolare.org\/wp-content\/uploads\/2012\/01\/Port_IDGEN-05.jpg\" alt=\"\" width=\"200\" height=\"133\" \/>Violeta narra como viveu um per\u00edodo de estudos em Barcelona<\/strong>, onde partilhou a experi\u00eancia com outras 18 jovens de v\u00e1rias nacionalidades. Uma delas prov\u00e9m do Egito e \u00e9 mu\u00e7ulmana. Nem sempre os seus costumes s\u00e3o entendidos pelos outros, mas para Violeta amar significa n\u00e3o somente respeitar esses costumes. \u201c<em>Isto era o minimo que eu podia fazer. Lembrei-me daquela frase do Evangelho que diz para fazer aos outros o que gostar\u00edamos que nos fizessem<\/em>\u201d, e assim n\u00e3o deixa s\u00f3 a sua amiga em algumas situa\u00e7\u00f5es nas quais os outros a deixam.  S\u00e3o gestos que n\u00e3o ficam isolados, mas que pouco a pouco envolvem um, dois, tr\u00eas e mais colegas.  Um mundo mais unido e fraterno passa tamb\u00e9m atrav\u00e9s destes fatos.  <strong>Fala-se de um amor pelo qual sujamos as m\u00e3os.<\/strong> Foi o que, literalmente, aconteceu com Tiago que, convidado por um sacerdote, fez um per\u00edodo de voluntariado para ajudar pessoas que vivem na rua. No come\u00e7o era dif\u00edcil apertar m\u00e3os mal-cheirosas, lavar os talheres que eles usavam, limpar os banheiros do centro onde aos poucos come\u00e7avam a tomar banho. Tamb\u00e9m aqui \u00e9 o Evangelho que vem ajudar. \u201c<em>Em verdade vos digo, todas as vezes que o fizerdes a um destes meus irm\u00e3os mais pequenos, foi a mim que o fizeste<\/em>\u201d. E n\u00e3o somente melhora, a olhos vistos, a situa\u00e7\u00e3o destas pessoas que reencontram a propria dignidade, mas tamb\u00e9m Tiago, ap\u00f3s cinco meses passados com eles, pode afirmar: \u201c<em>Eu podia olh\u00e1-los como &#8216;professores&#8217; que me ensinaram a amar, a alargar o cora\u00e7\u00e3o<\/em>\u201d.  <strong><img alt=\"\" alt=\"\" loading=\"lazy\" decoding=\"async\" class=\"alignright size-full wp-image-53826\" style=\"margin-left: 10px\" src=\"https:\/\/www.focolare.org\/wp-content\/uploads\/2012\/01\/Port_IDGEN-06.jpg\" alt=\"\" width=\"200\" height=\"133\" \/>Amar, mesmo quando a dor chega forte<\/strong>, como conta Ana Filipa na experi\u00eancia com dois irm\u00e3os acometidos pela distrofia muscular. Uma experi\u00eancia partilhada com os outros gen da cidade at\u00e9 a morte de um dos dois, confirma Ricardo que testemunha o quanto sejam verdadeiras as palavras com as quais <a href=\"https:\/\/www.focolare.org\/it\/chiara-lubich\/\"><strong>Chiara Lubich<\/strong><\/a>, em uma resposta dada em 2000, explica como \u201cmesmo a dor mais aguda, se abra\u00e7ada, deixa o amor no cora\u00e7\u00e3o\u201d.  <strong>E ent\u00e3o, tamb\u00e9m aquela que \u00e9 chamada \u201cgera\u00e7\u00e3o sem futuro\u201d<\/strong>, por deparar-se com a precariedade da vida de hoje, descobre que este amor maior cont\u00e9m uma sa\u00edda, que a meta de um mundo unido talvez seja distante para muitos, mas est\u00e1 ao alcance de quem ama. Podem pergunt\u00e1-lo a Joana, que desde pequena queria mudar o mundo e agora o faz vivendo evangelicamente no Parlamento da na\u00e7\u00e3o.  <img alt=\"\" alt=\"\" loading=\"lazy\" decoding=\"async\" class=\"alignleft size-full wp-image-53828\" style=\"margin-right: 10px\" src=\"https:\/\/www.focolare.org\/wp-content\/uploads\/2012\/01\/Port_IDGEN-07.jpg\" alt=\"\" width=\"200\" height=\"133\" \/>A presidente do movimento dos Focolares, <a href=\"https:\/\/www.focolare.org\/it\/news\/2011\/01\/20\/maria-voce\/\"><strong>Maria Voce<\/strong><\/a>, n\u00e3o quis faltar ao encontro e gravou uma mensagem v\u00eddeo para os jovens presentes. \u201c<em>Hoje voc\u00eas ouviram falar de um sonho, de um grande sonho <\/em>\u2013 disse a presidente \u2013: <em>o mundo unido. E lhes apresentaram um caminho para realiz\u00e1-lo, um estilo de vida, baseado numa revolu\u00e7\u00e3o, a revolu\u00e7\u00e3o do amor evang\u00e9lico. [\u2026]. E p\u00f4de-se esclarecer qual \u00e9 o caminho a ser percorrido, um caminho que podemos tomar com coragem, sem hesita\u00e7\u00e3o <\/em>\u201d. Se \u201c<em>o sonho \u00e9 grande, o caminho n\u00e3o \u00e9 facil e nem mesmo isento de obst\u00e1culos, mas \u00e9 sempre \u201centusiasmante\u201d, garante Maria Voce e \u201c<em>garante uma felicidade que nenhuma outra experi\u00eancia humana, por mais bonita, rica, grandiosa seja, pode equiparar<\/em>\u201d. E&#8217; sempre uma revolu\u00e7\u00e3o, que tem a \u201cgarantia de successo, porque n\u00e3o se alicer\u00e7a em n\u00f3s, mas sim na Palavra de Deus\u201d. E&#8217; isto que marca a diferen\u00e7a na vida de um gen, de um jovem. E non s\u00f3! A jornada \u00e9 encerrada com um <strong>telefonema<\/strong> dos jovens com Maria Voce que estava coligada durante o programa via internet. A presidente marca um encontro com todos os presentes: o <a href=\"http:\/\/www.genfest.org\" target=\"_blank\" rel=\"noopener\"><strong>Genfest<\/strong><\/a> em Budapeste, de 30 de agosto a 2 de setembro pr\u00f3ximos.<\/em>  <em> <\/em>  <em> <\/em>  <em> <\/em>  <em> <\/em>  <em> <\/em>  <em> <\/em>  <em> <\/em>  <em> <\/p>\n<h2>por Aurora Nicosia<\/h2>\n<p> [nggallery id=84]  <\/em>  <em> <\/em>  <em> <\/em>  <em> <\/em>  <em> <\/em>  <em> <\/em>  <em> <\/em>  <em> <\/em><\/p>\n","protected":false},"excerpt":{"rendered":"<p>O segredo para ser realizados, protagonistas do presente, construtores do futuro. Em Portugal, 700 jovens, de todo o pa\u00eds, para um dia com a marca da Palavra vivida.<\/p>\n","protected":false},"author":34,"featured_media":0,"comment_status":"open","ping_status":"open","sticky":false,"template":"","format":"standard","meta":{"give_campaign_id":0,"_seopress_robots_primary_cat":"","_seopress_titles_title":"","_seopress_titles_desc":"","_seopress_robots_index":"","_et_pb_use_builder":"","_et_pb_old_content":"","_et_gb_content_width":"","footnotes":""},"categories":[909],"tags":[],"class_list":["post-344064","post","type-post","status-publish","format-standard","hentry","category-focolare-worldwide-2-4"],"_links":{"self":[{"href":"https:\/\/www.focolare.org\/pt-pt\/wp-json\/wp\/v2\/posts\/344064","targetHints":{"allow":["GET"]}}],"collection":[{"href":"https:\/\/www.focolare.org\/pt-pt\/wp-json\/wp\/v2\/posts"}],"about":[{"href":"https:\/\/www.focolare.org\/pt-pt\/wp-json\/wp\/v2\/types\/post"}],"author":[{"embeddable":true,"href":"https:\/\/www.focolare.org\/pt-pt\/wp-json\/wp\/v2\/users\/34"}],"replies":[{"embeddable":true,"href":"https:\/\/www.focolare.org\/pt-pt\/wp-json\/wp\/v2\/comments?post=344064"}],"version-history":[{"count":0,"href":"https:\/\/www.focolare.org\/pt-pt\/wp-json\/wp\/v2\/posts\/344064\/revisions"}],"wp:attachment":[{"href":"https:\/\/www.focolare.org\/pt-pt\/wp-json\/wp\/v2\/media?parent=344064"}],"wp:term":[{"taxonomy":"category","embeddable":true,"href":"https:\/\/www.focolare.org\/pt-pt\/wp-json\/wp\/v2\/categories?post=344064"},{"taxonomy":"post_tag","embeddable":true,"href":"https:\/\/www.focolare.org\/pt-pt\/wp-json\/wp\/v2\/tags?post=344064"}],"curies":[{"name":"wp","href":"https:\/\/api.w.org\/{rel}","templated":true}]}}