{"id":344068,"date":"2012-01-31T09:03:15","date_gmt":"2012-01-31T08:03:15","guid":{"rendered":"https:\/\/www.focolare.org\/encontrado-o-corpo-de-uma-mulher-que-corresponde-ao-de-marisa\/"},"modified":"2024-06-06T12:15:45","modified_gmt":"2024-06-06T10:15:45","slug":"encontrado-o-corpo-de-uma-mulher-que-corresponde-ao-de-marisa","status":"publish","type":"post","link":"https:\/\/www.focolare.org\/pt-pt\/encontrado-o-corpo-de-uma-mulher-que-corresponde-ao-de-marisa\/","title":{"rendered":"Encontrado o corpo de uma mulher que corresponde ao de Marisa"},"content":{"rendered":"<p><em><img alt=\"\" alt=\"\" loading=\"lazy\" decoding=\"async\" class=\"alignleft size-full wp-image-53884\" style=\"border: 0pt none;margin: 10px\" src=\"https:\/\/www.focolare.org\/wp-content\/uploads\/2012\/01\/20120130-06.jpg\" alt=\"\" width=\"210\" height=\"128\" \/><\/em><\/p>\n<p>Os fatos do dia 30 de janeiro fazem temer que <strong>Marisa Ba\u00f9<\/strong> n\u00e3o tenha sido vista nem em Como nem em Locarno (It\u00e1lia) como as <a href=\"https:\/\/www.focolare.org\/area-press-focus\/pt\/\">\u00faltimas not\u00edcias<\/a> nos tinham feito esperar.<\/p>\n<p>Com efeito, nessa tarde a pol\u00edcia su\u00ed\u00e7a informou aos respons\u00e1veis do Centro de Montet, que por sua vez avisaram a fam\u00edlia, que encontrou o corpo de uma mulher totalmente compat\u00edvel com aquele de Marisa Ba\u00f9, dentro de um pavilh\u00e3o agr\u00edcola, situado perto de uma localidade de Cugy, que fica a um quil\u00f4metro e meio do Centro. Ser\u00e1 preciso esclarecer ainda a causa da morte e se aguarda o reconhecimento oficial.<\/p>\n<p>As circunst\u00e2ncias da morte ser\u00e3o esclarecidas pelos exames m\u00e9dico-legais no hospital cantonal de Friburgo, para onde os despojos foram transportados.<\/p>\n","protected":false},"excerpt":{"rendered":"<p>Em Cugy, a um quil\u00f4metro e meio do Centro. Devem ser esclarecidas as causas da morte e se aguarda o reconhecimento oficial.<\/p>\n","protected":false},"author":34,"featured_media":0,"comment_status":"open","ping_status":"open","sticky":false,"template":"","format":"standard","meta":{"give_campaign_id":0,"_seopress_robots_primary_cat":"","_seopress_titles_title":"","_seopress_titles_desc":"","_seopress_robots_index":"","_et_pb_use_builder":"","_et_pb_old_content":"","_et_gb_content_width":"","footnotes":""},"categories":[910],"tags":[],"class_list":["post-344068","post","type-post","status-publish","format-standard","hentry","category-senza-categoria-2-4"],"_links":{"self":[{"href":"https:\/\/www.focolare.org\/pt-pt\/wp-json\/wp\/v2\/posts\/344068","targetHints":{"allow":["GET"]}}],"collection":[{"href":"https:\/\/www.focolare.org\/pt-pt\/wp-json\/wp\/v2\/posts"}],"about":[{"href":"https:\/\/www.focolare.org\/pt-pt\/wp-json\/wp\/v2\/types\/post"}],"author":[{"embeddable":true,"href":"https:\/\/www.focolare.org\/pt-pt\/wp-json\/wp\/v2\/users\/34"}],"replies":[{"embeddable":true,"href":"https:\/\/www.focolare.org\/pt-pt\/wp-json\/wp\/v2\/comments?post=344068"}],"version-history":[{"count":0,"href":"https:\/\/www.focolare.org\/pt-pt\/wp-json\/wp\/v2\/posts\/344068\/revisions"}],"wp:attachment":[{"href":"https:\/\/www.focolare.org\/pt-pt\/wp-json\/wp\/v2\/media?parent=344068"}],"wp:term":[{"taxonomy":"category","embeddable":true,"href":"https:\/\/www.focolare.org\/pt-pt\/wp-json\/wp\/v2\/categories?post=344068"},{"taxonomy":"post_tag","embeddable":true,"href":"https:\/\/www.focolare.org\/pt-pt\/wp-json\/wp\/v2\/tags?post=344068"}],"curies":[{"name":"wp","href":"https:\/\/api.w.org\/{rel}","templated":true}]}}