{"id":344078,"date":"2012-02-01T16:31:14","date_gmt":"2012-02-01T15:31:14","guid":{"rendered":"https:\/\/www.focolare.org\/policia-helvetica-afirma-que-o-corpo-encontrado-e-aquele-de-marisa-bau\/"},"modified":"2024-06-06T12:15:47","modified_gmt":"2024-06-06T10:15:47","slug":"policia-helvetica-afirma-que-o-corpo-encontrado-e-aquele-de-marisa-bau","status":"publish","type":"post","link":"https:\/\/www.focolare.org\/pt-pt\/policia-helvetica-afirma-que-o-corpo-encontrado-e-aquele-de-marisa-bau\/","title":{"rendered":"Pol\u00edcia helv\u00e9tica afirma que o corpo encontrado \u00e9 aquele de Marisa Ba\u00f9"},"content":{"rendered":"<p><img alt=\"\" alt=\"\" loading=\"lazy\" decoding=\"async\" class=\"alignleft size-full wp-image-54134\" style=\"margin-right: 10px\" src=\"https:\/\/www.focolare.org\/wp-content\/uploads\/2012\/02\/Marisa_4-210x128.jpg\" alt=\"\" width=\"210\" height=\"128\" \/><strong>Falta ainda o reconhecimento oficial, mas a pol\u00edcia helv\u00e9tica tem certeza de que o corpo encontrado h\u00e1 dois dias em Cugy \u00e9 aquele de Marisa Ba\u00f9. <\/strong>Isso foi confirmado numa reuni\u00e3o do promotor\u00a0 encarregado do caso com os familiares de Marisa e os respons\u00e1veis do Centro de Montet.  <strong>Marisa Ba\u00f9 desapareceu do Centro do Movimento dos Focolares em Montet (Broye), na Su\u00ed\u00e7a, no dia 20 de dezembro de 2011.<\/strong> As buscas feitas desde ent\u00e3o n\u00e3o tinham levado a nenhum ind\u00edcio (<a href=\"https:\/\/www.focolare.org\/area-press-focus\/pt\/news\/2011\/12\/30\/scomparsa-di-marisa-bau-focolarina-a-montet-broye-svizzera\/\" target=\"_blank\" rel=\"noopener\"><strong>veja info<\/strong><\/a>). Segunda-feira, 30 de janeiro, a pol\u00edcia informou que encontrou o corpo de uma mulher num barrac\u00e3o agr\u00edcola, nas proximidades da localidade de Cugy, num espa\u00e7o utilizado para conservar os rolos de feno.  Um agricultor, que cuida da fazenda, disse que passa frequentemente por ali, mas somente quando teve que afastar parte do feno \u00e9 que percebeu a presen\u00e7a do corpo.  <strong>A pol\u00edcia, com os familiares, avaliaram a oportunidade de fazer uma investiga\u00e7\u00e3o mais aprofundada, para verificar as causas da morte.<\/strong> Agora ser\u00e1 feita a aut\u00f3psia e os exames necess\u00e1rios, que talvez se prolonguem por algumas semanas. As investiga\u00e7\u00f5es ser\u00e3o conclu\u00eddas se os resultados exclu\u00edrem um envolvimento externo.<\/p>\n","protected":false},"excerpt":{"rendered":"<p>Isso foi confirmado numa reuni\u00e3o do promotor  encarregado do caso com os familiares de Marisa e os respons\u00e1veis do Centro de Montet.<\/p>\n","protected":false},"author":34,"featured_media":0,"comment_status":"open","ping_status":"open","sticky":false,"template":"","format":"standard","meta":{"give_campaign_id":0,"_seopress_robots_primary_cat":"","_seopress_titles_title":"","_seopress_titles_desc":"","_seopress_robots_index":"","_et_pb_use_builder":"","_et_pb_old_content":"","_et_gb_content_width":"","footnotes":""},"categories":[910],"tags":[],"class_list":["post-344078","post","type-post","status-publish","format-standard","hentry","category-senza-categoria-2-4"],"_links":{"self":[{"href":"https:\/\/www.focolare.org\/pt-pt\/wp-json\/wp\/v2\/posts\/344078","targetHints":{"allow":["GET"]}}],"collection":[{"href":"https:\/\/www.focolare.org\/pt-pt\/wp-json\/wp\/v2\/posts"}],"about":[{"href":"https:\/\/www.focolare.org\/pt-pt\/wp-json\/wp\/v2\/types\/post"}],"author":[{"embeddable":true,"href":"https:\/\/www.focolare.org\/pt-pt\/wp-json\/wp\/v2\/users\/34"}],"replies":[{"embeddable":true,"href":"https:\/\/www.focolare.org\/pt-pt\/wp-json\/wp\/v2\/comments?post=344078"}],"version-history":[{"count":0,"href":"https:\/\/www.focolare.org\/pt-pt\/wp-json\/wp\/v2\/posts\/344078\/revisions"}],"wp:attachment":[{"href":"https:\/\/www.focolare.org\/pt-pt\/wp-json\/wp\/v2\/media?parent=344078"}],"wp:term":[{"taxonomy":"category","embeddable":true,"href":"https:\/\/www.focolare.org\/pt-pt\/wp-json\/wp\/v2\/categories?post=344078"},{"taxonomy":"post_tag","embeddable":true,"href":"https:\/\/www.focolare.org\/pt-pt\/wp-json\/wp\/v2\/tags?post=344078"}],"curies":[{"name":"wp","href":"https:\/\/api.w.org\/{rel}","templated":true}]}}