{"id":344082,"date":"2012-02-02T10:22:06","date_gmt":"2012-02-02T09:22:06","guid":{"rendered":"https:\/\/www.focolare.org\/marisa-nos-deixou\/"},"modified":"2024-06-06T12:15:47","modified_gmt":"2024-06-06T10:15:47","slug":"marisa-nos-deixou","status":"publish","type":"post","link":"https:\/\/www.focolare.org\/pt-pt\/marisa-nos-deixou\/","title":{"rendered":"Marisa nos deixou"},"content":{"rendered":"<p><img alt=\"\" alt=\"\" loading=\"lazy\" decoding=\"async\" class=\"alignleft size-full wp-image-53985\" style=\"margin-right: 10px;border: 0pt none\" src=\"https:\/\/www.focolare.org\/wp-content\/uploads\/2012\/01\/MarisaBau_2.jpg\" alt=\"\" width=\"178\" height=\"152\" \/><strong>Nestes momentos de dor e desalento, queremos assegurar a nossa mais firme proximidade aos familiares<\/strong> e a todos aqueles que experimentaram nestes anos a amizade de Marisa e a calorosa acolhida que ela sempre reservou a todos.  <strong>Marisa Ba\u00f9, nasceu em 12 de maio de 1963<\/strong>, em Asiago (Vicenza\/It\u00e1lia), pen\u00faltima de oito irm\u00e3os, perdeu a m\u00e3e aos 15 anos e fez de tudo para cuidar dos irm\u00e3os que ainda estavam em casa. Trabalhadora e criativa, ap\u00f3s dois anos de trabalho na f\u00e1brica, come\u00e7ou, junto com duas colegas, um pequeno laborat\u00f3rio de confec\u00e7\u00f5es.  Conheceu a <strong><a href=\"https:\/\/www.focolare.org\/pt\/chiara-lubich\/spiritualita-dellunita\/\">espiritualidade<\/a> do <a href=\"https:\/\/www.focolare.org\/pt\/movimento-dei-focolari\/\">Movimento dos Focolares<\/a><\/strong> em 1980, aderindo com prontid\u00e3o e generosidade. Sentiu a voca\u00e7\u00e3o a se consagrar a Deus como <a href=\"https:\/\/www.focolare.org\/pt\/movimento-dei-focolari\/scelte-e-impegno\/focolarini\/\" target=\"_blank\" rel=\"noopener\"><strong>focolarina<\/strong><\/a>, deixou sua fam\u00edlia em 1991 para entrar primeiro no focolare de P\u00e1dua, onde concluiu os estudos de contabilidade, e, em 1992, foi para a Mari\u00e1polis internacional de <a href=\"http:\/\/www.loppiano.it\" target=\"_blank\" rel=\"noopener\"><strong>Loppiano<\/strong><\/a> (Floren\u00e7a\/It\u00e1lia), mantendo sempre um estreito v\u00ednculo com todos os familiares.  Depois do per\u00edodo de forma\u00e7\u00e3o Marisa foi ao <a href=\"http:\/\/www.focolari-montet.ch\/\" target=\"_blank\" rel=\"noopener\"><strong>Centro de Montet<\/strong><\/a> (Broye), na <strong>Su\u00ed\u00e7a<\/strong>, onde trabalhou no ateli\u00ea de confec\u00e7\u00f5es para crian\u00e7as, do qual se tornou respons\u00e1vel do setor de produ\u00e7\u00e3o em 1994. Em 1998, pelos seus dotes humanos e espirituais, assumiu o encargo como formadora no Centro.  De personalidade criativa e tenaz, Marisa era estimada por todos pela qualidade dos seus relacionamentos, o seu sentido de responsabilidade e o seu altru\u00edmo.  Marisa nesses anos conheceu e amou muitas pessoas, como demonstra a chuva de mensagem que chegaram do mundo inteiro nas redes sociais: \u201c<em>Tamb\u00e9m ela se foi, que amou tanto os outros e continuar\u00e1 a faz\u00ea-lo l\u00e1 do C\u00e9u!<\/em>\u201d; \u201c<em>Grande tristeza&#8230; s\u00f3 nos resta rezar por ela e pela sua fam\u00edlia e por todos de Montet\u2026 Eu conheci Marisa e fica gravado em mim o seu sorriso!<\/em>\u201d; \u201c<em>Marisa \u00e9 muito especial para mim. Faz parte da minha hist\u00f3ria!<\/em>\u201d  <strong>A m\u00e3e de uma focolarina escreveu<\/strong>: \u201c<em>Segui com trepida\u00e7\u00e3o toda a hist\u00f3ria, identificando-me com a fam\u00edlia de Marisa\u2026N\u00e3o vou deixar de rezar por ela e por todas as focolarinas do mundo<\/em>\u201d. E uma pessoa que trabalhou com ela: \u201c<em>Estou ao lado de voc\u00eas neste momento de dor, rezo especialmente pela fam\u00edlia, estou a seu lado. Eu trabalhei por tr\u00eas anos com ela em Montet e agrade\u00e7o a Deus por cada minuto que passamos juntos<\/em>\u201d.  Queremos record\u00e1-la como \u00ab<em>u<\/em><em>ma pessoa maravilhosa<\/em> \u2013 s\u00e3o as palavras de Marith\u00e9 Vuigner, correspons\u00e1vel do Centro de Montet \u2013, <em>sempre pronta a acolher os outros. Uma pessoa com quem contar sempre, agrad\u00e1vel e fina. Muito ligada \u00e0 sua linda e numerosa fam\u00edlia\u00bb.<\/em>  <em> <\/em>  <strong>Para maiores informa\u00e7\u00f5es <\/strong><a href=\"https:\/\/www.focolare.org\/area-press-focus\/pt\/news\/2012\/02\/01\/marisa-bau-1963-2011\/\" target=\"_blank\" rel=\"noopener\">https:\/\/www.focolare.org\/area-press-focus\/pt\/news\/2012\/02\/01\/marisa-bau-1963-2011\/<\/a><\/p>\n","protected":false},"excerpt":{"rendered":"<p>O Movimento dos Focolares exprime a sua profunda consterna\u00e7\u00e3o pela morte de Marisa Ba\u00f9.<\/p>\n","protected":false},"author":34,"featured_media":0,"comment_status":"open","ping_status":"open","sticky":false,"template":"","format":"standard","meta":{"give_campaign_id":0,"_seopress_robots_primary_cat":"","_seopress_titles_title":"","_seopress_titles_desc":"","_seopress_robots_index":"","_et_pb_use_builder":"","_et_pb_old_content":"","_et_gb_content_width":"","footnotes":""},"categories":[129],"tags":[],"class_list":["post-344082","post","type-post","status-publish","format-standard","hentry","category-sem-categoria"],"_links":{"self":[{"href":"https:\/\/www.focolare.org\/pt-pt\/wp-json\/wp\/v2\/posts\/344082","targetHints":{"allow":["GET"]}}],"collection":[{"href":"https:\/\/www.focolare.org\/pt-pt\/wp-json\/wp\/v2\/posts"}],"about":[{"href":"https:\/\/www.focolare.org\/pt-pt\/wp-json\/wp\/v2\/types\/post"}],"author":[{"embeddable":true,"href":"https:\/\/www.focolare.org\/pt-pt\/wp-json\/wp\/v2\/users\/34"}],"replies":[{"embeddable":true,"href":"https:\/\/www.focolare.org\/pt-pt\/wp-json\/wp\/v2\/comments?post=344082"}],"version-history":[{"count":0,"href":"https:\/\/www.focolare.org\/pt-pt\/wp-json\/wp\/v2\/posts\/344082\/revisions"}],"wp:attachment":[{"href":"https:\/\/www.focolare.org\/pt-pt\/wp-json\/wp\/v2\/media?parent=344082"}],"wp:term":[{"taxonomy":"category","embeddable":true,"href":"https:\/\/www.focolare.org\/pt-pt\/wp-json\/wp\/v2\/categories?post=344082"},{"taxonomy":"post_tag","embeddable":true,"href":"https:\/\/www.focolare.org\/pt-pt\/wp-json\/wp\/v2\/tags?post=344082"}],"curies":[{"name":"wp","href":"https:\/\/api.w.org\/{rel}","templated":true}]}}