{"id":344166,"date":"2012-02-15T15:48:59","date_gmt":"2012-02-15T14:48:59","guid":{"rendered":"https:\/\/www.focolare.org\/a-economia-de-comunhao-na-onu\/"},"modified":"2024-06-06T12:16:04","modified_gmt":"2024-06-06T10:16:04","slug":"a-economia-de-comunhao-na-onu","status":"publish","type":"post","link":"https:\/\/www.focolare.org\/pt-pt\/a-economia-de-comunhao-na-onu\/","title":{"rendered":"A Economia de Comunh\u00e3o na ONU"},"content":{"rendered":"<p><strong><img alt=\"\" alt=\"\" loading=\"lazy\" decoding=\"async\" class=\"alignleft  wp-image-55498\" style=\"margin-right: 10px\" src=\"https:\/\/www.focolare.org\/wp-content\/uploads\/2012\/02\/120203_new_york_onu01_rid.jpg\" alt=\"\" width=\"250\" height=\"167\" \/>Luta contra a pobreza e <a href=\"http:\/\/www.edc-online.org\/br.html\" target=\"_blank\" rel=\"noopener\">Economia de Comunh\u00e3o<\/a><\/strong>. Um bin\u00f4mio apresentado sob v\u00e1rios \u00e2ngulos no evento do dia 3 de fevereiro, na sede da <a href=\"http:\/\/www.un.org\/\" target=\"_blank\" rel=\"noopener\"><strong>ONU<\/strong><\/a>. Um momento esperado, para o qual foi reservada uma sala de reuni\u00f5es espa\u00e7osa e equipada com duas telas para proje\u00e7\u00f5es.<\/p>\n<p><strong>Estavam presentes relatores internacionais,<\/strong> como \u00e9 natural neste contexto: Burundi, Brasil, Filipinas e alguns estados dos Estados Unidos (Boston, Indianapolis e Nova Iorque). Cerca de 50 pessoas entre as quais representantes de ONGs e delegados da ONU em v\u00e1rios pa\u00edses da \u00c1frica, Europa, Cara\u00edbas e Am\u00e9rica do Norte.<\/p>\n<p>O evento foi organizado por <a href=\"http:\/\/www.new-humanity.org\/uk\/_about.htm\" target=\"_blank\" rel=\"noopener\"><strong>New Humanity<\/strong><\/a> (ONG do Movimento dos Focolares, reconhecida no <a href=\"http:\/\/www.un.org\/en\/ecosoc\/\" target=\"_blank\" rel=\"noopener\"><strong>Conselho Econ\u00f4mico e Social UNO \u2013 ECOSOC<\/strong><\/a>, com o Status Consultivo Geral) e pela Miss\u00e3o do Observador Permanente da Santa S\u00e9 na ONU. Na sua introdu\u00e7\u00e3o, referindo-se \u00e0 enc\u00edclica <a href=\"http:\/\/www.vatican.va\/holy_father\/benedict_xvi\/encyclicals\/documents\/hf_ben-xvi_enc_20090629_caritas-in-veritate_po.html\" target=\"_blank\" rel=\"noopener\"><em><strong>Caritas in Veritate<\/strong><\/em><\/a>, o n\u00fancio apost\u00f3lico, <strong>D. Chullikatt<\/strong>, salientou a import\u00e2ncia da promo\u00e7\u00e3o integral do homem, na atualidade.<img alt=\"\" alt=\"\" loading=\"lazy\" decoding=\"async\" class=\"alignright size-slide wp-image-55499\" style=\"border: 0pt none;margin: 5px\" src=\"https:\/\/www.focolare.org\/wp-content\/uploads\/2012\/02\/20120215-02-196x202.jpg\" alt=\"\" width=\"196\" height=\"202\" \/><\/p>\n<p><strong>A Economia de Comunh\u00e3o pode oferecer elementos inovadores no atual contexto de crise econ\u00f4mica<\/strong>, evidenciou John Mundell, presidente da Mundell &amp; Associates e membro da Comiss\u00e3o EdC\/USA em seu discurso. Juntamente com Elizabeth Garlow, de Boston, apresentaram o <strong>estilo que caracteriza a gest\u00e3o de uma empresa EdC<\/strong> e alguns depoimentos de empresas que aderem ao projeto, em v\u00e1rias partes do mundo. De modo especial emergiu a rede de rela\u00e7\u00f5es virtuosas tecida entre as v\u00e1rias empresas.<\/p>\n<p><strong>Futuro e ra\u00edzes. <\/strong>Foram exatamente alguns dos jovens presentes &#8211; Cl\u00e1udia Herrero Martins Menegassi e John Paul Dominic Flores Yumul, provenientes respectivamente do Brasil e das Filipinas \u2013 que focalizaram o contexto no qual a EdC nasceu: Brasil, 1991, uma inspira\u00e7\u00e3o de Chiara Lubich. Sublinharam a necessidade de desenvolver a<strong> \u201ccultura da partilha\u201d<\/strong>, em contraposi\u00e7\u00e3o \u00e0 cultura do \u201cpossuir\u201d, e a <strong>fun\u00e7\u00e3o ativa de quem \u00e9 necessitado, t\u00edpica do projeto<\/strong>. Foi este o ponto principal da <a href=\"http:\/\/social.un.org\/index\/CommissionforSocialDevelopment\/Sessions\/2012.aspx\" target=\"_blank\" rel=\"noopener\"><strong>50\u00aa sess\u00e3o da Comiss\u00e3o para o Desenvolvimento Social<\/strong><\/a>, com foco na erradica\u00e7\u00e3o da pobreza, da qual a apresenta\u00e7\u00e3o da EdC constituiu um evento paralelo.<\/p>\n<p>Alexis Nsabimana, jovem burundiano, falou sobre a experi\u00eancia que se est\u00e1 fazendo em muitos pontos da \u00c1frica, onde a EdC encontra um terreno f\u00e9rtil pelos fortes valores comunit\u00e1rios pr\u00f3prios deste continente. Significativa a leitura da <a href=\"http:\/\/www.edc-online.org\/br\/component\/content\/article\/1656-messaggio-dei-giovani-qda-san-paolo-al-mondoq.html\" target=\"_blank\" rel=\"noopener\"><strong>\u201cMensagem dos Jovens de S\u00e3o Paulo ao mundo\u201d<\/strong><\/a>, apresentada por ocasi\u00e3o dos 20 anos da EdC, no Brasil, em maio de 2011.<img alt=\"\" alt=\"\" loading=\"lazy\" decoding=\"async\" class=\"alignleft size-full wp-image-55509\" style=\"margin-right: 10px\" src=\"https:\/\/www.focolare.org\/wp-content\/uploads\/2012\/02\/20120215-04.jpg\" alt=\"\" width=\"250\" height=\"167\" \/> Essa mensagem, juntamente com a experi\u00eancia da Economia de Comunh\u00e3o sobre como \u201c<strong>Erradicar a pobreza atrav\u00e9s da fraternidade\u201d<\/strong>, e algumas propostas sobre a tributa\u00e7\u00e3o das transa\u00e7\u00f5es financeiras, encontram-se no documento preparat\u00f3rio, dispon\u00edvel no site da ONU, em v\u00e1rias l\u00ednguas.<\/p>\n<p>Hugh Timothy Duggan, consultor da representa\u00e7\u00e3o dos Estados Unidos na ONU, pediu a ades\u00e3o da EDC ao programa das Na\u00e7\u00f5es Unidas<strong> \u201cGlobal compact\u201d<\/strong> (com os seus 8.700 aderentes, de 130 na\u00e7\u00f5es, \u00e9 a maior iniciativa de car\u00e1ter volunt\u00e1rio relativa \u00e0 responsabilidade social das empresas). O di\u00e1logo conclusivo demonstrou a ades\u00e3o positiva de todos os participantes. <strong><\/strong><\/p>\n<p><strong>Fonte: <a href=\"http:\/\/www.edc-online.org\/\" target=\"_blank\" rel=\"noopener\">EdC online<\/a><\/strong><\/p>\n","protected":false},"excerpt":{"rendered":"<p>No dia 3 de fevereiro, durante a Confer\u00eancia das Na\u00e7\u00f5es Unidas sobre a erradica\u00e7\u00e3o da pobreza, a apresenta\u00e7\u00e3o do projeto da Economia de Comunh\u00e3o foi acolhida com interesse.<\/p>\n","protected":false},"author":34,"featured_media":0,"comment_status":"open","ping_status":"open","sticky":false,"template":"","format":"standard","meta":{"give_campaign_id":0,"_seopress_robots_primary_cat":"","_seopress_titles_title":"","_seopress_titles_desc":"","_seopress_robots_index":"","_et_pb_use_builder":"","_et_pb_old_content":"","_et_gb_content_width":"","footnotes":""},"categories":[909],"tags":[],"class_list":["post-344166","post","type-post","status-publish","format-standard","hentry","category-focolare-worldwide-2-4"],"_links":{"self":[{"href":"https:\/\/www.focolare.org\/pt-pt\/wp-json\/wp\/v2\/posts\/344166","targetHints":{"allow":["GET"]}}],"collection":[{"href":"https:\/\/www.focolare.org\/pt-pt\/wp-json\/wp\/v2\/posts"}],"about":[{"href":"https:\/\/www.focolare.org\/pt-pt\/wp-json\/wp\/v2\/types\/post"}],"author":[{"embeddable":true,"href":"https:\/\/www.focolare.org\/pt-pt\/wp-json\/wp\/v2\/users\/34"}],"replies":[{"embeddable":true,"href":"https:\/\/www.focolare.org\/pt-pt\/wp-json\/wp\/v2\/comments?post=344166"}],"version-history":[{"count":0,"href":"https:\/\/www.focolare.org\/pt-pt\/wp-json\/wp\/v2\/posts\/344166\/revisions"}],"wp:attachment":[{"href":"https:\/\/www.focolare.org\/pt-pt\/wp-json\/wp\/v2\/media?parent=344166"}],"wp:term":[{"taxonomy":"category","embeddable":true,"href":"https:\/\/www.focolare.org\/pt-pt\/wp-json\/wp\/v2\/categories?post=344166"},{"taxonomy":"post_tag","embeddable":true,"href":"https:\/\/www.focolare.org\/pt-pt\/wp-json\/wp\/v2\/tags?post=344166"}],"curies":[{"name":"wp","href":"https:\/\/api.w.org\/{rel}","templated":true}]}}