{"id":344524,"date":"2012-02-21T07:49:02","date_gmt":"2012-02-21T06:49:02","guid":{"rendered":"https:\/\/www.focolare.org\/recebemos-uma-luz-que-nos-faz-enxergar-e-ir-alem-de-nos-mesmos\/"},"modified":"2024-06-06T12:17:11","modified_gmt":"2024-06-06T10:17:11","slug":"recebemos-uma-luz-que-nos-faz-enxergar-e-ir-alem-de-nos-mesmos","status":"publish","type":"post","link":"https:\/\/www.focolare.org\/pt-pt\/recebemos-uma-luz-que-nos-faz-enxergar-e-ir-alem-de-nos-mesmos\/","title":{"rendered":"Recebemos uma luz que nos faz enxergar e ir al\u00e9m de n\u00f3s mesmos"},"content":{"rendered":"<p><strong><img alt=\"\" alt=\"\" loading=\"lazy\" decoding=\"async\" class=\"alignleft size-full wp-image-56513\" style=\"border: 0pt none;margin: 10px\" src=\"https:\/\/www.focolare.org\/wp-content\/uploads\/2012\/02\/20120222-Brasile01.jpg\" alt=\"\" width=\"250\" height=\"192\" \/>Gislane<\/strong>: Bom dia! Sou Gislaine, Luciano meu esposo, somos casados h\u00e1 10 anos e temos 3 filhos. Somos de Cuiab\u00e1, mas moramos em Bras\u00edlia desde que nos casamos. Tivemos a Lais depois de quatro anos de casados e ela hoje est\u00e1 com cinco anos. Quando fiquei gr\u00e1vida pela segunda vez tivemos uma surpresa, na primeira ecografia a m\u00e9dica me disse que era uma gravidez gemelar (de g\u00eameos). Como n\u00e3o era uma heran\u00e7a gen\u00e9tica e n\u00e3o existe hist\u00f3rico de g\u00eameos em nossas fam\u00edlias, fiquei transtornada, porque jamais pensei em tal possibilidade. Foi uma semana de l\u00e1grimas, mas depois entendi que se um filho era um presente de Deus, n\u00f3s est\u00e1vamos recebendo dois. Ent\u00e3o aceitei a ideia e logo comecei a imaginar a cena de sair do hospital carregando dois beb\u00eas nos bra\u00e7os.  A gravidez foi tranquila at\u00e9 o sexto m\u00eas. Depois, com o peso da barriga, comecei a sentir muitas dores \u2013 havia iniciado um processo de calcifica\u00e7\u00e3o da placenta e a obstetra resolveu antecipar a ces\u00e1ria, esperando apenas, que eles chegassem \u00e0 trig\u00e9sima quinta semana (mais ou menos no 7\u00ba m\u00eas). O parto foi bem, mas tempo depois, o pediatra percebeu que os beb\u00eas tinham dificuldades para respirar. Os pulm\u00f5es n\u00e3o estavam totalmente maduros e precisaram ir do Centro Cir\u00fargico direto para a UTI neonatal e ali passaram os seus primeiros 19 dias de vida.  Com 5 dias recebi alta da ces\u00e1ria, fiquei dividida em voltar para casa ou ficar com o Thiago e o Rafael no hospital. Pensei na La\u00eds, nossa primeira filha que estava em casa, pois at\u00e9 ent\u00e3o nunca hav\u00edamos nos separados por tanto tempo. Resolvi que o melhor era voltar para casa \u2013 foi por terra aquele meu sonho de sair do hospital carregando os dois beb\u00eas em meus bra\u00e7os. Por outro lado, entendemos o amor de Deus, porque os meninos estavam recebendo o melhor tratamento que precisavam naquele momento.  <strong>Luciano<\/strong>: Passados os 19 dias Thiago e Rafael receberam alta. Era uma alegria poder reunir toda a fam\u00edlia e principalmente poder finalmente segurar nossos filhos em nossos bra\u00e7os. Entretanto, depois de 5 dias em casa, o Thiago se engasgou e come\u00e7ou a respirar com muita dificuldade. N\u00f3s o levamos imediatamente para o hospital, mesmo tendo sido um simples engasgo, cujo procedimento para restabelec\u00ea-lo poderia ser feito em casa. Pelo fato de ser prematuro e por seu hist\u00f3rico, o m\u00e9dico resolveu intern\u00e1-lo e deix\u00e1-lo em observa\u00e7\u00e3o na UTI neonatal. E aqui mais uma vez Deus manifestou o Seu amor por nossa fam\u00edlia, porque o quadro se complicou. Al\u00e9m do agravamento da dificuldade de respirar, o Tiago teve uma parada card\u00edaca, precisou ser entubado e, durante um processo que durou 52 dias, sofreu mais 4 paradas cardio-respirat\u00f3rias.  No dia em que aconteceram as 4 paradas, os pediatras perderam as esperan\u00e7as e um deles chegou a nos dizer que, se quis\u00e9ssemos, pod\u00edamos ficar com o Tiago pelo pouco tempo em que ele\u00a0 ainda respirava. Neste momento entrou no consult\u00f3rio um especialista em cardiologia infantil que estava sendo aguardado que nos disse que tudo indicava que havia uma infiltra\u00e7\u00e3o na membrana do cora\u00e7\u00e3o do Thiago e prop\u00f4s um procedimento para retirar o l\u00edquido que impedia que seu cora\u00e7\u00e3o batesse normalmente.  Al\u00e9m disso, o quadro se agravou e o Thiago ficou com uma grave dificuldade de respirar. O m\u00e9dico chefe da UTI nos disse que havia tamb\u00e9m o risco de da traqu\u00e9ia se fechar e seria necess\u00e1rio que autoriz\u00e1ssemos uma traqueostomia. Os m\u00e9dicos nos falaram que era a \u00fanica alternativa e uma vez feito este procedimento, isto poderia durar at\u00e9 os seus nove anos de vida.  <strong>Gislane<\/strong>: Estes foram os primeiros meses de vida do Thiago, uma luta cont\u00ednua para sobreviver, mas em todos os momentos colocamos a sua vida nas m\u00e3os de Deus e procur\u00e1vamos confiar em cada especialista, porque sentimos que eram mais dos que profissionais, eram instrumentos de Deus para salvar o Thiago. Era dif\u00edcil entender como uma criatura t\u00e3o inocente podia sofrer tanto, mas por outro lado t\u00ednhamos que estar em constante doa\u00e7\u00e3o, n\u00e3o pod\u00edamos parar em nossa dor, t\u00ednhamos ainda o Rafael e a Lais que precisavam de n\u00f3s.  Em cada realidade que foi se apresentando, provamos o amor de Deus, como, por exemplo, conseguir uma vaga nas UTI&#8217;s no momento exato, quando parecia ser imposs\u00edvel. Depois, encontrar em nosso caminho especialistas com muita experi\u00eancia e dedica\u00e7\u00e3o, que agiam de modo preciso e na hora certa.  Finalmente, quando o Thiago voltou definitivamente para casa, precisamos de um \u201chomecare\u201d, isto \u00e9, uma equipe de profissionais (m\u00e9dicos, enfermeiros, fonaudi\u00f3logos e fisioterapeutas) que acompanhassem o Tiago dia e noite.  Nossa casa virou uma extens\u00e3o do hospital. E aqui, mais uma vez o Amor de Deus se manifestou, pois dentro desta equipe encontramos algumas pessoas que abra\u00e7aram a causa e foram al\u00e9m do hor\u00e1rio estabelecido, al\u00e9m do servi\u00e7o que tinham que realizar. Respeitavam o tempo do Thiago e mostravam que o mais importante, para eles, era v\u00ea-lo bem. Assim, para surpresa de todos, o Thiago foi superando todas as expectativas e foi poss\u00edvel retirar a traqueostomia aos 6 meses de idade. Para n\u00f3s, um milagre do amor de Deus.  <strong>Luciano<\/strong>: Um outro aspecto a considerar \u00e9 que nossas fam\u00edlias moram em Cuiab\u00e1 e durante este per\u00edodo n\u00e3o foi poss\u00edvel contar com ajuda deles. Al\u00e9m disso, neste per\u00edodo n\u00e3o t\u00ednhamos uma ajudante em casa, apesar de teremos procurado incessantemente.  Sozinhos, seria imposs\u00edvel levar tudo para frente. No entanto, Deus n\u00e3o se deixa vencer em seu amor e nos fez experimentar o amor de nossa fam\u00edlia espiritual. Primeiro fomos sustentados pelas ora\u00e7\u00f5es, sab\u00edamos que todos rezavam por n\u00f3s. Depois v\u00e1rios amigos do Movimento Fam\u00edlias Novas se colocaram totalmente a servi\u00e7o: ficar com a Lais quando precis\u00e1vamos ir ao hospital, ajudar nos servi\u00e7os da casa, al\u00e9m de proverem outras necessidades.  Para mim, uma ajuda muito importante foi quando o quadro do Thiago se agravou. Naquela \u00e9poca passei a ter medo de ir visit\u00e1-lo sozinho no hospital e passei a chamar sempre um destes meus irm\u00e3os de f\u00e9, que sempre foram muito dispon\u00edveis. Sem contar um que era m\u00e9dico e muitas vezes nos acompanhou e nos orientou como agir.  Para concluir, falo do amor de Deus em outro aspecto.  Como todo casal, eu e a Gislaine temos as nossas dificuldades de relacionamento. Mas, com toda esta dificuldade, descobri o quanto preciso am\u00e1-la, entender mais as suas atitudes. Neste per\u00edodo tivemos tamb\u00e9m alguns desencontros e suas palavras eram duras, mas eu pensava no seu cansa\u00e7o, no nosso esgotamento f\u00edsico e resolvi n\u00e3o levar tudo ao p\u00e9 da letra.  Descobrimos o quanto precisamos um do outro, o quanto queremos estar um ao lado do outro para, juntos, superar as dificuldades.  Em todo este per\u00edodo procurei colocar a fam\u00edlia em primeiro lugar. Entendi que \u00e9 a coisa mais preciosa que possuo.  Posso dizer, ainda, que foi um per\u00edodo no qual vivemos muito pouco um para o outro, mas nunca estivemos t\u00e3o pr\u00f3ximos e unidos.  Quando acolhemos a dor como manifesta\u00e7\u00e3o do amor de Deus, sentimos que recebemos uma luz que nos faz enxergar e ir al\u00e9m de n\u00f3s mesmos.<\/p>\n","protected":false},"excerpt":{"rendered":"<p>Em cada realidade que foi se apresentando, provamos o amor de Deus, como, por exemplo, conseguir uma vaga nas UTI&#8217;s no momento exato, quando parecia ser imposs\u00edvel. Depois, encontrar em nosso caminho especialistas com muita experi\u00eancia e dedica\u00e7\u00e3o, que agiam de modo preciso e na hora certa.<\/p>\n","protected":false},"author":27,"featured_media":0,"comment_status":"open","ping_status":"open","sticky":false,"template":"","format":"standard","meta":{"give_campaign_id":0,"_seopress_robots_primary_cat":"","_seopress_titles_title":"","_seopress_titles_desc":"","_seopress_robots_index":"","_et_pb_use_builder":"","_et_pb_old_content":"","_et_gb_content_width":"","footnotes":""},"categories":[909],"tags":[],"class_list":["post-344524","post","type-post","status-publish","format-standard","hentry","category-focolare-worldwide-2-4"],"_links":{"self":[{"href":"https:\/\/www.focolare.org\/pt-pt\/wp-json\/wp\/v2\/posts\/344524","targetHints":{"allow":["GET"]}}],"collection":[{"href":"https:\/\/www.focolare.org\/pt-pt\/wp-json\/wp\/v2\/posts"}],"about":[{"href":"https:\/\/www.focolare.org\/pt-pt\/wp-json\/wp\/v2\/types\/post"}],"author":[{"embeddable":true,"href":"https:\/\/www.focolare.org\/pt-pt\/wp-json\/wp\/v2\/users\/27"}],"replies":[{"embeddable":true,"href":"https:\/\/www.focolare.org\/pt-pt\/wp-json\/wp\/v2\/comments?post=344524"}],"version-history":[{"count":0,"href":"https:\/\/www.focolare.org\/pt-pt\/wp-json\/wp\/v2\/posts\/344524\/revisions"}],"wp:attachment":[{"href":"https:\/\/www.focolare.org\/pt-pt\/wp-json\/wp\/v2\/media?parent=344524"}],"wp:term":[{"taxonomy":"category","embeddable":true,"href":"https:\/\/www.focolare.org\/pt-pt\/wp-json\/wp\/v2\/categories?post=344524"},{"taxonomy":"post_tag","embeddable":true,"href":"https:\/\/www.focolare.org\/pt-pt\/wp-json\/wp\/v2\/tags?post=344524"}],"curies":[{"name":"wp","href":"https:\/\/api.w.org\/{rel}","templated":true}]}}