{"id":344596,"date":"2012-03-02T06:00:42","date_gmt":"2012-03-02T05:00:42","guid":{"rendered":"https:\/\/www.focolare.org\/africa-do-sul-com-o-evangelho-tudo-e-possivel\/"},"modified":"2024-06-06T12:17:25","modified_gmt":"2024-06-06T10:17:25","slug":"africa-do-sul-com-o-evangelho-tudo-e-possivel","status":"publish","type":"post","link":"https:\/\/www.focolare.org\/pt-pt\/africa-do-sul-com-o-evangelho-tudo-e-possivel\/","title":{"rendered":"\u00c1frica do Sul: com o Evangelho tudo \u00e9 poss\u00edvel"},"content":{"rendered":"<p>Meu nome \u00e9 Maria, sou funcion\u00e1ria p\u00fablica no setor da sa\u00fade.  <img alt=\"\" alt=\"\" loading=\"lazy\" decoding=\"async\" class=\"alignleft size-full wp-image-57131\" style=\"margin-right: 10px\" src=\"https:\/\/www.focolare.org\/wp-content\/uploads\/2012\/03\/20120229-05.jpg\" alt=\"\" width=\"250\" height=\"188\" \/>A cada dia fa\u00e7o a experi\u00eancia de que as palavras do Evangelho ajudam a servir melhor o pr\u00f3ximo e tamb\u00e9m a resolver os problemas da sociedade. Procurando coloc\u00e1-las em pr\u00e1tica, os relacionamentos no escrit\u00f3rio onde trabalho mudaram radicalmente, tornando-se mais familiares, abertos, livres. S\u00e3o tr\u00eas os meus colegas que partilham este ideal de vida, e juntos procuramos fazer do nosso trabalho um servi\u00e7o ao povo e \u00e0 nossa cidade, que nos apresenta grandes desafios.  Na <a href=\"https:\/\/www.focolare.org\/pt\/focolare-worldwide\/africa\/sud-africa\/\" target=\"_blank\" rel=\"noopener\"><strong>\u00c1frica do Sul<\/strong><\/a> existem dois n\u00edveis de governo, um mais tradicional, que tem como chefe os <em>Kgosi<\/em> (<em>chief<\/em>), que possuem determinadas expectativas sobre o territ\u00f3rio, e um n\u00edvel governamental, com os representantes eleitos, que possuem outras. O nosso desafio \u00e9 realizar o acordo entre os dois n\u00edveis, de modo que cada decis\u00e3o tomada seja para o real benef\u00edcio da comunidade, e a fim de que esta seja cada vez mais participante dos projetos propostos.  <img alt=\"\" alt=\"\" loading=\"lazy\" decoding=\"async\" class=\"alignright size-full wp-image-57132\" style=\"margin-left: 10px\" src=\"https:\/\/www.focolare.org\/wp-content\/uploads\/2012\/03\/20120229-06.jpg\" alt=\"\" width=\"250\" height=\"167\" \/>Por exemplo, n\u00f3s <strong>fizemos seis ambulat\u00f3rios para o nosso distrito<\/strong>. Todo o trabalho foi realizado com o pleno acordo entre os dois n\u00edveis de governo, e com isso as estruturas foram bem reconhecidas na regi\u00e3o. Na cerim\u00f4nia de inaugura\u00e7\u00e3o estiveram presentes diversas autoridades, inclusive os membros do comit\u00ea executivo do governo.  Poucos dias antes do evento um dos <em>Kgosi<\/em> havia nos chamado dizendo que n\u00e3o iria \u00e0 cerim\u00f4nia, por causa de uma suposta disparidade de tratamento entre os membros do governo local e os chefes tradicionais. Pairava no ar um verdadeiro desastre, sob todos os pontos de vista, e havia tamb\u00e9m o risco que os moradores do povoado n\u00e3o participassem mais da festa. Procuramos resolver a situa\u00e7\u00e3o indo encontrar o <em>\u201cchief\u201d<\/em> na sua casa, e apresentamos a ele uma descri\u00e7\u00e3o detalhada de cada ambulat\u00f3rio. Gra\u00e7as a este gesto o seu comportamento mudou, ele manifestou a sua satisfa\u00e7\u00e3o pela cerim\u00f4nia, que depois foi um sucesso, um momento importante para toda a comunidade.  <img alt=\"\" alt=\"\" loading=\"lazy\" decoding=\"async\" class=\"alignleft size-full wp-image-57133\" style=\"margin-right: 10px\" src=\"https:\/\/www.focolare.org\/wp-content\/uploads\/2012\/03\/20120229-07.jpg\" alt=\"\" width=\"250\" height=\"187\" \/>Continuamos a desenvolver as fun\u00e7\u00f5es confiadas a n\u00f3s como <strong>uma ocasi\u00e3o de encontro e de crescimento para a cidade<\/strong>. E, lentamente, vemos que melhoram as rela\u00e7\u00f5es entre os cidad\u00e3os e os funcion\u00e1rios. Cresce a confian\u00e7a uns nos outros.  Al\u00e9m disso, os l\u00edderes tradicionais e os conselheiros eleitos est\u00e3o tamb\u00e9m descobrindo qual a fun\u00e7\u00e3o deles, no pleno respeito daquela dos outros. Para dar um exemplo, atualmente o cuidado com a inf\u00e2ncia \u00e9 confiado aos respons\u00e1veis tradicionais e o dos jovens est\u00e1 sob a responsabilidade dos conselheiros municipais. N\u00e3o \u00e9 mais necess\u00e1rio explicar as nossas op\u00e7\u00f5es \u00e0s v\u00e1rias autoridades, porque eles confiam, a uni\u00e3o entre todos cresce e se desenvolve, \u00e0 servi\u00e7o da comunidade.  Experimentamos que quando procura-se colocar em pr\u00e1tica o Evangelho realmente tudo \u00e9 poss\u00edvel!  &nbsp;<\/p>\n","protected":false},"excerpt":{"rendered":"<p>Maria, da \u00c1frica do Sul, conta sobre os frutos do Evangelho vivido no trabalho, na comunidade, nas institui\u00e7\u00f5es. Muitas pessoas envolvidas, para encontrar solu\u00e7\u00f5es aos desafios da cidade.<\/p>\n","protected":false},"author":34,"featured_media":0,"comment_status":"open","ping_status":"open","sticky":false,"template":"","format":"standard","meta":{"give_campaign_id":0,"_seopress_robots_primary_cat":"","_seopress_titles_title":"","_seopress_titles_desc":"","_seopress_robots_index":"","_et_pb_use_builder":"","_et_pb_old_content":"","_et_gb_content_width":"","footnotes":""},"categories":[909],"tags":[],"class_list":["post-344596","post","type-post","status-publish","format-standard","hentry","category-focolare-worldwide-2-4"],"_links":{"self":[{"href":"https:\/\/www.focolare.org\/pt-pt\/wp-json\/wp\/v2\/posts\/344596","targetHints":{"allow":["GET"]}}],"collection":[{"href":"https:\/\/www.focolare.org\/pt-pt\/wp-json\/wp\/v2\/posts"}],"about":[{"href":"https:\/\/www.focolare.org\/pt-pt\/wp-json\/wp\/v2\/types\/post"}],"author":[{"embeddable":true,"href":"https:\/\/www.focolare.org\/pt-pt\/wp-json\/wp\/v2\/users\/34"}],"replies":[{"embeddable":true,"href":"https:\/\/www.focolare.org\/pt-pt\/wp-json\/wp\/v2\/comments?post=344596"}],"version-history":[{"count":0,"href":"https:\/\/www.focolare.org\/pt-pt\/wp-json\/wp\/v2\/posts\/344596\/revisions"}],"wp:attachment":[{"href":"https:\/\/www.focolare.org\/pt-pt\/wp-json\/wp\/v2\/media?parent=344596"}],"wp:term":[{"taxonomy":"category","embeddable":true,"href":"https:\/\/www.focolare.org\/pt-pt\/wp-json\/wp\/v2\/categories?post=344596"},{"taxonomy":"post_tag","embeddable":true,"href":"https:\/\/www.focolare.org\/pt-pt\/wp-json\/wp\/v2\/tags?post=344596"}],"curies":[{"name":"wp","href":"https:\/\/api.w.org\/{rel}","templated":true}]}}