{"id":344624,"date":"2012-03-08T04:00:24","date_gmt":"2012-03-08T03:00:24","guid":{"rendered":"https:\/\/www.focolare.org\/genfest-2012history-in-a-flash\/"},"modified":"2024-06-06T12:17:31","modified_gmt":"2024-06-06T10:17:31","slug":"genfest-2012history-in-a-flash","status":"publish","type":"post","link":"https:\/\/www.focolare.org\/pt-pt\/genfest-2012history-in-a-flash\/","title":{"rendered":"Genfest 2012:History in a Flash"},"content":{"rendered":"<p><iframe loading=\"lazy\" title=\"Genfest 2012 - History in a Flash\" width=\"1080\" height=\"810\" src=\"https:\/\/www.youtube.com\/embed\/cZEquQfVKCk?feature=oembed\"  allow=\"accelerometer; autoplay; clipboard-write; encrypted-media; gyroscope; picture-in-picture; web-share\" referrerpolicy=\"strict-origin-when-cross-origin\" allowfullscreen><\/iframe><\/p>\n","protected":false},"excerpt":{"rendered":"<p>Apelo lan\u00e7ado por Chiara Lubich no final dos anos 60 &#8220;Os jovens do mundo, uni-vos!&#8221;, Milhares de jovens de todas as partes, t\u00eam respondido por cometer a prosseguir uma competi\u00e7\u00e3o ideal e alta para unir a fam\u00edlia humana. Neste curto v\u00eddeo que contam os momentos importantes dessa hist\u00f3ria.<br \/>\n<\/p>\n<p style=\"text-align: left\" align=\"right\"><span style=\"color: #008080\"><a href=\"http:\/\/www.centrochiaralubich.org\"><span style=\"color: #008080\">&gt;&gt;Centro Chiara Lubich&gt;&gt;<\/span><\/a><\/span><\/p>\n","protected":false},"author":34,"featured_media":0,"comment_status":"open","ping_status":"open","sticky":false,"template":"","format":"standard","meta":{"give_campaign_id":0,"_seopress_robots_primary_cat":"","_seopress_titles_title":"","_seopress_titles_desc":"","_seopress_robots_index":"","_et_pb_use_builder":"","_et_pb_old_content":"","_et_gb_content_width":"","footnotes":""},"categories":[129],"tags":[],"class_list":["post-344624","post","type-post","status-publish","format-standard","hentry","category-sem-categoria"],"_links":{"self":[{"href":"https:\/\/www.focolare.org\/pt-pt\/wp-json\/wp\/v2\/posts\/344624","targetHints":{"allow":["GET"]}}],"collection":[{"href":"https:\/\/www.focolare.org\/pt-pt\/wp-json\/wp\/v2\/posts"}],"about":[{"href":"https:\/\/www.focolare.org\/pt-pt\/wp-json\/wp\/v2\/types\/post"}],"author":[{"embeddable":true,"href":"https:\/\/www.focolare.org\/pt-pt\/wp-json\/wp\/v2\/users\/34"}],"replies":[{"embeddable":true,"href":"https:\/\/www.focolare.org\/pt-pt\/wp-json\/wp\/v2\/comments?post=344624"}],"version-history":[{"count":0,"href":"https:\/\/www.focolare.org\/pt-pt\/wp-json\/wp\/v2\/posts\/344624\/revisions"}],"wp:attachment":[{"href":"https:\/\/www.focolare.org\/pt-pt\/wp-json\/wp\/v2\/media?parent=344624"}],"wp:term":[{"taxonomy":"category","embeddable":true,"href":"https:\/\/www.focolare.org\/pt-pt\/wp-json\/wp\/v2\/categories?post=344624"},{"taxonomy":"post_tag","embeddable":true,"href":"https:\/\/www.focolare.org\/pt-pt\/wp-json\/wp\/v2\/tags?post=344624"}],"curies":[{"name":"wp","href":"https:\/\/api.w.org\/{rel}","templated":true}]}}