{"id":344626,"date":"2012-03-08T05:00:31","date_gmt":"2012-03-08T04:00:31","guid":{"rendered":"https:\/\/www.focolare.org\/margarita-e-as-mulheres-do-tinku-kamayu\/"},"modified":"2024-06-06T12:17:31","modified_gmt":"2024-06-06T10:17:31","slug":"margarita-e-as-mulheres-do-tinku-kamayu","status":"publish","type":"post","link":"https:\/\/www.focolare.org\/pt-pt\/margarita-e-as-mulheres-do-tinku-kamayu\/","title":{"rendered":"Margarita e as mulheres do Tinku Kamayu"},"content":{"rendered":"<p><em>Margarita Ramirez de Moreno \u00e9 uma<a href=\"https:\/\/www.focolare.org\/pt\/movimento-dei-focolari\/scelte-e-impegno\/volontari\/\" target=\"_blank\" rel=\"noopener\"><strong> volunt\u00e1ria<\/strong> <\/a>do Movimento dos Focolares, artes\u00e3 e empreendedora, a primeira a receber o diploma da Escola Aurora, de Santa Maria de Catamarca, na <a href=\"https:\/\/www.focolare.org\/pt\/focolare-worldwide\/america-sud\/argentina\/\" target=\"_blank\" rel=\"noopener\"><strong>Argentina<\/strong><\/a>. Ap\u00f3s 35 anos de atividades essa escola foi reconhecida e financiada pelo governo argentino, pela grande contribui\u00e7\u00e3o dada ao estudo e \u00e0 recupera\u00e7\u00e3o das t\u00e9cnicas e dos s\u00edmbolos da cultura \u201cqu\u00e9chua\u201d.<\/em>  <a href=\"http:\/\/vimeo.com\/38094200\" target=\"_blank\" rel=\"noopener\"><strong>Video<\/strong> <\/a>  <img alt=\"\" alt=\"\" loading=\"lazy\" decoding=\"async\" class=\"alignleft size-top_mini wp-image-57777\" style=\"border: 0pt none;margin: 10px\" src=\"https:\/\/www.focolare.org\/wp-content\/uploads\/2012\/03\/20120308-01-200x123.jpg\" alt=\"\" width=\"200\" height=\"123\" \/><strong>\u00abNasci em Santa Maria, uma regi\u00e3o aos p\u00e9s dos Andes, rica de cultura abor\u00edgine, mas muito pobre.<\/strong> Sou descendente dos \u00edndios \u201ccalchaquies\u201d, casada e m\u00e3e de 7 filhos. Estudei 12 anos na Escola Aurora. Ali, al\u00e9m de ler, escrever e tecer, aprendi a viver a espiritualidade da unidade.  <img alt=\"\" alt=\"\" loading=\"lazy\" decoding=\"async\" class=\"alignright size-top_mini wp-image-57778\" style=\"border: 0pt none;margin: 10px\" src=\"https:\/\/www.focolare.org\/wp-content\/uploads\/2012\/03\/20120308-03-200x123.jpg\" alt=\"\" width=\"200\" height=\"123\" \/> <strong>Em 2003, a desocupa\u00e7\u00e3o era elevada<\/strong>, por isso comecei uma empresa de tecelagem para fornecer material para o laborat\u00f3rio da escola. N\u00e3o foi f\u00e1cil convencer as mulheres da minha terra, desde sempre discriminadas, a retomar o trabalho de tecelagem, j\u00e1 que, para chegar at\u00e9 ao trabalho, tinham que atravessar um rio e caminhar muitos quil\u00f4metros por dia. <strong><img alt=\"\" alt=\"\" loading=\"lazy\" decoding=\"async\" class=\"alignleft size-top_mini wp-image-57787\" style=\"border: 0pt none;margin: 10px\" src=\"https:\/\/www.focolare.org\/wp-content\/uploads\/2012\/03\/20120308-07-200x123.jpg\" alt=\"\" width=\"200\" height=\"123\" \/>N\u00e3o t\u00ednhamos meios.<\/strong> Pouco a pouco cada uma colocou \u00e0 disposi\u00e7\u00e3o o que tinha: um fuso, quilos de l\u00e3 ou a pr\u00f3pria habilidade nessa arte tradicional. Permanecia o problema das m\u00e1quinas, que eram caras. Um dia fui obrigada a pedir uma carona e disse ao motorista sobre essa minha preocupa\u00e7\u00e3o. Ele me disse que sabia construir m\u00e1quinas de tecer. Eu lhe perguntei: \u00abPode fazer para n\u00f3s?\u00bb Ele respondeu: \u00abSim, e voc\u00ea me pagar\u00e1 quanto puder\u00bb.  <strong><img alt=\"\" alt=\"\" loading=\"lazy\" decoding=\"async\" class=\"alignright size-top_mini wp-image-57786\" style=\"border: 0pt none;margin: 10px\" src=\"https:\/\/www.focolare.org\/wp-content\/uploads\/2012\/03\/20120308-06-200x123.jpg\" alt=\"\" width=\"200\" height=\"123\" \/>N\u00e3o faltaram outros obst\u00e1culos<\/strong>: perdemos o local em que trabalh\u00e1vamos e a mais preparada de n\u00f3s pediu demiss\u00e3o. \u00abCom tudo isso que acontece, ser\u00e1 que n\u00e3o temos que desistir?\u00bb, se perguntou uma jovem, que exprimia a d\u00favida de todas n\u00f3s. Durante a mudan\u00e7a, encontramos uma imagem de Nossa Senhora. Parecia-me muito significativo e fiz a proposta de fazermos um pacto: trabalhar todos os dias vivendo o amor umas pelas outras. Pouco depois receb\u00edamos uma doa\u00e7\u00e3o com a qual pod\u00edamos comprar um im\u00f3vel e instrumentos.  <strong><img alt=\"\" alt=\"\" loading=\"lazy\" decoding=\"async\" class=\"alignleft size-top_mini wp-image-57784\" style=\"border: 0pt none;margin: 10px\" src=\"https:\/\/www.focolare.org\/wp-content\/uploads\/2012\/03\/20120308-052-200x123.jpg\" alt=\"\" width=\"200\" height=\"123\" \/>Assim nasceu o ateli\u00ea \u201cTINKU KAMAYU\u201d que significa \u201cReunidas para trabalhar\u201d<\/strong>. No in\u00edcio \u00e9ramos 8 e hoje, ap\u00f3s dois anos, o org\u00e2nico da empresa aumentou para 18 artes\u00e3s com uma produ\u00e7\u00e3o crescente. Hoje sinto que sou parte de um grande projeto que envolve a mim e a muitas outras pessoas calchaquies. Encontramos a nossa identidade e, com ela, a esperan\u00e7a, o crescimento cultural, a possibilidade de trabalho para n\u00f3s e para os outros, e toda a riqueza das origens do nosso povo. Agora nos sentimos pessoas \u00fateis n\u00e3o mais humilhadas, mas valorizadas e capazes de exprimir o nosso pensamento\u00bb.<\/p>\n","protected":false},"excerpt":{"rendered":"<p>Localizado na encosta da cordilheira dos Andes, o Atelier \u2018Tinku Manayu\u201d, que na l\u00edngua abor\u00edgene significa \u2018reunidas para trabalhar\u2019, para a recupera\u00e7\u00e3o da tecelagem tradicional \u201ccalchaqu\u00edes\u201d.<\/p>\n","protected":false},"author":34,"featured_media":0,"comment_status":"open","ping_status":"open","sticky":false,"template":"","format":"standard","meta":{"give_campaign_id":0,"_seopress_robots_primary_cat":"","_seopress_titles_title":"","_seopress_titles_desc":"","_seopress_robots_index":"","_et_pb_use_builder":"","_et_pb_old_content":"","_et_gb_content_width":"","footnotes":""},"categories":[909],"tags":[],"class_list":["post-344626","post","type-post","status-publish","format-standard","hentry","category-focolare-worldwide-2-4"],"_links":{"self":[{"href":"https:\/\/www.focolare.org\/pt-pt\/wp-json\/wp\/v2\/posts\/344626","targetHints":{"allow":["GET"]}}],"collection":[{"href":"https:\/\/www.focolare.org\/pt-pt\/wp-json\/wp\/v2\/posts"}],"about":[{"href":"https:\/\/www.focolare.org\/pt-pt\/wp-json\/wp\/v2\/types\/post"}],"author":[{"embeddable":true,"href":"https:\/\/www.focolare.org\/pt-pt\/wp-json\/wp\/v2\/users\/34"}],"replies":[{"embeddable":true,"href":"https:\/\/www.focolare.org\/pt-pt\/wp-json\/wp\/v2\/comments?post=344626"}],"version-history":[{"count":0,"href":"https:\/\/www.focolare.org\/pt-pt\/wp-json\/wp\/v2\/posts\/344626\/revisions"}],"wp:attachment":[{"href":"https:\/\/www.focolare.org\/pt-pt\/wp-json\/wp\/v2\/media?parent=344626"}],"wp:term":[{"taxonomy":"category","embeddable":true,"href":"https:\/\/www.focolare.org\/pt-pt\/wp-json\/wp\/v2\/categories?post=344626"},{"taxonomy":"post_tag","embeddable":true,"href":"https:\/\/www.focolare.org\/pt-pt\/wp-json\/wp\/v2\/tags?post=344626"}],"curies":[{"name":"wp","href":"https:\/\/api.w.org\/{rel}","templated":true}]}}