{"id":344668,"date":"2012-03-12T16:11:37","date_gmt":"2012-03-12T15:11:37","guid":{"rendered":"https:\/\/www.focolare.org\/uma-constelacao-de-geracoes-com-chiara\/"},"modified":"2024-06-06T12:17:40","modified_gmt":"2024-06-06T10:17:40","slug":"uma-constelacao-de-geracoes-com-chiara","status":"publish","type":"post","link":"https:\/\/www.focolare.org\/pt-pt\/uma-constelacao-de-geracoes-com-chiara\/","title":{"rendered":"Uma constela\u00e7\u00e3o de gera\u00e7\u00f5es com Chiara"},"content":{"rendered":"<p><a href=\"http:\/\/www.chiaralubich.org\" target=\"_blank\" rel=\"noopener\"><strong>Reveja a transmiss\u00e3o<\/strong><\/a>  <strong><img alt=\"\" alt=\"\" loading=\"lazy\" decoding=\"async\" class=\"alignleft size-full wp-image-58332\" style=\"margin-right: 10px\" src=\"https:\/\/www.focolare.org\/wp-content\/uploads\/2012\/03\/20120312-09.jpg\" alt=\"\" width=\"250\" height=\"188\" \/>Jovens de ontem, de hoje e de amanh\u00e3:<\/strong> dia 11 de mar\u00e7o, <strong>n<a href=\"https:\/\/www.focolare.org\/pt\/news\/2012\/03\/10\/chiara-lubich-e-le-nuove-generazioni\/\" target=\"_blank\" rel=\"noopener\">a tarde dedicada a \u201c<em>Chiara e as novas gera\u00e7\u00f5es\u201d<\/em><\/a><\/strong>, no <a href=\"https:\/\/www.focolare.org\/pt\/news\/2012\/03\/04\/4-anniversario-della-nascita-al-cielo-di-chiara-lubich\/\" target=\"_blank\" rel=\"noopener\"><strong>quarto anivers\u00e1rio<\/strong><\/a> do seu falecimento, estiveram presentes em Castelgandolfo pessoas de todas as idades. Aqueles que testemunharam desde o in\u00edcio o <em>feeling<\/em> singular que a fundadora dos Focolares teceu com uma gera\u00e7\u00e3o que respirava a contesta\u00e7\u00e3o de 1968, e que n\u00e3o hesitou em segui-la no caminho de outra revolu\u00e7\u00e3o, a do Evangelho. Ao lado das <a href=\"https:\/\/www.focolare.org\/pt\/chiara-lubich\/chi-e-chiara\/costruendo-lopera-di-maria\/\" target=\"_blank\" rel=\"noopener\"><strong>companheiras da primeira hora<\/strong><\/a> estavam os \u00faltimos que chegaram, que n\u00e3o conheceram pessoalmente <a href=\"https:\/\/www.focolare.org\/pt\/chiara-lubich\/chi-e-chiara\/\" target=\"_blank\" rel=\"noopener\"><strong>Chiara Lubich<\/strong><\/a>, mas que fizeram-se realizadores e oper\u00e1rios daquele projeto de fraternidade universal proposto pelo carisma dela, em muitos lugares do mundo. Eram do Vietnam, da Argentina, dos <a href=\"https:\/\/www.focolare.org\/pt\/focolare-worldwide\/america-nord-e-centrale\/stati-uniti\/#\" target=\"_blank\" rel=\"noopener\"><strong>Estados Unidos<\/strong><\/a>, da <a href=\"https:\/\/www.focolare.org\/pt\/news\/2012\/03\/11\/ungheria-paese-ponte\/\" target=\"_blank\" rel=\"noopener\"><strong>Hungria<\/strong><\/a>&#8230; exatamente onde se realizar\u00e1, de 31 de agosto a 2 de setembro deste ano, o <strong>Genfest<\/strong>, encontro mundial desses jovens.  <a href=\"https:\/\/www.focolare.org\/wp-content\/uploads\/2012\/03\/20120312-031.jpg\"><img alt=\"\" alt=\"\" loading=\"lazy\" decoding=\"async\" class=\"size-full wp-image-58306 alignright\" style=\"margin-right: 10px\" src=\"https:\/\/www.focolare.org\/wp-content\/uploads\/2012\/03\/20120312-031.jpg\" alt=\"\" width=\"184\" height=\"250\" \/><\/a>  <strong>Uma mensagem com um potencial revolucion\u00e1rio<\/strong> foi proposta a estas gera\u00e7\u00f5es, e nessa tarde foi articulada em seis quadros: o primeiro foi dedicado ao tema da mudan\u00e7a, uma nota caracter\u00edstica, no in\u00edcio e tamb\u00e9m hoje. Come\u00e7ando por Valerio Cipr\u00ec, que falou do desejo de renova\u00e7\u00e3o, \u00ednsito na contesta\u00e7\u00e3o dos anos 1960, no grupo musical <a href=\"http:\/\/www.genrosso.com\/index.php?lang=pt\" target=\"_blank\" rel=\"noopener\"><strong>Gen Rosso<\/strong><\/a>, at\u00e9 Antonios, do Egito, que v\u00ea hoje em seu pa\u00eds uma revolu\u00e7\u00e3o em ato, e muitos outros que exprimiram a sua gratid\u00e3o a Chiara. Entre eles <strong>Pasquale Ferrara<\/strong>, atualmente diplomata empenhado em v\u00e1rios projetos de paz e <strong>D. Jo\u00e3o Braz de Aviz<\/strong>, recentemente nomeado cardeal e chamado de Bras\u00edlia a Roma, como prefeito da Congrega\u00e7\u00e3o dos religiosos.  <strong><img alt=\"\" alt=\"\" loading=\"lazy\" decoding=\"async\" class=\"alignleft size-full wp-image-58315\" style=\"margin-right: 10px\" src=\"https:\/\/www.focolare.org\/wp-content\/uploads\/2012\/03\/20120312-07.jpg\" alt=\"\" width=\"169\" height=\"250\" \/>Liberdade e justi\u00e7a concretizam-se numa concep\u00e7\u00e3o bem diferente dos bens materiais<\/strong> que, como Chiara mesma recordou num dos numerosos v\u00eddeos projetados \u2013 todos muito atuais &#8211; \u00abn\u00e3o se movem sozinhos\u00bb. Mas dar o pr\u00f3prio tempo e os pr\u00f3prios pertences n\u00e3o \u00e9 o \u00fanico modo de \u00absuscitar o para\u00edso terrestre\u00bb &#8211; como Chiara impulsionava a fazer em 1970. Foi o que demonstraram <strong>Giuseppe Milan<\/strong>, que imprimiu uma marca \u201ccomunit\u00e1ria\u201d a alguns cursos do departamento de Ci\u00eancias da Educa\u00e7\u00e3o, na Universidade de P\u00e1dua, da qual \u00e9 diretor, e Emanuele Pili, estudante do<a href=\"http:\/\/www.iu-sophia.org\/default.asp?s=232\" target=\"_blank\" rel=\"noopener\"> <strong>Instituto Universit\u00e1rio Sophia<\/strong><\/a>, que instaurou uma sinergia interessante com a sua universidade de proveni\u00eancia, em G\u00eanova. <strong>Patience Molle<\/strong>, engenheira, primeira mulher a ter um cargo de dire\u00e7\u00e3o no Minist\u00e9rio dos Trabalhos P\u00fablicos na Rep\u00fablica dos Camar\u00f5es, na sua a\u00e7\u00e3o administrativa age na legalidade, para permanecer fiel aos valores adquiridos, desde jovem, no Movimento. E assim <strong>Maria Chiara Campodoni<\/strong>, que com 30 anos \u00e9 j\u00e1 secret\u00e1ria de esportes no munic\u00edpio de Faenza (Ravenna \u2013 It\u00e1lia).  <strong>Outra pedra fundamental da heran\u00e7a de Chiara \u00e9 o grande valor dado ao sofrimento<\/strong>: ponto de partida para outras metas. Foi o que exprimiu, de forma tocante, <strong>Beppe Porqueddu<\/strong>, que com 18 anos tornou-se parapl\u00e9gico ap\u00f3s um acidente de moto, e que descobriu na desabilidade uma \u00abcentelha de transforma\u00e7\u00e3o social\u00bb, num mundo que parece rejeitar o limite e a doen\u00e7a. Atualmente \u00e9 tecn\u00f3logo em reabilita\u00e7\u00e3o e professor de operadores de reabilita\u00e7\u00e3o.  Ainda que enraizada na vis\u00e3o de <strong>Deus como Amor<\/strong>, <strong>a mensagem de Chiara n\u00e3o \u00e9 dirigida apenas aos crist\u00e3os<\/strong>. Subiram ao palco tamb\u00e9m Habib, jovem mu\u00e7ulmano; Metta, budista, que observou como isso ajuda-a a \u00abaproximar-se da verdade\u00bb, e Andre, \u00abn\u00e3o crente, mais do que ateu\u00bb, que sublinhou a acolhida e o respeito que encontra.  <img alt=\"\" alt=\"\" loading=\"lazy\" decoding=\"async\" class=\"size-full wp-image-58311 alignright\" style=\"margin-left: 10px\" src=\"https:\/\/www.focolare.org\/wp-content\/uploads\/2012\/03\/20120312-05.jpg\" alt=\"\" width=\"250\" height=\"188\" \/>A programa\u00e7\u00e3o concluiu-se com <strong>a palavra da presidente dos Focolares, Maria Voce<\/strong>, que evidenciou como nesta tarde \u00abn\u00e3o recordamos nem celebramos, mas vivemos\u00bb, e como Chiara novamente confia a sua mensagem aos jovens, \u00abaqui e agora\u00bb. Jovens que s\u00e3o chamados a receb\u00ea-la e a comprometer-se em primeira pessoa: \u00e9 aquilo que devemos \u00abao carisma e \u00e0 humanidade\u00bb.  De Chiara Andreola  Fonte: <a href=\"http:\/\/www.cittanuova.it\">Citt\u00e0 Nuova<\/a>  <div class=\"et_pb_slider et_pb_slider_fullwidth_off et_pb_gallery_post_type\">\n\t\t\t\t<div class=\"et_pb_slides\">\n\t\t\t\t\t\n\t\t\t\t<\/div>\n\t\t\t<\/div><\/p>\n","protected":false},"excerpt":{"rendered":"<p>Aconteceu em Castelgandolfo (Roma) o evento sobre a rela\u00e7\u00e3o de Chiara Lubich com os jovens, que reuniu centenas deles, do Vietnam aos Estados Unidos, mu\u00e7ulmanos e n\u00e3o crentes, testemunhas da primeira hora e rec\u00e9m-chegados. Todos apostam com ela na fraternidade.<\/p>\n","protected":false},"author":34,"featured_media":0,"comment_status":"open","ping_status":"open","sticky":false,"template":"","format":"standard","meta":{"give_campaign_id":0,"_seopress_robots_primary_cat":"","_seopress_titles_title":"","_seopress_titles_desc":"","_seopress_robots_index":"","_et_pb_use_builder":"","_et_pb_old_content":"","_et_gb_content_width":"","footnotes":""},"categories":[129],"tags":[],"class_list":["post-344668","post","type-post","status-publish","format-standard","hentry","category-sem-categoria"],"_links":{"self":[{"href":"https:\/\/www.focolare.org\/pt-pt\/wp-json\/wp\/v2\/posts\/344668","targetHints":{"allow":["GET"]}}],"collection":[{"href":"https:\/\/www.focolare.org\/pt-pt\/wp-json\/wp\/v2\/posts"}],"about":[{"href":"https:\/\/www.focolare.org\/pt-pt\/wp-json\/wp\/v2\/types\/post"}],"author":[{"embeddable":true,"href":"https:\/\/www.focolare.org\/pt-pt\/wp-json\/wp\/v2\/users\/34"}],"replies":[{"embeddable":true,"href":"https:\/\/www.focolare.org\/pt-pt\/wp-json\/wp\/v2\/comments?post=344668"}],"version-history":[{"count":0,"href":"https:\/\/www.focolare.org\/pt-pt\/wp-json\/wp\/v2\/posts\/344668\/revisions"}],"wp:attachment":[{"href":"https:\/\/www.focolare.org\/pt-pt\/wp-json\/wp\/v2\/media?parent=344668"}],"wp:term":[{"taxonomy":"category","embeddable":true,"href":"https:\/\/www.focolare.org\/pt-pt\/wp-json\/wp\/v2\/categories?post=344668"},{"taxonomy":"post_tag","embeddable":true,"href":"https:\/\/www.focolare.org\/pt-pt\/wp-json\/wp\/v2\/tags?post=344668"}],"curies":[{"name":"wp","href":"https:\/\/api.w.org\/{rel}","templated":true}]}}