{"id":344676,"date":"2012-03-16T07:50:12","date_gmt":"2012-03-16T06:50:12","guid":{"rendered":"https:\/\/www.focolare.org\/o-homem-pacifico-nao-ignora-a-luta\/"},"modified":"2024-06-06T12:17:42","modified_gmt":"2024-06-06T10:17:42","slug":"o-homem-pacifico-nao-ignora-a-luta","status":"publish","type":"post","link":"https:\/\/www.focolare.org\/pt-pt\/o-homem-pacifico-nao-ignora-a-luta\/","title":{"rendered":"O homem pac\u00edfico n\u00e3o ignora a luta"},"content":{"rendered":"<p><strong>Uma cidade que partisse do nada chegaria ao nada<\/strong>, movida por impulsos que levam \u00e0 nulidade. Uma sociedade que partisse da cobi\u00e7a por dinheiro levaria ao combate para conquist\u00e1-lo. Uma que partisse s\u00f3 do est\u00f4mago terminaria num esgoto. <strong>Mas, a vida parte da vida.<\/strong>  <strong>A pol\u00edtica<\/strong> \u00e9 guiada pela justi\u00e7a. Mas se fosse apenas justi\u00e7a permaneceria est\u00e9ril para aqueles cidad\u00e3os que fossem vencidos nas competi\u00e7\u00f5es da exist\u00eancia. Se \u00e9 o contr\u00e1rio <strong>aperfei\u00e7oa-se com a caridade<\/strong>,<strong> e dessa autoridade faz-se servi\u00e7o<\/strong>; um servi\u00e7o realizado com respeito \u00e0 pessoa humana e com um sentimento de d\u00e9bito para com a mis\u00e9ria.  Concebida <strong>assim a pol\u00edtica sente-se respons\u00e1vel pelo bem de todos os cidad\u00e3os<\/strong>, inclusive dos \u00faltimos: n\u00e3o cessa de impedir o mal, de manter a ordem externa, mas esfor\u00e7a-se em suscitar o bem, com uma ordem diferente, tornando-se uma atividade supremamente ben\u00e9fica.  <strong>A pol\u00edtica<\/strong>, fora da lei de Deus, transforma-se em uma maldi\u00e7\u00e3o para os administradores; na lei de Deus torna-se uma ajuda vigorosa para alcan\u00e7ar fins individuais, familiares, profissionais. E <strong>se executa a lei de Deus, edifica a cidade de Deus.<\/strong>  <strong>Nela a caridade<\/strong> exclui o ego\u00edsmo de manter-se \u00e0 parte e d\u00e1 a cada um o dever de assistir a comunidade, e<strong> v\u00ea o interesse p\u00fablico<\/strong> n\u00e3o como uma categoria externa, mas como interesse comum, no qual est\u00e3o inclu\u00eddos os destinos das respectivas fam\u00edlias e pessoas. Chama-se, de fato,<strong> \u201cbem comum\u201d.<\/strong>  <strong>O homem pac\u00edfico n\u00e3o ignora a luta,<\/strong> o homem da caridade n\u00e3o ignora o \u00f3dio. Logo que sai da \u201ccela do pr\u00f3prio eu\u201d encontra o advers\u00e1rio. \u00c9 um irm\u00e3o, mas reduzido a inimigo. E com frequ\u00eancia recebe tanto mal pelo tanto que faz de bem. E a cada passo \u00e9 instigado \u00e0 vingan\u00e7a, e talvez por dez, dezesseis, vinte horas, nada mais faz do que viver dentro de est\u00edmulos de ambi\u00e7\u00e3o e sedu\u00e7\u00f5es de corrup\u00e7\u00e3o. Sim, porque o seu \u00e9 s\u00f3 um combate contra a lux\u00faria, a guerra e o \u00f3dio:<strong> mas combater \u00e9 viver como sinal de contradi\u00e7\u00e3o.<\/strong>  <strong>Igino Giordani<\/strong>, <em><strong>Le due citt\u00e0<\/strong>, Citt\u00e0 Nuova, 1961. <\/em><\/p>\n","protected":false},"excerpt":{"rendered":"<p>Uma pol\u00edtica voltada a suscitar o bem, guiada pela justi\u00e7a aperfei\u00e7oada pela caridade. Como edifica-se a cidade do homem que aponta \u00e0 cidade de Deus, segundo Igino Giordani.<br \/>\n<\/p>\n<p style=\"text-align: left\" align=\"right\"><span style=\"color: #008080\"><a href=\"http:\/\/www.iginogiordani.info\/\"><span style=\"color: #008080\">&gt;&gt;Centro Igino Giordani&gt;&gt;<\/span><\/a><\/span><\/p>\n","protected":false},"author":27,"featured_media":0,"comment_status":"open","ping_status":"open","sticky":false,"template":"","format":"standard","meta":{"give_campaign_id":0,"_seopress_robots_primary_cat":"","_seopress_titles_title":"","_seopress_titles_desc":"","_seopress_robots_index":"","_et_pb_use_builder":"","_et_pb_old_content":"","_et_gb_content_width":"","footnotes":""},"categories":[129],"tags":[],"class_list":["post-344676","post","type-post","status-publish","format-standard","hentry","category-sem-categoria"],"_links":{"self":[{"href":"https:\/\/www.focolare.org\/pt-pt\/wp-json\/wp\/v2\/posts\/344676","targetHints":{"allow":["GET"]}}],"collection":[{"href":"https:\/\/www.focolare.org\/pt-pt\/wp-json\/wp\/v2\/posts"}],"about":[{"href":"https:\/\/www.focolare.org\/pt-pt\/wp-json\/wp\/v2\/types\/post"}],"author":[{"embeddable":true,"href":"https:\/\/www.focolare.org\/pt-pt\/wp-json\/wp\/v2\/users\/27"}],"replies":[{"embeddable":true,"href":"https:\/\/www.focolare.org\/pt-pt\/wp-json\/wp\/v2\/comments?post=344676"}],"version-history":[{"count":0,"href":"https:\/\/www.focolare.org\/pt-pt\/wp-json\/wp\/v2\/posts\/344676\/revisions"}],"wp:attachment":[{"href":"https:\/\/www.focolare.org\/pt-pt\/wp-json\/wp\/v2\/media?parent=344676"}],"wp:term":[{"taxonomy":"category","embeddable":true,"href":"https:\/\/www.focolare.org\/pt-pt\/wp-json\/wp\/v2\/categories?post=344676"},{"taxonomy":"post_tag","embeddable":true,"href":"https:\/\/www.focolare.org\/pt-pt\/wp-json\/wp\/v2\/tags?post=344676"}],"curies":[{"name":"wp","href":"https:\/\/api.w.org\/{rel}","templated":true}]}}