{"id":344680,"date":"2012-03-16T09:00:51","date_gmt":"2012-03-16T08:00:51","guid":{"rendered":"https:\/\/www.focolare.org\/filipinas-jovens-url\/"},"modified":"2024-06-06T12:17:42","modified_gmt":"2024-06-06T10:17:42","slug":"filipinas-jovens-url","status":"publish","type":"post","link":"https:\/\/www.focolare.org\/pt-pt\/filipinas-jovens-url\/","title":{"rendered":"Filipinas: jovens URL"},"content":{"rendered":"<p><strong><img loading=\"lazy\" decoding=\"async\" class=\"ngg-singlepic ngg-none alignleft\" style=\"margin-right: 10px;border: 0pt none\" src=\"https:\/\/www.focolare.org\/wp-content\/blogs.dir\/1\/files\/anniversario-chiara-2012-gen-filippine\/14032012-08.jpg\" alt=\"14032012-08\" width=\"360\" height=\"239\" \/>URL<\/strong>. Desta vez n\u00e3o \u00e9 a <em>Unique Resource Location<\/em>, que permite identificar de modo inequ\u00edvoco o endere\u00e7o de um site na internet, mas \u00e9 <em>United in the Revolution of Love<\/em> &#8211; Unidos na Revolu\u00e7\u00e3o do Amor, o amor inspirado no Evangelho, aquele que milhares de jovens, no mundo inteiro, assimilaram dos ensinamentos e da vida de <a href=\"https:\/\/www.focolare.org\/pt\/chiara-lubich\/chi-e-chiara\/\" target=\"_blank\" rel=\"noopener\"><strong>Chiara Lubich<\/strong><\/a>, de quem, nestes dias, comemora-se o<strong> <a href=\"https:\/\/www.focolare.org\/pt\/news\/2012\/03\/14\/4-anniversario-della-nascita-al-cielo-di-chiara-lubich\/\" target=\"_blank\" rel=\"noopener\">4\u00ba \u00a0ano<\/a><\/strong> de falecimento.<\/p>\n<p>Foi o t\u00edtulo dado pelos jovens filipinos \u00e0 manifesta\u00e7\u00e3o do s\u00e1bado passado, dia 10 de mar\u00e7o, dia que escolheram para o tributo \u00e0 pessoa de Chiara e ao<a href=\"https:\/\/www.focolare.org\/pt\/news\/2012\/03\/10\/chiara-lubich-e-le-nuove-generazioni\/\" target=\"_blank\" rel=\"noopener\"><strong> impacto do seu carisma sobre os jovens de hoje e de ontem<\/strong><\/a>. Tamb\u00e9m o local era simb\u00f3lico: o antigo pavilh\u00e3o, de 400 anos, da <a href=\"http:\/\/www.ust.edu.ph\/\" target=\"_blank\" rel=\"noopener\"><strong>Universidade de S\u00e3o Tom\u00e1s<\/strong><\/a>, a Pontif\u00edcia Universidade Real que conferiu o<strong> <a href=\"https:\/\/www.focolare.org\/pt\/chiara-lubich\/chi-e-chiara\/riconoscimenti\/\" target=\"_blank\" rel=\"noopener\">doutorado em teologia a Chiara, em 1997<\/a><\/strong>.<\/p>\n<p>Frei Rolando De La Rosa, o 95\u00ba reitor da Universidade, nas suas boas vindas partilhou o seu encontro pessoal com Chiara naquele ano, apresentando-a como uma pessoa que vale a pena imitar, porque prop\u00f5e a santidade como uma meta ao alcance de todos.<\/p>\n<p>Os <a href=\"https:\/\/www.focolare.org\/pt\/movimento-dei-focolari\/scelte-e-impegno\/gen\/\" target=\"_blank\" rel=\"noopener\"><strong>gen<\/strong> <\/a>\u2013 jovens engajados no Movimento dos Focolares \u2013 lado a lado com a parte adulta do Movimento, testemunharam a \u201cconstela\u00e7\u00e3o de estrelas\u201d, segundo a intui\u00e7\u00e3o de Chiara de que teria existido dentro do Movimento uma \u201csegunda gera\u00e7\u00e3o\u201d, depois daquela que o iniciou. S\u00e3o eles os verdadeiros protagonistas da \u201crevolu\u00e7\u00e3o do amor\u201d.<\/p>\n<p><strong>Entre os 2000 jovens que enchiam o pavilh\u00e3o<\/strong> havia um grupo budista, que apresentou uma m\u00fasica sobre a unidade. Estiveram presentes tamb\u00e9m religiosos e religiosas de v\u00e1rias congrega\u00e7\u00f5es e alguns seminaristas, tocados pela mensagem dirigida por Chiara aos jovens, \u201cvoc\u00eas t\u00eam uma vida s\u00f3, vivam-na bem!\u201d, e pela vida radical que eles prop\u00f5em. Um jovem escreveu: <em>\u201cFoi o momento mais lindo que j\u00e1 vivi. Conhecer Chiara Lubich \u00e9 a maior chance que tive, porque, como muitas pessoas que a conheceram, eu tamb\u00e9m pude descobrir Deus, que \u00e9 o Amor\u201d<\/em>.<\/p>\n<p>Um dos participantes sintetizou assim as duas horas de programa\u00e7\u00e3o: <em>\u201cCelebrar o 4\u00ba anivers\u00e1rio do nascimento de Chiara no C\u00e9u: os discursos e os videoclip sobre ela falavam da possibilidade de dar in\u00edcio a uma revolu\u00e7\u00e3o capaz de mudar as vidas de milhares de pessoas. As entrevistas a pessoas de idade, profiss\u00e3o e posi\u00e7\u00f5es culturais diferentes salientavam o efeito revolucion\u00e1rio do Evangelho, quando \u00e9 colocado em pr\u00e1tica. As can\u00e7\u00f5es, as dan\u00e7as, os depoimentos, todos estavam centralizados sobre o for\u00e7a da vida de Chiara na sociedade, na Igreja e na humanidade, e davam a ideia do impacto do seu Ideal na vida das pessoas, nas suas diferentes culturas, nos relacionamentos interpessoais, as voca\u00e7\u00f5es, a arte, a pol\u00edtica, os neg\u00f3cios&#8230; em todos os aspectos da vida humana\u201d<\/em>.<\/p>\n<p>O encontro foi conclu\u00eddo com a solene celebra\u00e7\u00e3o da Missa, presidida pelo bispo Gerard Alminaza e concelebrada pelo bispo Antonio Tobias, encarregado pelo ecumenismo na Confer\u00eancia Episcopal Filipina. E enfim, os respons\u00e1veis pelos <a href=\"https:\/\/www.focolare.org\/pt\/focolare-worldwide\/asia\/filippine\/\" target=\"_blank\" rel=\"noopener\"><strong>Focolares nas Filipinas<\/strong><\/a> dirigiram-se a todos recordando as palavras desejadas por Chiara para o momento do seu encontro com Deus: \u201cSe tu me perguntasses quem sou n\u00e3o diria o meu nome, diria: sou \u2018OBRIGADO\u2019, por tudo e para sempre\u201d. Este foi o pensamento que todos levaram em seus cora\u00e7\u00f5es ao deixar o pavilh\u00e3o.<\/p>\n<div class=\"et_pb_slider et_pb_slider_fullwidth_off et_pb_gallery_post_type\">\n\t\t\t\t<div class=\"et_pb_slides\">\n\t\t\t\t\t\n\t\t\t\t<\/div>\n\t\t\t<\/div>\n","protected":false},"excerpt":{"rendered":"<p>O t\u00edtulo do evento que reuniu 2000 jovens em Manila (Filipinas) joga com o vocabul\u00e1rio da Internet. A recorda\u00e7\u00e3o de Chiara Lubich e da sua rela\u00e7\u00e3o privilegiada com as novas gera\u00e7\u00f5es.<\/p>\n","protected":false},"author":34,"featured_media":0,"comment_status":"open","ping_status":"open","sticky":false,"template":"","format":"standard","meta":{"give_campaign_id":0,"_seopress_robots_primary_cat":"","_seopress_titles_title":"","_seopress_titles_desc":"","_seopress_robots_index":"","_et_pb_use_builder":"","_et_pb_old_content":"","_et_gb_content_width":"","footnotes":""},"categories":[909],"tags":[],"class_list":["post-344680","post","type-post","status-publish","format-standard","hentry","category-focolare-worldwide-2-4"],"_links":{"self":[{"href":"https:\/\/www.focolare.org\/pt-pt\/wp-json\/wp\/v2\/posts\/344680","targetHints":{"allow":["GET"]}}],"collection":[{"href":"https:\/\/www.focolare.org\/pt-pt\/wp-json\/wp\/v2\/posts"}],"about":[{"href":"https:\/\/www.focolare.org\/pt-pt\/wp-json\/wp\/v2\/types\/post"}],"author":[{"embeddable":true,"href":"https:\/\/www.focolare.org\/pt-pt\/wp-json\/wp\/v2\/users\/34"}],"replies":[{"embeddable":true,"href":"https:\/\/www.focolare.org\/pt-pt\/wp-json\/wp\/v2\/comments?post=344680"}],"version-history":[{"count":0,"href":"https:\/\/www.focolare.org\/pt-pt\/wp-json\/wp\/v2\/posts\/344680\/revisions"}],"wp:attachment":[{"href":"https:\/\/www.focolare.org\/pt-pt\/wp-json\/wp\/v2\/media?parent=344680"}],"wp:term":[{"taxonomy":"category","embeddable":true,"href":"https:\/\/www.focolare.org\/pt-pt\/wp-json\/wp\/v2\/categories?post=344680"},{"taxonomy":"post_tag","embeddable":true,"href":"https:\/\/www.focolare.org\/pt-pt\/wp-json\/wp\/v2\/tags?post=344680"}],"curies":[{"name":"wp","href":"https:\/\/api.w.org\/{rel}","templated":true}]}}