{"id":344686,"date":"2012-03-19T02:00:42","date_gmt":"2012-03-19T01:00:42","guid":{"rendered":"https:\/\/www.focolare.org\/na-argentina-foi-inaugurado-o-novo-curso-anual-para-os-jovens-na-mariapolis-lia\/"},"modified":"2024-06-06T12:17:44","modified_gmt":"2024-06-06T10:17:44","slug":"na-argentina-foi-inaugurado-o-novo-curso-anual-para-os-jovens-na-mariapolis-lia","status":"publish","type":"post","link":"https:\/\/www.focolare.org\/pt-pt\/na-argentina-foi-inaugurado-o-novo-curso-anual-para-os-jovens-na-mariapolis-lia\/","title":{"rendered":"Na Argentina foi inaugurado o novo curso anual para os jovens, na Mari\u00e1polis Lia"},"content":{"rendered":"<p><img alt=\"\" alt=\"\" loading=\"lazy\" decoding=\"async\" class=\" wp-image-58602 alignleft\" style=\"margin: 5px\" src=\"https:\/\/www.focolare.org\/wp-content\/uploads\/2012\/03\/DSC00209-421x200.jpg\" alt=\"\" width=\"337\" height=\"160\" \/>Era uma tarde ensolarada de fim de ver\u00e3o. Na<a href=\"http:\/\/www.mariapolis.org.ar\/mariapolis\/index.htm\" target=\"_blank\" rel=\"noopener\"> <strong>Mari\u00e1polis Lia<\/strong><\/a> havia um clima sereno de festa. Estavam sendo celebrados os quatro anos de falecimento de <a href=\"https:\/\/www.focolare.org\/pt\/chiara-lubich\/chi-e-chiara\/\" target=\"_blank\" rel=\"noopener\"><strong>Chiara Lubich<\/strong><\/a>, e este ano, de modo especial, desejava-se colocar em evid\u00eancia a rela\u00e7\u00e3o da fundadora do Movimento dos Focolares com os jovens. N\u00e3o havia uma ocasi\u00e3o melhor para realizar o ato acad\u00eamico de abertura do <strong>\u201cCurso b\u00e1sico de Cultura da Unidade\u201d<\/strong> do ano de 2012, para os jovens <a href=\"https:\/\/www.focolare.org\/pt\/movimento-dei-focolari\/scelte-e-impegno\/gen\/\" target=\"_blank\" rel=\"noopener\"><strong>gen<\/strong><\/a>, provenientes de 17 na\u00e7\u00f5es, nessa escola muito original. S\u00e3o 80, de todos os pa\u00edses do continente americano e alguns da Europa, que interromperam os estudos, por um ano, e vieram a esta <a href=\"https:\/\/www.focolare.org\/pt\/news\/2011\/04\/15\/mariapolis-lia\/\" target=\"_blank\" rel=\"noopener\">Mari\u00e1polis permanente, mergulhada nos pampas argentinos<\/a> para formarem-se e tornarem-se construtores de fraternidade nos ambientes onde ir\u00e3o viver depois.  \u201cToda a vida, cada momento do dia, o trabalho nas v\u00e1rias oficinas, o esporte, o tempo dedicado \u00e0s aulas de liturgia, assim como os cuidados e o acompanhamento dado aos visitantes da Mari\u00e1polis, tudo \u00e9 considerado \u2018formativo\u2019\u201d, explicou-nos Adriana Otero, especialista em microbiologia e ambiente, respons\u00e1vel pela escola das gen. \u201cDe fato, \u2013 acrescentou Omar Diaz, pedagogo, respons\u00e1vel pela escola dos gen \u2013 como Chiara nos havia sugerido, a vida dessa escola deve girar ao redor de quatro \u2018comunh\u00f5es\u2019 cotidianas: a Eucaristia, a Palavra vivida em todos os momentos e situa\u00e7\u00f5es, o irm\u00e3o e Jesus em meio \u00e0 comunidade, uma presen\u00e7a que torna-se palp\u00e1vel quando existe a reciprocidade do amor\u201d.  A maior parte dos jovens concluiu o ensino m\u00e9dio e aqui vai ter a sua primeira experi\u00eancia de trabalho. Moram em grupos de 7 a 10 jovens, com tudo o que a conviv\u00eancia comporta: cozinhar, manter a ordem e a harmonia da casa, estar atentos \u00e0s necessidades dos outros&#8230; e tudo, naturalmente, temperado com aquele t\u00edpico sabor que s\u00f3 a internacionalidade pode dar!  \u201c\u00c9 muito bonito constatar que todos os anos chegam adolescentes que, na hora de voltar \u00e0s suas cidades de origem, v\u00e3o como pessoas adultas, com a alma e a mente dilatadas sobre a humanidade inteira\u201d, explicou Silvana Verd\u00fan, psicopedagoga boliviana, professora da escola.  <strong>Quais as expectativas dos jovens?<\/strong><img loading=\"lazy\" decoding=\"async\" class=\"alignright\" style=\"margin-left: 10px;margin-right: 10px\" src=\"https:\/\/www.focolare.org\/wp-content\/uploads\/2012\/03\/DSC00221-421x200.jpg\" alt=\"\" width=\"421\" height=\"200\" \/>  Luce \u2013 17 anos, argentina \u2013 prop\u00f5e-se crescer como pessoa e pensa que conviver com meninas de diversos lugares seja uma oportunidade muito rica. Andr\u00e9s \u2013 19 anos, venezuelano \u2013 espera aprender e crescer integralmente. Thomas \u2013 21 anos, da Eslov\u00e1quia \u2013 deseja aprofundar a sua rela\u00e7\u00e3o com Deus e com os irm\u00e3os.  Eles t\u00eam um ano inteiro para viver. Um caminho no qual encontrar\u00e3o estradas retas, curvas, subidas e precip\u00edcios. Um caminho que, embora bem definido, poder\u00e1 apresentar tamb\u00e9m surpresas inesperadas! Uma meta que ser\u00e1 alcan\u00e7ada com o esfor\u00e7o de cada um em transformar em vida, em fatos concretos, tudo o que for descobrindo, dia ap\u00f3s dia.<\/p>\n","protected":false},"excerpt":{"rendered":"<p>Ter\u00e7a-feira, dia 13 de mar\u00e7o, aconteceu o ato acad\u00eamico de abertura da Escola Gen. Participam dela 80 jovens, de 17 diferentes nacionalidades.<\/p>\n","protected":false},"author":1,"featured_media":0,"comment_status":"open","ping_status":"open","sticky":false,"template":"","format":"standard","meta":{"give_campaign_id":0,"_seopress_robots_primary_cat":"","_seopress_titles_title":"","_seopress_titles_desc":"","_seopress_robots_index":"","_et_pb_use_builder":"","_et_pb_old_content":"","_et_gb_content_width":"","footnotes":""},"categories":[909],"tags":[],"class_list":["post-344686","post","type-post","status-publish","format-standard","hentry","category-focolare-worldwide-2-4"],"_links":{"self":[{"href":"https:\/\/www.focolare.org\/pt-pt\/wp-json\/wp\/v2\/posts\/344686","targetHints":{"allow":["GET"]}}],"collection":[{"href":"https:\/\/www.focolare.org\/pt-pt\/wp-json\/wp\/v2\/posts"}],"about":[{"href":"https:\/\/www.focolare.org\/pt-pt\/wp-json\/wp\/v2\/types\/post"}],"author":[{"embeddable":true,"href":"https:\/\/www.focolare.org\/pt-pt\/wp-json\/wp\/v2\/users\/1"}],"replies":[{"embeddable":true,"href":"https:\/\/www.focolare.org\/pt-pt\/wp-json\/wp\/v2\/comments?post=344686"}],"version-history":[{"count":0,"href":"https:\/\/www.focolare.org\/pt-pt\/wp-json\/wp\/v2\/posts\/344686\/revisions"}],"wp:attachment":[{"href":"https:\/\/www.focolare.org\/pt-pt\/wp-json\/wp\/v2\/media?parent=344686"}],"wp:term":[{"taxonomy":"category","embeddable":true,"href":"https:\/\/www.focolare.org\/pt-pt\/wp-json\/wp\/v2\/categories?post=344686"},{"taxonomy":"post_tag","embeddable":true,"href":"https:\/\/www.focolare.org\/pt-pt\/wp-json\/wp\/v2\/tags?post=344686"}],"curies":[{"name":"wp","href":"https:\/\/api.w.org\/{rel}","templated":true}]}}