{"id":344694,"date":"2012-03-21T14:09:06","date_gmt":"2012-03-21T13:09:06","guid":{"rendered":"https:\/\/www.focolare.org\/14-de-marco-na-mariapolis-ginetta\/"},"modified":"2024-06-06T12:17:46","modified_gmt":"2024-06-06T10:17:46","slug":"14-de-marco-na-mariapolis-ginetta","status":"publish","type":"post","link":"https:\/\/www.focolare.org\/pt-pt\/14-de-marco-na-mariapolis-ginetta\/","title":{"rendered":"14 de mar\u00e7o na Mari\u00e1polis Ginetta"},"content":{"rendered":"<p><img alt=\"\" alt=\"\" loading=\"lazy\" decoding=\"async\" class=\"alignleft size-articolo_1 wp-image-58900\" style=\"border-style: initial;border-color: initial;border-width: 0px;margin: 10px\" src=\"https:\/\/www.focolare.org\/wp-content\/uploads\/2012\/03\/20120321-Brasile2-250x166.jpg\" alt=\"\" width=\"250\" height=\"166\" \/><strong>A igreja de Jesus Eucaristia estava repleta. <\/strong>Estiveram presentes autoridades civis, sacerdotes, seminaristas, habitantes da Mari\u00e1polis e amigos que frequentam as missas ou compartilham as atividades da Mari\u00e1polis.  A missa foi concelebrada e presidida pelo bispo da diocese Dom Erc\u00edlio Turco, que deixou falar o cora\u00e7\u00e3o ao manifestar seu apre\u00e7o por Chiara e, ao mesmo tempo, numa unidade fraterna expressou, em nome de todos, a gratid\u00e3o a Deus pela vida de <a href=\"https:\/\/www.focolare.org\/pt\/chiara-lubich\/chi-e-chiara\/\"><strong>Chiara<\/strong><\/a>, evidenciando aspectos lapidares do carisma.  \u201cNeste tempo da Quaresma meditei sobre a vida de Chiara \u2013 disse \u2013 uma vida caracterizada pelo Evangelho, pelo amor, pela comunh\u00e3o, pela ressurrei\u00e7\u00e3o\u201d. E continuou:  \u201cO Evangelho era a luz da sua vida. Ela era <a href=\"https:\/\/www.focolare.org\/pt\/chiara-lubich\/spiritualita-dellunita\/la-parola\/\"><strong>Palavra encarnada<\/strong><\/a>: a palavra Amor, \u201cAmai-vos uns aos outros como eu vos amei\u201d.  <img alt=\"\" alt=\"\" loading=\"lazy\" decoding=\"async\" class=\"alignleft size-articolo_1 wp-image-58901\" style=\"border-style: initial;border-color: initial;border-width: 0px;margin: 10px\" src=\"https:\/\/www.focolare.org\/wp-content\/uploads\/2012\/03\/20120321-Brasile3-250x166.jpg\" alt=\"\" width=\"250\" height=\"166\" \/>O amor n\u00e3o tem confim, \u00e9 infinito, n\u00e3o se limita\u2026 vai ao encontro dos irm\u00e3os, descobre a beleza das pessoas e das coisas. O amor deve marcar tamb\u00e9m a nossa vida.  O amor ajuda a compreender as pessoas e as suas necessidades. Em Chiara manifestou-se, inicialmente, na ajuda aos pobres. Via neles Jesus abandonado.  Mas muito maior ainda \u00e9 aquele amor que culmina na unidade, na comunh\u00e3o dos bens e na comunh\u00e3o entre as pessoas. Este amor almeja transformar o mundo. Conhecemos a beleza desta comunh\u00e3o entre pessoas diferentes, \u00e9 uma comunh\u00e3o que abra\u00e7a o mundo.  Neste caminho Chiara \u00e9 mestra, nos ajuda a ser testemunhas por meio de uma vida que fala mais do que as palavras, com gestos concretos, que diz ao mundo que o Evangelho doa a vida.  Que o S\u00ednodo possa ajudar a evangeliza\u00e7\u00e3o, como Chiara foi realmente: Evangelho que \u00e9 an\u00fancio\u201d.<\/p>\n","protected":false},"excerpt":{"rendered":"<p>O coral da Mari\u00e1polis, com representantes de todos seus habitantes, acolheu os presentes e criou o clima de solenidade para a celebra\u00e7\u00e3o da missa no dia 14 de mar\u00e7o, o mesmo da partida para o c\u00e9u de Chiara Lubich h\u00e1 quatro anos, elevando todos para este momento particular de uni\u00e3o entre c\u00e9u e terra.<\/p>\n","protected":false},"author":34,"featured_media":0,"comment_status":"open","ping_status":"open","sticky":false,"template":"","format":"standard","meta":{"give_campaign_id":0,"_seopress_robots_primary_cat":"","_seopress_titles_title":"","_seopress_titles_desc":"","_seopress_robots_index":"","_et_pb_use_builder":"","_et_pb_old_content":"","_et_gb_content_width":"","footnotes":""},"categories":[909],"tags":[],"class_list":["post-344694","post","type-post","status-publish","format-standard","hentry","category-focolare-worldwide-2-4"],"_links":{"self":[{"href":"https:\/\/www.focolare.org\/pt-pt\/wp-json\/wp\/v2\/posts\/344694","targetHints":{"allow":["GET"]}}],"collection":[{"href":"https:\/\/www.focolare.org\/pt-pt\/wp-json\/wp\/v2\/posts"}],"about":[{"href":"https:\/\/www.focolare.org\/pt-pt\/wp-json\/wp\/v2\/types\/post"}],"author":[{"embeddable":true,"href":"https:\/\/www.focolare.org\/pt-pt\/wp-json\/wp\/v2\/users\/34"}],"replies":[{"embeddable":true,"href":"https:\/\/www.focolare.org\/pt-pt\/wp-json\/wp\/v2\/comments?post=344694"}],"version-history":[{"count":0,"href":"https:\/\/www.focolare.org\/pt-pt\/wp-json\/wp\/v2\/posts\/344694\/revisions"}],"wp:attachment":[{"href":"https:\/\/www.focolare.org\/pt-pt\/wp-json\/wp\/v2\/media?parent=344694"}],"wp:term":[{"taxonomy":"category","embeddable":true,"href":"https:\/\/www.focolare.org\/pt-pt\/wp-json\/wp\/v2\/categories?post=344694"},{"taxonomy":"post_tag","embeddable":true,"href":"https:\/\/www.focolare.org\/pt-pt\/wp-json\/wp\/v2\/tags?post=344694"}],"curies":[{"name":"wp","href":"https:\/\/api.w.org\/{rel}","templated":true}]}}