{"id":344714,"date":"2012-03-27T03:43:05","date_gmt":"2012-03-27T01:43:05","guid":{"rendered":"https:\/\/www.focolare.org\/o-show-da-vida-o-gen-rosso-na-peninsula-iberica\/"},"modified":"2024-06-06T12:17:49","modified_gmt":"2024-06-06T10:17:49","slug":"o-show-da-vida-o-gen-rosso-na-peninsula-iberica","status":"publish","type":"post","link":"https:\/\/www.focolare.org\/pt-pt\/o-show-da-vida-o-gen-rosso-na-peninsula-iberica\/","title":{"rendered":"\u201cO show da vida!\u201d. O Gen Rosso na Pen\u00ednsula Ib\u00e9rica"},"content":{"rendered":"<p><strong><img alt=\"\" alt=\"\" loading=\"lazy\" decoding=\"async\" class=\"alignright size-articolo_1 wp-image-59335\" style=\"border-style: initial;border-color: initial;border-width: 0px;margin: 10px\" src=\"https:\/\/www.focolare.org\/wp-content\/uploads\/2012\/03\/20120327-01-250x166.jpg\" alt=\"\" width=\"250\" height=\"166\" \/>Trinta e quatro dias, cinco cidades, treze compromissos oficiais<\/strong>, alguns, como os workshops, com v\u00e1rios dias de dura\u00e7\u00e3o, para um envolvimento efetivo e concreto dos jovens na prepara\u00e7\u00e3o dos shows. E depois, conhecendo o <a href=\"http:\/\/www.genrosso.com\/index.php?lang=pt\" target=\"_blank\" rel=\"noopener\"><strong>Gen Rosso<\/strong><\/a>, a estes ser\u00e3o acrescentados outros momentos, que n\u00e3o entram na programa\u00e7\u00e3o oficial, mas que constroem aquelas rela\u00e7\u00f5es que fazem de cada turn\u00ea um evento: a visita a algum lugar especial, o encontro familiar com os amigos e os f\u00e3s de sempre, um olhar, uma conversa&#8230;  De 19 de mar\u00e7o a 22 de abril o Gen Rosso est\u00e1 em turn\u00ea na <a href=\"https:\/\/www.focolare.org\/pt\/focolare-worldwide\/europa\/spagna\/\" target=\"_blank\" rel=\"noopener\"><strong>Espanha<\/strong> <\/a>e <strong>Portugal<\/strong>, e os primeiros n\u00fameros prometem, ainda que possa parecer complicado pensar no rock associado a mensagens de paz, solidariedade, fraternidade ou esperan\u00e7a.  Mas com frequ\u00eancia os estere\u00f3tipos morrem, e foi o que o Gen Rosso comprovou no dia 19 de mar\u00e7o na sala \u201cEl Batel\u201d, inaugurada na semana anterior pela Rainha Sofia.  <img alt=\"\" alt=\"\" loading=\"lazy\" decoding=\"async\" class=\"alignleft size-articolo_1 wp-image-59336\" style=\"border-style: initial;border-color: initial;border-width: 0px;margin: 10px\" src=\"https:\/\/www.focolare.org\/wp-content\/uploads\/2012\/03\/20120327-02-250x264.jpg\" alt=\"\" width=\"250\" height=\"264\" \/>Escreveu-nos <strong>Tomek Mikusinski<\/strong>, do Gen Rosso: \u00abFoi a primeira vez que fizemos o nosso show \u201c<em>Dimens\u00e3o Indel\u00e9vel\u201d<\/em> em <strong>Cartagena<\/strong>, no sul da Espanha. Com este espet\u00e1culo estamos procurando transmitir, atrav\u00e9s do rock, valores como a paz, a justi\u00e7a social, o amor, a solidariedade e a conviv\u00eancia pac\u00edfica entre etnias e culturas\u00bb.  Entre as 900 pessoas presentes esteve tamb\u00e9m<strong> <\/strong><strong><strong>Jos\u00e9 Manuel Lorca Planes<\/strong>, <\/strong>que n\u00e3o \u00e9 apenas um grande f\u00e3 do Gen Rosso h\u00e1 muitos anos, mas tamb\u00e9m o bispo de Cartagena: \u00abVoc\u00eas conjugaram uma linguagem moderna com a inconfund\u00edvel mensagem crist\u00e3\u00bb &#8211; declarou, dando a entender que conhece muito bem o repert\u00f3rio art\u00edstico do grupo.  Em seguida, o encontro marcado com os mais jovens e o <a href=\"https:\/\/www.focolare.org\/pt\/news\/2010\/06\/06\/una-chance-di-riscatto-2\/\" target=\"_blank\" rel=\"noopener\"><strong>projeto \u201cFortes sem viol\u00eancia\u201d<\/strong><\/a>, realizado na cidade, com um workshop e dois espet\u00e1culos \u201c<em>Streetlight<\/em>\u201d, com mais de mil participantes.  Entre os muitos coment\u00e1rios, o do jornalista <strong>Alvaro Prian<\/strong> exprime bem o que aconteceu nestes quatro primeiros dias em Cartagena: <em>\u00abO show exprime a exist\u00eancia de outra linguagem, que \u00e9 a raiz do amor, da amizade e de todas as experi\u00eancias positivas. Os componentes do grupo, embora de proveni\u00eancias diferentes, entendem-se perfeitamente com os estudantes por meio da linguagem do olhar, do sorriso e principalmente do cora\u00e7\u00e3o. \u00c9 o que se descobre aos poucos, trabalhando lado a lado, durante os quatro dias das oficinas, os &#8220;workshops&#8221;, com entusiasmo e interesse. De algum modo toda a cidade de Cartagena viveu isso (&#8230;) todos tornamo-nos irm\u00e3os. Bastaram poucos dias para entender onde fomos parar: num show da vida!\u00bb.<\/em>  <strong>Albacete, Tomares, Braga e Sevilha<\/strong> s\u00e3o as pr\u00f3ximas cidades que esperam o Gen Rosso, com alguns eventos imperd\u00edveis: nos col\u00e9gios, nas penitenci\u00e1rias para menores, com a imprescind\u00edvel contribui\u00e7\u00e3o dos jovens&#8230; de ontem e de hoje.<\/p>\n","protected":false},"excerpt":{"rendered":"<p>Um m\u00eas de turn\u00ea na Espanha e Portugal: concertos, workshops, encontros, surpresas. Um espet\u00e1culo fora do palco.<\/p>\n","protected":false},"author":34,"featured_media":0,"comment_status":"open","ping_status":"open","sticky":false,"template":"","format":"standard","meta":{"give_campaign_id":0,"_seopress_robots_primary_cat":"","_seopress_titles_title":"","_seopress_titles_desc":"","_seopress_robots_index":"","_et_pb_use_builder":"","_et_pb_old_content":"","_et_gb_content_width":"","footnotes":""},"categories":[909],"tags":[],"class_list":["post-344714","post","type-post","status-publish","format-standard","hentry","category-focolare-worldwide-2-4"],"_links":{"self":[{"href":"https:\/\/www.focolare.org\/pt-pt\/wp-json\/wp\/v2\/posts\/344714","targetHints":{"allow":["GET"]}}],"collection":[{"href":"https:\/\/www.focolare.org\/pt-pt\/wp-json\/wp\/v2\/posts"}],"about":[{"href":"https:\/\/www.focolare.org\/pt-pt\/wp-json\/wp\/v2\/types\/post"}],"author":[{"embeddable":true,"href":"https:\/\/www.focolare.org\/pt-pt\/wp-json\/wp\/v2\/users\/34"}],"replies":[{"embeddable":true,"href":"https:\/\/www.focolare.org\/pt-pt\/wp-json\/wp\/v2\/comments?post=344714"}],"version-history":[{"count":0,"href":"https:\/\/www.focolare.org\/pt-pt\/wp-json\/wp\/v2\/posts\/344714\/revisions"}],"wp:attachment":[{"href":"https:\/\/www.focolare.org\/pt-pt\/wp-json\/wp\/v2\/media?parent=344714"}],"wp:term":[{"taxonomy":"category","embeddable":true,"href":"https:\/\/www.focolare.org\/pt-pt\/wp-json\/wp\/v2\/categories?post=344714"},{"taxonomy":"post_tag","embeddable":true,"href":"https:\/\/www.focolare.org\/pt-pt\/wp-json\/wp\/v2\/tags?post=344714"}],"curies":[{"name":"wp","href":"https:\/\/api.w.org\/{rel}","templated":true}]}}