{"id":344788,"date":"2012-04-13T04:00:03","date_gmt":"2012-04-13T02:00:03","guid":{"rendered":"https:\/\/www.focolare.org\/12-de-maio-juntos-pela-europa\/"},"modified":"2024-06-06T12:18:04","modified_gmt":"2024-06-06T10:18:04","slug":"12-de-maio-juntos-pela-europa","status":"publish","type":"post","link":"https:\/\/www.focolare.org\/pt-pt\/12-de-maio-juntos-pela-europa\/","title":{"rendered":"12 de maio \u2013 Juntos pela Europa"},"content":{"rendered":"<p><img alt=\"\" alt=\"\" loading=\"lazy\" decoding=\"async\" class=\"alignleft size-full wp-image-61062\" style=\"margin-right: 10px;border: 0pt none\" src=\"https:\/\/www.focolare.org\/wp-content\/uploads\/2012\/04\/20120412-011.jpg\" alt=\"\" width=\"369\" height=\"210\" \/>Uma economia equitativa, a integra\u00e7\u00e3o dos marginalizados e dos refugiados, fam\u00edlias por uma sociedade mais humana. S\u00e3o algumas das atuais emerg\u00eancias da Europa das quais se falar\u00e1 no dia <strong>12 de maio, em Bruxelas<\/strong> (B\u00e9lgica), durante o evento central de <a href=\"https:\/\/www.focolare.org\/pt\/news\/category\/eventi\/Insieme-per-leuropa-2012\/\" target=\"_blank\" rel=\"noopener\"><strong>\u201cJuntos pela Europa\u201d<\/strong><\/a>, uma manifesta\u00e7\u00e3o popular que acontecer\u00e1, no mesmo dia, tamb\u00e9m em muitas outras cidades do continente, com formatos diferentes.  Um deles \u00e9 o dos adolescentes. Simultaneamente a \u201cJuntos pela Europa\u201d estar\u00e1 acontecendo a edi\u00e7\u00e3o 2012 de <strong>Run4Unity<\/strong>, o revezamento esportivo mundial promovido pelo <a href=\"https:\/\/www.focolare.org\/pt\/movimento-dei-focolari\/un-popolo\/rpu\/\" target=\"_blank\" rel=\"noopener\"><strong>Movimento Juvenil pela Unidade<\/strong><\/a>, do Movimento dos Focolares.  Os objetivos comuns est\u00e3o sintetizados numa s\u00e9rie de \u201cSim\u201d (\u00e0 paz, \u00e0 solidariedade, \u00e0 vida e \u00e0 fam\u00edlia, \u00e0 cria\u00e7\u00e3o, \u00e0 economia justa) que os jovens, com a sua criatividade, exprimiram atrav\u00e9s dos sinais matem\u00e1ticos. Em muitos dos locais por onde passar\u00e1 o revezamento mundial, os adolescentes far\u00e3o um flash mob para escrever a palavra \u201cSim\u201d nas diferentes l\u00ednguas.  <strong>Linhas gerais da programa\u00e7\u00e3o do dia 12 de maio, no Square Meeting Center de Bruxelas<\/strong>  <strong>Ap\u00f3s a sauda\u00e7\u00e3o<\/strong> \u00e0 cidade de Bruxelas e a outras 150 cidades envolvidas num \u00fanico evento europeu, a apresenta\u00e7\u00e3o de <strong>\u201cJuntos pela Europa: o que \u00e9, como nasceu e o que oferece \u00e0 Europa de hoje\u201d<\/strong>, feita pela presidente do Movimento dos Focolares, Maria Voce. Falar\u00e1 Romano Prodi, ex-presidente da Comiss\u00e3o Europeia, com uma reflex\u00e3o sobre <strong>\u201cContribui\u00e7\u00e3o de Comunidades e Movimentos crist\u00e3os \u00e0 Europa de hoje\u201d<\/strong>.  Depois <strong>a palavra passar\u00e1 aos estudantes universit\u00e1rios europeus<\/strong>, em seguida haver\u00e1 uma panor\u00e2mica sobre <strong>as emerg\u00eancias atuais da Europa<\/strong> e sobre o empenho para a tutela da vida e do ambiente, pela paz e a cidadania ativa. A segunda parte do programa, a partir das 17 horas (hora local), ser\u00e1 <strong>transmitida na Internet e via sat\u00e9lite, em conex\u00e3o com os outros eventos locais<\/strong>.  Ter\u00e1 a palavra <strong>Andr\u00e9 Riccardi<\/strong>, fundador da <a href=\"http:\/\/www.santegidio.org\/index.php?langID=pt\" target=\"_blank\" rel=\"noopener\"><strong>Comunidade de Sant\u2019Eg\u00eddio<\/strong><\/a> e Ministro do Governo Italiano para a Coopera\u00e7\u00e3o internacional e a Integra\u00e7\u00e3o, e ser\u00e1 dado espa\u00e7o \u00e0 <strong>vis\u00e3o da Europa e ao engajamento criativo dos adolescentes.<\/strong>  <strong>Estar\u00e3o presentes os representantes das institui\u00e7\u00f5es europeias<\/strong>, Herman Van Rompuy, presidente do Conselho Europeu, com uma mensagem em v\u00eddeo, e Martin Schulz, Presidente do Parlamento Europeu.  <strong>Na conclus\u00e3o<\/strong>, Thomas R\u00f6mer, respons\u00e1vel pela ACM de M\u00f4naco, a apresenta\u00e7\u00e3o do<strong> \u201cManifesto de Bruxelas 2012\u201d<\/strong>. Foi conferida ao evento a medalha de representa\u00e7\u00e3o do Presidente da Rep\u00fablica Italiana, Giorgio Napolitano, e o mesmo desenvolve-se sob o patroc\u00ednio de Jos\u00e9 Manuel Barroso, Presidente da Comiss\u00e3o Europeia; Thorbj\u00f8rn Jagland, Secret\u00e1rio geral do Conselho da Europa; Irina Bokova, Diretora geral da UNESCO.  Download do programa completo:  <a href=\"http:\/\/together4europe.org\/it\/component\/docman\/doc_download\/114-programma-bruxelles-2012.html\">http:\/\/together4europe.org\/it\/component\/docman\/doc_download\/114-programma-bruxelles-2012.html<\/a><\/p>\n","protected":false},"excerpt":{"rendered":"<p>T\u00f3picos da programa\u00e7\u00e3o do evento que envolver\u00e1 o continente europeu, em Bruxelas, no pr\u00f3ximo m\u00eas de maio. Os adolescentes na linha de frente com Run4Unity.<\/p>\n","protected":false},"author":34,"featured_media":0,"comment_status":"open","ping_status":"open","sticky":false,"template":"","format":"standard","meta":{"give_campaign_id":0,"_seopress_robots_primary_cat":"","_seopress_titles_title":"","_seopress_titles_desc":"","_seopress_robots_index":"","_et_pb_use_builder":"","_et_pb_old_content":"","_et_gb_content_width":"","footnotes":""},"categories":[909],"tags":[],"class_list":["post-344788","post","type-post","status-publish","format-standard","hentry","category-focolare-worldwide-2-4"],"_links":{"self":[{"href":"https:\/\/www.focolare.org\/pt-pt\/wp-json\/wp\/v2\/posts\/344788","targetHints":{"allow":["GET"]}}],"collection":[{"href":"https:\/\/www.focolare.org\/pt-pt\/wp-json\/wp\/v2\/posts"}],"about":[{"href":"https:\/\/www.focolare.org\/pt-pt\/wp-json\/wp\/v2\/types\/post"}],"author":[{"embeddable":true,"href":"https:\/\/www.focolare.org\/pt-pt\/wp-json\/wp\/v2\/users\/34"}],"replies":[{"embeddable":true,"href":"https:\/\/www.focolare.org\/pt-pt\/wp-json\/wp\/v2\/comments?post=344788"}],"version-history":[{"count":0,"href":"https:\/\/www.focolare.org\/pt-pt\/wp-json\/wp\/v2\/posts\/344788\/revisions"}],"wp:attachment":[{"href":"https:\/\/www.focolare.org\/pt-pt\/wp-json\/wp\/v2\/media?parent=344788"}],"wp:term":[{"taxonomy":"category","embeddable":true,"href":"https:\/\/www.focolare.org\/pt-pt\/wp-json\/wp\/v2\/categories?post=344788"},{"taxonomy":"post_tag","embeddable":true,"href":"https:\/\/www.focolare.org\/pt-pt\/wp-json\/wp\/v2\/tags?post=344788"}],"curies":[{"name":"wp","href":"https:\/\/api.w.org\/{rel}","templated":true}]}}