{"id":344838,"date":"2012-05-04T06:00:19","date_gmt":"2012-05-04T04:00:19","guid":{"rendered":"https:\/\/www.focolare.org\/uma-luz-na-doenca\/"},"modified":"2024-06-06T12:18:15","modified_gmt":"2024-06-06T10:18:15","slug":"uma-luz-na-doenca","status":"publish","type":"post","link":"https:\/\/www.focolare.org\/pt-pt\/uma-luz-na-doenca\/","title":{"rendered":"Uma luz na doen\u00e7a"},"content":{"rendered":"<p><strong><img alt=\"\" alt=\"\" loading=\"lazy\" decoding=\"async\" class=\"alignleft size-full wp-image-62822\" style=\"margin-right: 10px;border: 0pt none\" src=\"https:\/\/www.focolare.org\/wp-content\/uploads\/2012\/05\/20120504-01.jpg\" alt=\"\" width=\"210\" height=\"128\" \/>\u00abH\u00e1 cerca de quatro anos, quando foi diagnosticada em Fernando a Esclerose Lateral Amiotr\u00f3fica (ELA)<\/strong>, um arrepio percorreu toda a minha pessoa \u2013 conta Maria -. Fiquei amargurada e cheia de medo. Intuindo o meu estado de alma ele sussurrou: \u201cEu estou pronto, voc\u00ea vai ver que Deus nos dar\u00e1 a gra\u00e7a para esse momento precioso\u201d. Eu senti que estava renascendo; eu tamb\u00e9m queria aderir ao des\u00edgnio de amor que Deus preparara para n\u00f3s. E foi assim que come\u00e7amos esta aventura.<\/p>\n<p><strong>Depois de algum tempo Fernando foi levado a uma UTI, por causa de uma crise respirat\u00f3ria<\/strong>, mas o nosso modo sereno de enfrentar a doen\u00e7a e a atitude de amor que ele tinha para com os m\u00e9dicos e enfermeiros, fez com que a aproxima\u00e7\u00e3o, rigidamente profissional, se tornasse familiar e amorosa.<\/p>\n<p>Toda a fam\u00edlia do <a href=\"https:\/\/www.focolare.org\/pt\/movimento-dei-focolari\/storia\/\" target=\"_blank\" rel=\"noopener\"><strong>Movimento dos Focolares<\/strong><\/a>, e as pessoas conhecidas durante a nossa vida, est\u00e3o ao nosso lado. E existe uma verdadeira competi\u00e7\u00e3o de amor: jamais precisei tomar um \u00f4nibus, foi organizado um turno para levar-me ao hospital e para desembara\u00e7ar o grande protocolo necess\u00e1rio para ativar a assist\u00eancia domiciliar.<\/p>\n<p>Quando voltamos para casa enfrentei as dificuldades da vida di\u00e1ria, para dar assist\u00eancia a Fernando dia e noite, e aprendi a usar os instrumentos necess\u00e1rios para garantir a sua vida. <strong>Durante a noite os meus ouvidos est\u00e3o sempre atentos e o meu sono facilmente se interrompe<\/strong>. Mas, se algumas vezes fico um pouco tensa, o olhar amoroso de Fernando sempre me sustenta.<\/p>\n<p>Nesses quatro anos experimentei constantemente que Deus \u00e9 Pai e se faz presente cada dia, nos modos mais inesperados, principalmente atrav\u00e9s dos irm\u00e3os. Uma manh\u00e3, a m\u00e9dica que veio para o tratamento encontrou-me de cama, eu n\u00e3o estava bem. Depois de fazer o seu trabalho ela preparou uma sopa, colocou as roupas para lavar na m\u00e1quina e deu a comida para Fernando.<\/p>\n<p>E pequenos fatos como esse acontecem todo dia. Um domingo tinha se acabado a reserva de luvas, necess\u00e1rias para os servi\u00e7os de assist\u00eancia, e naquele momento, sem saber de nada, a minha vizinha chegou com uma caixa de cem luvas. At\u00e9 os pequenos deveres de sempre encontram uma solu\u00e7\u00e3o, porque algu\u00e9m toca a campainha e diz: <em>\u201cVoc\u00ea tem alguma conta para pagar?<\/em>\u201d.<\/p>\n<p><strong>Fernando nunca faz o papel de doente.<\/strong> Com os seus 87 anos predominam nele a alegria e o grande \u00e2nimo para com todos. Mant\u00eam-se atualizado e continua sempre a acompanhar a pol\u00edtica, principalmente a escola do <a href=\"https:\/\/www.focolare.org\/pt\/in-dialogo\/cultura\/politica\/\" target=\"_blank\" rel=\"noopener\"><strong>Movimento Pol\u00edtico pela Unidade<\/strong><\/a>. Ele, que foi prefeito de Ghilarza (Oristano) por tr\u00eas mandatos, e diretor do CED (Centro de Elabora\u00e7\u00e3o de Dados, da Regi\u00e3o Sardenha), tem no cora\u00e7\u00e3o especialmente os jovens, sugere que eles se comprometam na pol\u00edtica, e recomenda: <em>\u201c\u00c9 preciso fazer a purifica\u00e7\u00e3o do pensamento\u201d<\/em>.<\/p>\n<p><strong>Entretanto a doen\u00e7a progride e impede as a\u00e7\u00f5es mais simples e elementares<\/strong>, mas ele vive essa realidade numa dimens\u00e3o \u201ccelestial\u201d, buscando fazer a vontade de Deus com simplicidade, como quando estava bem, e a sua f\u00e9 sustenta todos n\u00f3s que estamos com ele. Se algu\u00e9m o visita e demonstra pena, ele depois me diz: <em>\u201cEles falam de morte, eu sinto que a vida transborda!\u201d<\/em>. E n\u00e3o hesita em comunicar, a quem acredita ou n\u00e3o, a sua experi\u00eancia e filosofia de vida: <em>\u201cEntrego-me inteiramente a Deus, como Jesus. Quando tenho medo n\u00e3o temo. O medo destr\u00f3i a vida\u201d<\/em>\u00bb.<\/p>\n","protected":false},"excerpt":{"rendered":"<p>Uma experi\u00eancia de luz num mundo atravessado pela escurid\u00e3o da morte; \u00e9 o que est\u00e3o vivendo Fernando e sua esposa, Maria, de Cagliari (It\u00e1lia), superando o medo que nasce s\u00f3 em pronunciar a palavra ELA: Esclerose Lateral Amiotr\u00f3fica.<\/p>\n","protected":false},"author":27,"featured_media":0,"comment_status":"open","ping_status":"open","sticky":false,"template":"","format":"standard","meta":{"give_campaign_id":0,"_seopress_robots_primary_cat":"","_seopress_titles_title":"","_seopress_titles_desc":"","_seopress_robots_index":"","_et_pb_use_builder":"","_et_pb_old_content":"","_et_gb_content_width":"","footnotes":""},"categories":[909],"tags":[],"class_list":["post-344838","post","type-post","status-publish","format-standard","hentry","category-focolare-worldwide-2-4"],"_links":{"self":[{"href":"https:\/\/www.focolare.org\/pt-pt\/wp-json\/wp\/v2\/posts\/344838","targetHints":{"allow":["GET"]}}],"collection":[{"href":"https:\/\/www.focolare.org\/pt-pt\/wp-json\/wp\/v2\/posts"}],"about":[{"href":"https:\/\/www.focolare.org\/pt-pt\/wp-json\/wp\/v2\/types\/post"}],"author":[{"embeddable":true,"href":"https:\/\/www.focolare.org\/pt-pt\/wp-json\/wp\/v2\/users\/27"}],"replies":[{"embeddable":true,"href":"https:\/\/www.focolare.org\/pt-pt\/wp-json\/wp\/v2\/comments?post=344838"}],"version-history":[{"count":0,"href":"https:\/\/www.focolare.org\/pt-pt\/wp-json\/wp\/v2\/posts\/344838\/revisions"}],"wp:attachment":[{"href":"https:\/\/www.focolare.org\/pt-pt\/wp-json\/wp\/v2\/media?parent=344838"}],"wp:term":[{"taxonomy":"category","embeddable":true,"href":"https:\/\/www.focolare.org\/pt-pt\/wp-json\/wp\/v2\/categories?post=344838"},{"taxonomy":"post_tag","embeddable":true,"href":"https:\/\/www.focolare.org\/pt-pt\/wp-json\/wp\/v2\/tags?post=344838"}],"curies":[{"name":"wp","href":"https:\/\/api.w.org\/{rel}","templated":true}]}}