{"id":344888,"date":"2012-05-20T04:05:06","date_gmt":"2012-05-20T02:05:06","guid":{"rendered":"https:\/\/www.focolare.org\/filipinas-as-ternas-notas-das-criancas-de-plas\/"},"modified":"2024-06-06T12:18:24","modified_gmt":"2024-06-06T10:18:24","slug":"filipinas-as-ternas-notas-das-criancas-de-plas","status":"publish","type":"post","link":"https:\/\/www.focolare.org\/pt-pt\/filipinas-as-ternas-notas-das-criancas-de-plas\/","title":{"rendered":"Filipinas: As ternas notas das crian\u00e7as de Plas"},"content":{"rendered":"<p><img alt=\"\" alt=\"\" loading=\"lazy\" decoding=\"async\" class=\"alignleft  wp-image-64120\" style=\"margin-right: 10px;border: 0pt none\" src=\"https:\/\/www.focolare.org\/wp-content\/uploads\/2012\/05\/20120518-02.jpg\" alt=\"\" width=\"307\" height=\"205\" \/><\/p>\n<p><strong>Filipinas: <\/strong>um professor de viol\u00e3o encontra, por acaso, um grupo de de crian\u00e7as que vivem \u00e0 beira da estrada, necessitados de tudo e esquecidos por todos. Ele decide dedicar o seu tempo, mas especialmente o seu cora\u00e7\u00e3o, para melhorar as condi\u00e7\u00f5es de vida dessas crian\u00e7as, envolvendo amigos e institui\u00e7\u00f5es, encontrando um lar e ensinando a esses &#8220;pequenos&#8221; os segredos da m\u00fasica.<\/p>\n<p><strong>Tacloban City<\/strong>\u00a0est\u00e1 localizada na ilha de Leyte, no nordeste das\u00a0<strong>Filipinas<\/strong>.\u00a0<strong>Pl\u00e1cido Maga<\/strong>, mais conhecido pelo nome de\u00a0<strong>&#8220;Plas&#8221;<\/strong>, que mora nesta cidade desde 1991, vive o ideal da fraternidade e se esfor\u00e7a para concretizar este compromisso na vida real de cada dia.<\/p>\n<p>Em 1996,\u00a0<strong>Pl\u00e1cido come\u00e7ou a trabalhar como professor de viol\u00e3o<\/strong>, ensinando crian\u00e7as em diferentes escolas de ensino fundamental. O ensino torna-se assim\u00a0<strong>uma oportunidade para amar e servir o pr\u00f3ximo atrav\u00e9s deste seu talento musical.<\/strong><\/p>\n<p><strong>Ano 2000: andando pelas ruas de Ormoc, uma cidade de sua prov\u00edncia, Pl\u00e1cido avistou algumas crian\u00e7as deitadas na rua, usando papel\u00e3o e jornais como tapetes e abrigo.<\/strong>\u00a0Outras crian\u00e7as n\u00e3o tinham nem roupas para se protegerem contra o frio. Ele decide se aproximar deles e descobre que nem sequer t\u00eam algo para comer, dormindo, quase sempre, com o est\u00f4mago vazio.<\/p>\n<p><strong>Impressionado com a situa\u00e7\u00e3o, Pl\u00e1cido compra um pouco de comida para dar \u00e0s crian\u00e7as<\/strong>\u00a0que, sentindo-se acolhidas e amadas, contam a ele a situa\u00e7\u00e3o em que vivem. Plas decidiu voltar no dia seguinte para encontrar as crian\u00e7as: eles, os mais esquecidos, mas tamb\u00e9m os mais vulner\u00e1veis da cidade, est\u00e3o encontrando um novo amigo, e quase n\u00e3o resistem de tanta felicidade.<\/p>\n<p><strong>Voltam \u00e0 mente de Pl\u00e1cido as palavras que\u00a0<a href=\"http:\/\/www.centrochiaralubich.org\/br.html\" target=\"_blank\" rel=\"noopener\">Chiara Lubich<\/a>,<\/strong> a primeira a viver esse ideal, anos atr\u00e1s havia dirigido a algumas pessoas:\u00a0<em><strong>\u00abQuando damos algo de n\u00f3s mesmos, colocando amor em cada a\u00e7\u00e3o, a vida cresce dentro de n\u00f3s\u00bb.\u00a0<\/strong><\/em>E a felicidade que sente naquela noite \u00e9 a prova.<\/p>\n<p><strong>No dia seguinte Pl\u00e1cido volta para a rua e mant\u00e9m sua promessa de passar um tempo com seus pequenos amigos.<\/strong>\u00a0Mas sente que deve fazer algo a mais, que deve cuidar deles, procurando uma coloca\u00e7\u00e3o digna e confort\u00e1vel. O Ideal que Pl\u00e1cido tinha recebido anos antes agora tem uma enorme oportunidade para tornar-se atual, moderno, eficaz, concreto: assumindo a situa\u00e7\u00e3o daqueles que est\u00e3o \u00e0 margem da sociedade, em quem ningu\u00e9m pensa, dos que se tornam os &#8220;\u00faltimos&#8221; da cidade, e os privilegiando em nosso pensamento e na nossa a\u00e7\u00e3o.<\/p>\n<p><strong>Pl\u00e1cido apresenta a quest\u00e3o \u00e0 C\u00e2mara Municipal, entra em contato com as Organiza\u00e7\u00f5es n\u00e3o Governamentais presentes na cidade para sensibilizar para o problema.<\/strong>\u00a0Sem muito medo de ser ridicularizado ou inconpreendido continua a procurar uma solu\u00e7\u00e3o, tendo em mente n\u00e3o tanto as consequ\u00eancias das a\u00e7\u00f5es para si mesmo, mas o interesse do outro, neste caso as crian\u00e7as.<\/p>\n<p><strong>Consegue, assim, envolver em seu projeto outras pessoas que, como ele, vivem pela mesma finalidade.<\/strong>\u00a0E percebe que quando o amor evang\u00e9lico se torna &#8220;regra&#8221; da nossa vida, todos nos tornamos mais criativos, mais corajosos e, \u00e0s vezes, her\u00f3icos.<\/p>\n<p><strong>Pl\u00e1cido n\u00e3o se acontenta em resolver uma situa\u00e7\u00e3o de emerg\u00eancia, mas sente que tem que colocar as crian\u00e7as em condi\u00e7\u00f5es de poder dar alguma coisa,<\/strong>\u00a0para que possam provar a mesma alegria que ele sentiu quando se &#8220;deu&#8221; ao pr\u00f3ximo. Come\u00e7a, ent\u00e3o, a ensinar as crian\u00e7as a tocar um pequeno viol\u00e3o, o Ukelele, criando um pequeno repert\u00f3rio que os pequenos apresentam em dois espet\u00e1culos, recebendo os aplausos do p\u00fablico.<\/p>\n<p><strong>Hoje as crian\u00e7as vivem no Centro Lingap, uma ex-casa de reabilita\u00e7\u00e3o que o Departamento de Sa\u00fade social transformou em abrigo.<\/strong> Pl\u00e1cido continua a visitar as crian\u00e7as, ensinando-os n\u00e3o s\u00f3 a tocar, mas tamb\u00e9m a rezar. Sobretudo est\u00e1 pr\u00f3ximo deles, mesmo agora que se tornou um marido e pai feliz.<\/p>\n<p><strong>O Projeto Cidade<\/strong>, que aqui concretizou-se justamente na rua, neste pequeno peda\u00e7o de terra filipina,\u00a0<strong>\u00e9 um testemunho forte e vibrante da revolu\u00e7\u00e3o que pode acontecer em uma cidade quando o que se faz \u00e9 feito com amor.<\/strong><\/p>\n","protected":false},"excerpt":{"rendered":"<p>Um professor de viol\u00e3o filipino encontra um grupo de crian\u00e7as na rua, e cuida delas at\u00e9 dar a possibilidade de uma vida melhor.<\/p>\n","protected":false},"author":34,"featured_media":0,"comment_status":"open","ping_status":"open","sticky":false,"template":"","format":"standard","meta":{"give_campaign_id":0,"_seopress_robots_primary_cat":"","_seopress_titles_title":"","_seopress_titles_desc":"","_seopress_robots_index":"","_et_pb_use_builder":"","_et_pb_old_content":"","_et_gb_content_width":"","footnotes":""},"categories":[909],"tags":[],"class_list":["post-344888","post","type-post","status-publish","format-standard","hentry","category-focolare-worldwide-2-4"],"_links":{"self":[{"href":"https:\/\/www.focolare.org\/pt-pt\/wp-json\/wp\/v2\/posts\/344888","targetHints":{"allow":["GET"]}}],"collection":[{"href":"https:\/\/www.focolare.org\/pt-pt\/wp-json\/wp\/v2\/posts"}],"about":[{"href":"https:\/\/www.focolare.org\/pt-pt\/wp-json\/wp\/v2\/types\/post"}],"author":[{"embeddable":true,"href":"https:\/\/www.focolare.org\/pt-pt\/wp-json\/wp\/v2\/users\/34"}],"replies":[{"embeddable":true,"href":"https:\/\/www.focolare.org\/pt-pt\/wp-json\/wp\/v2\/comments?post=344888"}],"version-history":[{"count":0,"href":"https:\/\/www.focolare.org\/pt-pt\/wp-json\/wp\/v2\/posts\/344888\/revisions"}],"wp:attachment":[{"href":"https:\/\/www.focolare.org\/pt-pt\/wp-json\/wp\/v2\/media?parent=344888"}],"wp:term":[{"taxonomy":"category","embeddable":true,"href":"https:\/\/www.focolare.org\/pt-pt\/wp-json\/wp\/v2\/categories?post=344888"},{"taxonomy":"post_tag","embeddable":true,"href":"https:\/\/www.focolare.org\/pt-pt\/wp-json\/wp\/v2\/tags?post=344888"}],"curies":[{"name":"wp","href":"https:\/\/api.w.org\/{rel}","templated":true}]}}