{"id":344910,"date":"2012-05-30T14:38:51","date_gmt":"2012-05-30T12:38:51","guid":{"rendered":"https:\/\/www.focolare.org\/milao-2012-vi-encontro-mundial-das-familias\/"},"modified":"2024-06-06T12:18:28","modified_gmt":"2024-06-06T10:18:28","slug":"milao-2012-vi-encontro-mundial-das-familias","status":"publish","type":"post","link":"https:\/\/www.focolare.org\/pt-pt\/milao-2012-vi-encontro-mundial-das-familias\/","title":{"rendered":"Mil\u00e3o 2012: VI Encontro Mundial das Fam\u00edlias"},"content":{"rendered":"<p><strong><img alt=\"\" alt=\"\" loading=\"lazy\" decoding=\"async\" class=\"alignleft size-full wp-image-64980\" src=\"https:\/\/www.focolare.org\/wp-content\/uploads\/2012\/05\/logo-pt.png\" alt=\"\" width=\"141\" height=\"234\" \/>\u201cA fam\u00edlia: o trabalho e a festa\u201d, \u00e9 o lema do VI Encontro Mundial das Fam\u00edlias<\/strong>, de 30 de maio a 3 de junho de 2012 em Mil\u00e3o (It\u00e1lia). Promovido pela Santa S\u00e9 atrav\u00e9s do Conselho Pontif\u00edcio para a Fam\u00edlia e a Arquidiocese de Mil\u00e3o, a organiza\u00e7\u00e3o do evento mobiliza dezenas de associa\u00e7\u00f5es, obras e movimentos que atuam no campo da fam\u00edlia.<\/p>\n<p><strong>Os trabalhos foram abertos no dia 30 de maio com o Congresso Teol\u00f3gico-Pastoral<\/strong>. O professor <strong>Luigino Brun<\/strong>i, da Universidade Bicocca de Mil\u00e3o, introduziu o tema fundamental do evento. Na noite do dia 1\u00ba de junho, concerto no Teatro Scala, com o maestro D. Barenboim.<\/p>\n<p><strong>As fam\u00edlias do Movimento dos Focolares colaboram desde o in\u00edcio na organiza\u00e7\u00e3o do encontro<\/strong>, seja como membros do Conselho Pontif\u00edcio para a Fam\u00edlia, seja pela presen\u00e7a, j\u00e1 de longa data, nas institui\u00e7\u00f5es religiosas e civis da Lombardia ativas no campo familiar. Em prepara\u00e7\u00e3o ao <strong>encontro com Bento XVI<\/strong> as fam\u00edlias se reunir\u00e3o na manh\u00e3 do s\u00e1bado, dia 2 de junho, no Carroponte de Sesto San Giovanni, e de l\u00e1 se dirigir\u00e3o, todos juntos, ao aeroporto de Bresso. Ser\u00e1 um momento para \u201cfalar sobre a fam\u00edlia, aguardando o Papa\u201d. \u00a0\u00c9 prevista a participa\u00e7\u00e3o da presidente do Movimento dos Focolares, <a href=\"https:\/\/www.focolare.org\/pt\/la-presidente\/\"><strong>Maria Voce<\/strong><\/a>, que se pronunciar\u00e1, e do casal Anna Maria e Danilo Zanzucchi, entre os iniciadores do <a href=\"https:\/\/www.focolare.org\/pt\/movimento-dei-focolari\/un-popolo\/famiglie-nuove\/\" target=\"_blank\" rel=\"noopener\"><strong>Movimento Fam\u00edlias Novas<\/strong><\/a>.<\/p>\n<p><strong>Para Bento XVI <\/strong>esta edi\u00e7\u00e3o do Encontro Mundial das Fam\u00edlias \u00e9<strong><em> \u201cuma ocasi\u00e3o privilegiada para repensar o trabalho e a festa na perspectiva de uma fam\u00edlia unida e aberta \u00e0 vida, bem inserida na sociedade e na Igreja, atenta \u00e0 qualidade das rela\u00e7\u00f5es, al\u00e9m de que \u00e0s finan\u00e7as do pr\u00f3prio n\u00facleo familiar\u201d.<\/em><\/p>\n<p><\/strong><\/p>\n","protected":false},"excerpt":{"rendered":"<p>A s\u00e9tima edi\u00e7\u00e3o do encontro com Bento XVI est\u00e1 se realizando nestes dias &#8211; 30 de maio a 3 de junho &#8211; no norte da It\u00e1lia, justamente na regi\u00e3o atingida por um grave terremoto. Um sinal de vitalidade e de esperan\u00e7a.<\/p>\n","protected":false},"author":34,"featured_media":0,"comment_status":"open","ping_status":"open","sticky":false,"template":"","format":"standard","meta":{"give_campaign_id":0,"_seopress_robots_primary_cat":"","_seopress_titles_title":"","_seopress_titles_desc":"","_seopress_robots_index":"","_et_pb_use_builder":"","_et_pb_old_content":"","_et_gb_content_width":"","footnotes":""},"categories":[909],"tags":[],"class_list":["post-344910","post","type-post","status-publish","format-standard","hentry","category-focolare-worldwide-2-4"],"_links":{"self":[{"href":"https:\/\/www.focolare.org\/pt-pt\/wp-json\/wp\/v2\/posts\/344910","targetHints":{"allow":["GET"]}}],"collection":[{"href":"https:\/\/www.focolare.org\/pt-pt\/wp-json\/wp\/v2\/posts"}],"about":[{"href":"https:\/\/www.focolare.org\/pt-pt\/wp-json\/wp\/v2\/types\/post"}],"author":[{"embeddable":true,"href":"https:\/\/www.focolare.org\/pt-pt\/wp-json\/wp\/v2\/users\/34"}],"replies":[{"embeddable":true,"href":"https:\/\/www.focolare.org\/pt-pt\/wp-json\/wp\/v2\/comments?post=344910"}],"version-history":[{"count":0,"href":"https:\/\/www.focolare.org\/pt-pt\/wp-json\/wp\/v2\/posts\/344910\/revisions"}],"wp:attachment":[{"href":"https:\/\/www.focolare.org\/pt-pt\/wp-json\/wp\/v2\/media?parent=344910"}],"wp:term":[{"taxonomy":"category","embeddable":true,"href":"https:\/\/www.focolare.org\/pt-pt\/wp-json\/wp\/v2\/categories?post=344910"},{"taxonomy":"post_tag","embeddable":true,"href":"https:\/\/www.focolare.org\/pt-pt\/wp-json\/wp\/v2\/tags?post=344910"}],"curies":[{"name":"wp","href":"https:\/\/api.w.org\/{rel}","templated":true}]}}