{"id":344918,"date":"2012-06-02T10:30:44","date_gmt":"2012-06-02T08:30:44","guid":{"rendered":"https:\/\/www.focolare.org\/milao-2012-maria-voce-as-familias-dos-focolares\/"},"modified":"2024-06-06T12:18:29","modified_gmt":"2024-06-06T10:18:29","slug":"milao-2012-maria-voce-as-familias-dos-focolares","status":"publish","type":"post","link":"https:\/\/www.focolare.org\/pt-pt\/milao-2012-maria-voce-as-familias-dos-focolares\/","title":{"rendered":"Mil\u00e3o 2012: Maria Voce \u00e0s fam\u00edlias dos Focolares"},"content":{"rendered":"<p><img alt=\"\" alt=\"\" loading=\"lazy\" decoding=\"async\" class=\"alignleft size-full wp-image-65097\" style=\"margin-right: 10px;border: 0pt\" src=\"https:\/\/www.focolare.org\/wp-content\/uploads\/2012\/06\/20120601-011.jpg\" alt=\"\" width=\"257\" height=\"180\" \/>Manh\u00e3 de s\u00e1bado, dia 2 de junho. A cidade de Sesto San Giovanni <a href=\"https:\/\/www.focolare.org\/pt\/focolare-worldwide\/europa\/italia\/\" target=\"_blank\" rel=\"noopener\"><strong>(Mil\u00e3o<\/strong><\/a>) recebeu 4 mil pessoas provenientes da Lombardia e regi\u00f5es adjacentes, fam\u00edlias aderentes ao <a href=\"https:\/\/www.focolare.org\/pt\/movimento-dei-focolari\/\"><strong>Movimento dos Focolares<\/strong><\/a> que participam ativamente do Encontro Mundial. Parte da programa\u00e7\u00e3o foi o discurso da <strong>presidente<\/strong><a href=\"https:\/\/www.focolare.org\/pt\/news\/2011\/01\/20\/maria-voce\/\"><strong> Maria Voce.<\/strong> <\/a>Presente tamb\u00e9m o copresidente <a href=\"https:\/\/www.focolare.org\/pt\/news\/2010\/02\/03\/biografia-di-giancarlo-faletti\/\"><strong>Giancarlo Faletti.<\/strong><\/a>  \u00abNestes dias, em que coloca-se a foco a realidade da fam\u00edlia \u2013 iniciou Maria Voce \u2013 surge uma pergunta: qual o des\u00edgnio de Deus sobre ela?\u00bb. Respondeu citando <a href=\"https:\/\/www.focolare.org\/pt\/chiara-lubich\/\"><strong>Chiara Lubich<\/strong><\/a> ao Familyfest de 1981, em Roma: \u00abDeus criou, plasmou uma fam\u00edlia. Quando encarnou-se quis ao seu redor uma fam\u00edlia. Quando Jesus iniciou a sua miss\u00e3o e manifestou a sua gl\u00f3ria, estava festejando uma fam\u00edlia\u00bb.  Referindo-se ao tema da Jornada de Mil\u00e3o, <a href=\"http:\/\/www.family2012.com\/it\/\" target=\"_blank\" rel=\"noopener\"><strong>\u201c<em>O trabalho e a festa na vida da fam\u00edlia\u201d<\/em><\/strong><\/a>, salientou a import\u00e2ncia do trabalho para a sua funda\u00e7\u00e3o e subsist\u00eancia.  \u00abPor sua vez \u2013 afirmou a <a href=\"https:\/\/www.focolare.org\/pt\/la-presidente\/\" target=\"_blank\" rel=\"noopener\"><strong>presidente<\/strong><\/a> \u2013 a fam\u00edlia tamb\u00e9m \u00e9 importante para o trabalho. Com a educa\u00e7\u00e3o \u00e0 laboriosidade e aos t\u00edpicos valores que esta traz, com o seu peculiar esp\u00edrito de coopera\u00e7\u00e3o e solidariedade, com a import\u00e2ncia da gratuidade, da reciprocidade, de ser d\u00e1diva uns para os outros, garantem-se bases s\u00f3lidas para a sociedade, ainda que \u2013 asseverou com for\u00e7a \u2013 o homem n\u00e3o seja feito apenas para o trabalho.  \u00abPara isso \u00e9 necess\u00e1rio que o trabalho seja organizado e desenvolvido levando em considera\u00e7\u00e3o n\u00e3o somente as exig\u00eancias financeiras das pessoas, mas do seu bem estar efetivo e total. Daqui a import\u00e2ncia de que os tempos do trabalho sejam harmonizados com os da fam\u00edlia\u00bb.  A este ponto a presidente recordou que tamb\u00e9m Jesus trabalhou (como Jos\u00e9 e Maria), e que eles \u00abal\u00e9m de terem sido perfeitos trabalhadores, nos d\u00e3o o verdadeiro significado da festa\u00bb. Neste sentido recordou a peregrina\u00e7\u00e3o a Jerusal\u00e9m&#8230; e as bodas de Can\u00e1 \u00abonde (Jesus), com Maria, sua m\u00e3e, foram festejar as n\u00fapcias de dois esposos. (&#8230;) Na vida da Sagrada Fam\u00edlia existia, sim, o trabalho, mas tamb\u00e9m a festa, o que significa um tempo dedicado ao repouso, \u00e0s rela\u00e7\u00f5es com os outros\u00bb.  Referindo-se ainda a Chiara Lubich, Maria Voce concluiu sublinhando que \u00abde certo modo (Chiara) j\u00e1 nos tinha antecipado os termos deste bin\u00f4mio: trabalho e festa. Isto \u00e9, se vivermos bem os valores da fam\u00edlia tamb\u00e9m o trabalho e a festa ser\u00e3o impregnados por esses valores, e nos tornaremos testemunhas e construtores aut\u00eanticos de uma sociedade segundo o cora\u00e7\u00e3o de Deus\u00bb.  <a href=\"https:\/\/www.focolare.org\/wp-content\/uploads\/2012\/06\/MariaVoce_alle_Famiglie_2junho2012.pdf\" target=\"_blank\" rel=\"noopener\"><strong>Leia tudo<\/strong><\/a><\/p>\n","protected":false},"excerpt":{"rendered":"<p>No contexto do VII Encontro Mundial das Fam\u00edlias, Maria Voce fala a 4 mil \u00e8 pessoas aderentes ao Movimento dos Focolares, enquanto aguarda-se o encontro com Bento XVI.<\/p>\n","protected":false},"author":27,"featured_media":0,"comment_status":"open","ping_status":"open","sticky":false,"template":"","format":"standard","meta":{"give_campaign_id":0,"_seopress_robots_primary_cat":"","_seopress_titles_title":"","_seopress_titles_desc":"","_seopress_robots_index":"","_et_pb_use_builder":"","_et_pb_old_content":"","_et_gb_content_width":"","footnotes":""},"categories":[129],"tags":[],"class_list":["post-344918","post","type-post","status-publish","format-standard","hentry","category-sem-categoria"],"_links":{"self":[{"href":"https:\/\/www.focolare.org\/pt-pt\/wp-json\/wp\/v2\/posts\/344918","targetHints":{"allow":["GET"]}}],"collection":[{"href":"https:\/\/www.focolare.org\/pt-pt\/wp-json\/wp\/v2\/posts"}],"about":[{"href":"https:\/\/www.focolare.org\/pt-pt\/wp-json\/wp\/v2\/types\/post"}],"author":[{"embeddable":true,"href":"https:\/\/www.focolare.org\/pt-pt\/wp-json\/wp\/v2\/users\/27"}],"replies":[{"embeddable":true,"href":"https:\/\/www.focolare.org\/pt-pt\/wp-json\/wp\/v2\/comments?post=344918"}],"version-history":[{"count":0,"href":"https:\/\/www.focolare.org\/pt-pt\/wp-json\/wp\/v2\/posts\/344918\/revisions"}],"wp:attachment":[{"href":"https:\/\/www.focolare.org\/pt-pt\/wp-json\/wp\/v2\/media?parent=344918"}],"wp:term":[{"taxonomy":"category","embeddable":true,"href":"https:\/\/www.focolare.org\/pt-pt\/wp-json\/wp\/v2\/categories?post=344918"},{"taxonomy":"post_tag","embeddable":true,"href":"https:\/\/www.focolare.org\/pt-pt\/wp-json\/wp\/v2\/tags?post=344918"}],"curies":[{"name":"wp","href":"https:\/\/api.w.org\/{rel}","templated":true}]}}