{"id":344962,"date":"2012-06-11T14:16:31","date_gmt":"2012-06-11T12:16:31","guid":{"rendered":"https:\/\/www.focolare.org\/irlanda-50-congresso-eucaristico-internacional\/"},"modified":"2024-06-06T12:18:37","modified_gmt":"2024-06-06T10:18:37","slug":"irlanda-50-congresso-eucaristico-internacional","status":"publish","type":"post","link":"https:\/\/www.focolare.org\/pt-pt\/irlanda-50-congresso-eucaristico-internacional\/","title":{"rendered":"Irlanda: 50\u00b0 Congresso Eucar\u00edstico Internacional"},"content":{"rendered":"<div><strong>10-17 Junho 2012 <\/strong><\/div>\n<div>Na 50\u00b0 anivers\u00e1rio da abertura do Conc\u00edlio Vaticano II, a Igreja Cat\u00f3lica na Irlanda recebe o 50\u00ba Congresso Eucar\u00edstico, em Dublin. Para a ocasi\u00e3o estar\u00e1 presente a presidente do Movimento dos Focolares, Maria Voce.<\/div>\n","protected":false},"excerpt":{"rendered":"<p>10-17 Junho 2012 Na 50\u00b0 anivers\u00e1rio da abertura do Conc\u00edlio Vaticano II, a Igreja Cat\u00f3lica na Irlanda recebe o 50\u00ba Congresso Eucar\u00edstico, em Dublin. Para a ocasi\u00e3o estar\u00e1 presente a presidente do Movimento dos Focolares, Maria Voce.<\/p>\n","protected":false},"author":33,"featured_media":0,"comment_status":"open","ping_status":"open","sticky":false,"template":"","format":"standard","meta":{"give_campaign_id":0,"_seopress_robots_primary_cat":"","_seopress_titles_title":"","_seopress_titles_desc":"","_seopress_robots_index":"","_et_pb_use_builder":"","_et_pb_old_content":"","_et_gb_content_width":"","footnotes":""},"categories":[129],"tags":[],"class_list":["post-344962","post","type-post","status-publish","format-standard","hentry","category-sem-categoria"],"_links":{"self":[{"href":"https:\/\/www.focolare.org\/pt-pt\/wp-json\/wp\/v2\/posts\/344962","targetHints":{"allow":["GET"]}}],"collection":[{"href":"https:\/\/www.focolare.org\/pt-pt\/wp-json\/wp\/v2\/posts"}],"about":[{"href":"https:\/\/www.focolare.org\/pt-pt\/wp-json\/wp\/v2\/types\/post"}],"author":[{"embeddable":true,"href":"https:\/\/www.focolare.org\/pt-pt\/wp-json\/wp\/v2\/users\/33"}],"replies":[{"embeddable":true,"href":"https:\/\/www.focolare.org\/pt-pt\/wp-json\/wp\/v2\/comments?post=344962"}],"version-history":[{"count":0,"href":"https:\/\/www.focolare.org\/pt-pt\/wp-json\/wp\/v2\/posts\/344962\/revisions"}],"wp:attachment":[{"href":"https:\/\/www.focolare.org\/pt-pt\/wp-json\/wp\/v2\/media?parent=344962"}],"wp:term":[{"taxonomy":"category","embeddable":true,"href":"https:\/\/www.focolare.org\/pt-pt\/wp-json\/wp\/v2\/categories?post=344962"},{"taxonomy":"post_tag","embeddable":true,"href":"https:\/\/www.focolare.org\/pt-pt\/wp-json\/wp\/v2\/tags?post=344962"}],"curies":[{"name":"wp","href":"https:\/\/api.w.org\/{rel}","templated":true}]}}