{"id":344964,"date":"2012-06-12T05:14:08","date_gmt":"2012-06-12T03:14:08","guid":{"rendered":"https:\/\/www.focolare.org\/clara-de-assis-e-chiara-lubich-dois-carismas-em-comunhao\/"},"modified":"2024-06-06T12:18:38","modified_gmt":"2024-06-06T10:18:38","slug":"clara-de-assis-e-chiara-lubich-dois-carismas-em-comunhao","status":"publish","type":"post","link":"https:\/\/www.focolare.org\/pt-pt\/clara-de-assis-e-chiara-lubich-dois-carismas-em-comunhao\/","title":{"rendered":"Clara de Assis e Chiara Lubich, dois carismas em comunh\u00e3o"},"content":{"rendered":"<p><img loading=\"lazy\" decoding=\"async\" class=\"ngg-singlepic ngg-none alignright\" style=\"border: 0pt none\" src=\"https:\/\/www.focolare.org\/wp-content\/blogs.dir\/1\/files\/assisi-largo-chiara-lubich\/09.jpg\" alt=\"09\" width=\"360\" height=\"239\" \/>Num dia cheio de sol, 9 de junho de 2012, realizou-se o Congresso \u201cClara de Assis e Chiara Lubich: dois carismas em comunh\u00e3o\u201d, evento que veio enriquecer o Ano Clariano, no qual deseja-se rememorar a convers\u00e3o e a consagra\u00e7\u00e3o a Deus de Clara de Assis, no seu VIII centen\u00e1rio. E atestar a atualidade do seu fasc\u00ednio. Por isso o desejo de aprofundar a rela\u00e7\u00e3o, ou melhor, a comunh\u00e3o entre o carisma de Clara de Assis e de Chiara Lubich.<\/p>\n<p>Suscitou grande interesse a mesa-redonda introduzida pelas palavras do prefeito Claudio Ricci e do bispo de Assis, D. Domenico Sorrentino. O professor P. Pietro Maranesi, OFM Cap., fez uma calorosa reflex\u00e3o sobre <strong>\u201cFrancisco e Clara: um carisma, dois semblantes\u201d<\/strong>. A dimens\u00e3o prof\u00e9tica e revolucion\u00e1ria que, por si s\u00f3, contesta os costumes de uma \u00e9poca. A novidade perturbadora de aspectos como a \u201cmiseric\u00f3rdia\u201d e a \u201cpartilha\u201d, que emergem da \u201cconvers\u00e3o\u201d de Francisco. A \u201cviagem\u201d espiritual de Clara, que descobre a sua identidade no \u201csemblante\u201d de Francisco: \u201c&#8230;sem aquele rosto eu n\u00e3o teria um rosto. Encontrei Deus atrav\u00e9s dele\u201d. A deles foi uma abertura prof\u00e9tica que, na sociedade medieval, levou a descobrir o \u201coutro\u201d como caminho para chegar a Deus.<\/p>\n<p>Outros tempos, mas a mesma opera\u00e7\u00e3o foi realizada por Chiara Lubich. Foi o que demonstrou a professora, Ir. Alessandra Smerilli, F.M.A., com <strong>\u201cO reflexo dos carismas na hist\u00f3ria e na sociedade\u201d<\/strong>. A realidade de um carisma n\u00e3o \u00e9 somente \u201cgra\u00e7a\u201d, \u201cgratuidade\u201d, mas \u201cnaqueles que vivem no desconforto, s\u00e3o olhos que veem algo de belo e grande\u201d. Daqui o fato de os carismas tornarem-se \u201cdesbravadores na fronteira do humano, que impelem suas enxadas cada vez mais adiante\u201d na busca e no compromisso. E s\u00e3o ainda caminhos para a emers\u00e3o do feminino.<\/p>\n<p><img alt=\"\" alt=\"\" loading=\"lazy\" decoding=\"async\" class=\"wp-image-65645 alignleft\" style=\"margin-right: 10px;border: 0pt none\" src=\"https:\/\/www.focolare.org\/wp-content\/uploads\/2012\/06\/20120612-02.jpg\" alt=\"\" width=\"309\" height=\"205\" \/>Foi assim para as duas Claras: a de Assis conseguiu que fosse aprovada na sua regra a in\u00e9dita \u201calt\u00edssima pobreza\u201d; a de Trento inseriu na Igreja a grande novidade que um movimento eclesial, que contempla todas as voca\u00e7\u00f5es, seja sempre presidido por uma mulher. Com realiza\u00e7\u00f5es leigas, intensamente civis (como a Economia de Comunh\u00e3o), que dizem quanto os carismas, ontem como hoje, contribuem para uma sociedade mais humana e mais bela.<\/p>\n<p>A beleza, a est\u00e9tica, est\u00e1, de fato, impl\u00edcita na a\u00e7\u00e3o de um carisma. <strong>\u201cClara de Assis e Chiara Lubich: a comunh\u00e3o entre dois carismas como fonte de luz\u201d<\/strong> foi o tema da\u00a0 Lucia Abignente, do Movimento dos Focolares, que salientou a sintonia e a comunh\u00e3o entre as duas Claras, como fonte de luz, de fidelidade renovada e de unidade, para recolher a heran\u00e7a que deixaram e viver, nos nossos dias, a mensagem delas.<\/p>\n<p><strong>\u201cSanta unidade e alt\u00edssima pobreza\u201d<\/strong> o carisma da primeira; <strong>\u201cunidade, cuja chave \u00e9 o amor exclusivo a Jesus abandonado\u201d<\/strong>, o da segunda. Uma sintonia e comunh\u00e3o que atravessa os s\u00e9culos e leva Chiara Lubich \u2013 num per\u00edodo especial de luz \u2013 a descrever a Igreja como um \u201cCristo estendido\u201d no tempo e no espa\u00e7o, onde a variedade dos carismas corresponde \u00e0 totalidade do Evangelho. Como um jardim com muitas flores diferentes.<\/p>\n<p><img alt=\"\" alt=\"\" loading=\"lazy\" decoding=\"async\" class=\"wp-image-65644 alignright\" style=\"margin-left: 10px;border: 0pt none\" src=\"https:\/\/www.focolare.org\/wp-content\/uploads\/2012\/06\/20120612-01.jpg\" alt=\"\" width=\"310\" height=\"218\" \/>\u201cClaritas\u201d, \u201cclarificar\u201d, palavras que, na linguagem cunhada por Chiara Lubich, convidam a injetar a luz das realidades espirituais nas realidades temporais. Como segundo ato do evento foi <a href=\"http:\/\/www.youtube.com\/watch?v=yj5ibuigalA&amp;NR=1&amp;feature=endscreen\" target=\"_blank\" rel=\"noopener\">dedicado <\/a>a Chiara Lubich um largo, adjacente \u00e0 Bas\u00edlica Superior de S\u00e3o Francisco. Ao dar a sua ben\u00e7\u00e3o ao <strong>\u201cLargo Chiara Lubich\u201d<\/strong>, D. Sorrentino fez votos que \u201cseja um chamado a todos a considerar cada rua como um lugar de encontro e di\u00e1logo com todos\u201d. E o prefeito Ricci declarou ver nele \u201cas pedras de Assis, ber\u00e7o do carisma franciscano, recobertas hoje por um carisma a mais, com o estilo de \u2018ser fam\u00edlia\u2019 que tem reflexos na esfera econ\u00f4mica e social\u201d.<\/p>\n<p>O dia concluiu-se no teatro Metastasio, com o musical \u201cClara de Deus\u201d, de Carlo Tedeschi. Uma vibrante viagem de dan\u00e7as, ritmo e m\u00fasica na vida de Clara de Assis, executado com convic\u00e7\u00e3o por uma companhia de jovens que assumiram o testemunho da sua mensagem.<\/p>\n<p><em>De Victoria G\u00f3mez<\/em><\/p>\n","protected":false},"excerpt":{"rendered":"<p>No VIII centen\u00e1rio da consagra\u00e7\u00e3o a Deus de Clara de Assis realizou-se um encontro original, que colocou lado a lado dois carismas, um antigo e um atual. Um evento em tr\u00eas atos.<\/p>\n","protected":false},"author":34,"featured_media":0,"comment_status":"open","ping_status":"open","sticky":false,"template":"","format":"standard","meta":{"give_campaign_id":0,"_seopress_robots_primary_cat":"","_seopress_titles_title":"","_seopress_titles_desc":"","_seopress_robots_index":"","_et_pb_use_builder":"","_et_pb_old_content":"","_et_gb_content_width":"","footnotes":""},"categories":[909],"tags":[],"class_list":["post-344964","post","type-post","status-publish","format-standard","hentry","category-focolare-worldwide-2-4"],"_links":{"self":[{"href":"https:\/\/www.focolare.org\/pt-pt\/wp-json\/wp\/v2\/posts\/344964","targetHints":{"allow":["GET"]}}],"collection":[{"href":"https:\/\/www.focolare.org\/pt-pt\/wp-json\/wp\/v2\/posts"}],"about":[{"href":"https:\/\/www.focolare.org\/pt-pt\/wp-json\/wp\/v2\/types\/post"}],"author":[{"embeddable":true,"href":"https:\/\/www.focolare.org\/pt-pt\/wp-json\/wp\/v2\/users\/34"}],"replies":[{"embeddable":true,"href":"https:\/\/www.focolare.org\/pt-pt\/wp-json\/wp\/v2\/comments?post=344964"}],"version-history":[{"count":0,"href":"https:\/\/www.focolare.org\/pt-pt\/wp-json\/wp\/v2\/posts\/344964\/revisions"}],"wp:attachment":[{"href":"https:\/\/www.focolare.org\/pt-pt\/wp-json\/wp\/v2\/media?parent=344964"}],"wp:term":[{"taxonomy":"category","embeddable":true,"href":"https:\/\/www.focolare.org\/pt-pt\/wp-json\/wp\/v2\/categories?post=344964"},{"taxonomy":"post_tag","embeddable":true,"href":"https:\/\/www.focolare.org\/pt-pt\/wp-json\/wp\/v2\/tags?post=344964"}],"curies":[{"name":"wp","href":"https:\/\/api.w.org\/{rel}","templated":true}]}}