{"id":345060,"date":"2012-08-01T04:00:29","date_gmt":"2012-08-01T02:00:29","guid":{"rendered":"https:\/\/www.focolare.org\/sociologos-italianos-e-brasileiros-um-intercambio-por-novas-perspectivas\/"},"modified":"2024-06-06T12:18:55","modified_gmt":"2024-06-06T10:18:55","slug":"sociologos-italianos-e-brasileiros-um-intercambio-por-novas-perspectivas","status":"publish","type":"post","link":"https:\/\/www.focolare.org\/pt-pt\/sociologos-italianos-e-brasileiros-um-intercambio-por-novas-perspectivas\/","title":{"rendered":"Soci\u00f3logos italianos e brasileiros, um interc\u00e2mbio por novas perspectivas"},"content":{"rendered":"<p><img alt=\"\" alt=\"\" loading=\"lazy\" decoding=\"async\" class=\"alignright size-articolo_1 wp-image-67644\" style=\"border: 0px; margin: 10px;\" title=\"20120801-03\" src=\"https:\/\/www.focolare.org\/wp-content\/uploads\/2012\/08\/20120801-03-250x187.jpg\" alt=\"\" width=\"250\" height=\"187\" \/>\u00c9 o primeiro semin\u00e1rio promovido pelos pesquisadores de <a href=\"http:\/\/www.social-one.org\/\" target=\"_blank\" rel=\"noopener\"><strong>Social-One<\/strong><\/a> fora da Europa, em di\u00e1logo com o grupo latino-americano do Movimento Anti-utilitarista nas Ci\u00eancias Sociais (M.A.U.S.S.). Estamos em <strong>Olinda<\/strong>, no nordeste do <a href=\"https:\/\/www.focolare.org\/pt\/focolare-worldwide\/america-sud\/brasile\/\" target=\"_blank\" rel=\"noopener\">Brasil<\/a>, onde, nos dias 6 e 7 de julho, reuniram-se cerca de 50 pessoas, entre professores, pesquisadores e estudantes de v\u00e1rias partes do Brasil, e uma representa\u00e7\u00e3o italiana. Tema central do encontro foi o \u201cAgir Ag\u00e1pico\u201d, isto \u00e9, a\u00e7\u00f5es movidas pelo amor fraterno e desinteressado, que constitui o n\u00facleo principal das reflex\u00f5es, evidentemente n\u00e3o comuns em \u00e2mbito sociol\u00f3gico, do grupo de pesquisadores ligados a Social-One.<\/p>\n<p><strong>\u201cD\u00e1diva e agir ag\u00e1pico: rumo \u00e0s novas perspectivas para as Ci\u00eancias Sociais\u201d<\/strong> foi o t\u00edtulo do semin\u00e1rio, aberto pela <strong>Dra. Vera Ara\u00fajo<\/strong>, brasileira e membro de Social-One, que salientou a necessidade de novas ideias \u2013 como a \u00e1gape e a d\u00e1diva \u2013 para interpretar e inspirar comportamentos e din\u00e2micas coletivas.<\/p>\n<p><strong>Seguiram-se 12 horas de trabalho intenso<\/strong>: quatro confer\u00eancias e quatro sess\u00f5es paralelas, enriquecidas pelo di\u00e1logo com todos os participantes.<\/p>\n<p><img alt=\"\" alt=\"\" loading=\"lazy\" decoding=\"async\" class=\"alignright size-articolo_1 wp-image-67645\" style=\"border: 0px; margin: 10px;\" title=\"20120801-02\" src=\"https:\/\/www.focolare.org\/wp-content\/uploads\/2012\/08\/20120801-02-250x166.jpg\" alt=\"\" width=\"250\" height=\"166\" \/>Entre os palestrantes italianos, o <strong>prof. Michele Colasanto<\/strong>, da <a href=\"www.unicattolica.it\" target=\"_blank\" rel=\"noopener\">Universidade Cat\u00f3lica de Mil\u00e3o<\/a>, que evidenciou a fun\u00e7\u00e3o dos conceitos de \u00e1gape e d\u00e1diva em rela\u00e7\u00e3o \u00e0 constru\u00e7\u00e3o do bem comum; o <strong>prof. Gennaro Iorio<\/strong>, membro do Departamento de Sociologia e Ci\u00eancia Pol\u00edtica da <a href=\"www.unisa.it\" target=\"_blank\" rel=\"noopener\">Universidade de Salerno<\/a>, que ap\u00f3s ter apresentado a reflex\u00e3o sobre o tema do \u201cagir ag\u00e1pico\u201d desenvolvido por Social-One, falou da rela\u00e7\u00e3o entre \u00e1gape e conflito; a <strong>Dra. Licia Paglione<\/strong>, membro do Departamento de Ci\u00eancias Sociais e da Comunica\u00e7\u00e3o do <a href=\"http:\/\/www.iu-sophia.org\/\" target=\"_blank\" rel=\"noopener\"><strong>Instituto Universit\u00e1rio Sophia<\/strong><\/a> de Loppiano (It\u00e1lia), que prop\u00f4s a leitura da rela\u00e7\u00e3o entre os conceitos de d\u00e1diva e amor, a partir do trabalho do soci\u00f3logo russo P. A. Sorokin (1889-1968).<\/p>\n<p>Foram apresentados ainda, durante as sess\u00f5es paralelas, cinco <strong>trabalhos elaborados por grupos de professores e estudantes brasileiros<\/strong>, de v\u00e1rias universidades, que imergiam os temas tratados na realidade acad\u00eamica e social brasileira.<\/p>\n<p>A estudante Maria J\u00falia Izidoro falou de um grande horizonte aberto, da possibilidade de <em>\u201cfalar de amor tamb\u00e9m nas classes universit\u00e1rias\u201d<\/em>. Para Maria Eduarda Couto <em>\u201crompeu-se um muro entre n\u00f3s, jovens, e os \u2018dinossauros\u2019 das ci\u00eancias sociais. Cientistas maduros que escutaram-nos com aten\u00e7\u00e3o\u201d<\/em>, ela afirmou. E o jovem estudante Lucas Francisco da Silva Jr. declarou-se <em>\u201cimpressionado pela proposta, dado que a sociedade precisa de mudan\u00e7as e a introdu\u00e7\u00e3o do conceito de \u2018agir ag\u00e1pico\u2019 nas rela\u00e7\u00f5es sociais tornar\u00e1 o mundo melhor\u201d<\/em>. Saulo Miranda relevou a <em>\u201cpresen\u00e7a de jovens interessados e<img alt=\"\" alt=\"\" loading=\"lazy\" decoding=\"async\" class=\"alignleft size-articolo_1 wp-image-67646\" style=\"border: 0px; margin: 10px;\" title=\"20120801-01\" src=\"https:\/\/www.focolare.org\/wp-content\/uploads\/2012\/08\/20120801-01-250x165.jpg\" alt=\"\" width=\"250\" height=\"165\" \/> capazes de aprofundar estes temas nos pr\u00f3prios ambientes acad\u00eamicos\u201d<\/em>. E muito interessante o coment\u00e1rio de uma das participantes, Simone Alves: <em>\u201cAdquiri uma bagagem te\u00f3rica importante, mas o fundamental foi justamente a experi\u00eancia do amor, daquele Agir Ag\u00e1pico que encontrei nas rela\u00e7\u00f5es entre as pessoas que est\u00e3o aqui\u201d<\/em>.<\/p>\n<p><em>\u201cEste semin\u00e1rio deixa como heran\u00e7a<\/em> \u2013 declarou o coordenador do semin\u00e1rio, Lucas Galindo, na conclus\u00e3o \u2013 <em>a abertura de mente, de cora\u00e7\u00e3o e de alma para um di\u00e1logo fecundo, que nos faz esperar que o agir ag\u00e1pico (o amor), incida com for\u00e7a na vida social\u201d<\/em>.<\/p>\n","protected":false},"excerpt":{"rendered":"<p>Em Olinda (PE), um semin\u00e1rio de estudos para solicitar uma mudan\u00e7a social.<\/p>\n","protected":false},"author":34,"featured_media":0,"comment_status":"open","ping_status":"open","sticky":false,"template":"","format":"standard","meta":{"give_campaign_id":0,"_seopress_robots_primary_cat":"","_seopress_titles_title":"","_seopress_titles_desc":"","_seopress_robots_index":"","_et_pb_use_builder":"","_et_pb_old_content":"","_et_gb_content_width":"","footnotes":""},"categories":[909],"tags":[],"class_list":["post-345060","post","type-post","status-publish","format-standard","hentry","category-focolare-worldwide-2-4"],"_links":{"self":[{"href":"https:\/\/www.focolare.org\/pt-pt\/wp-json\/wp\/v2\/posts\/345060","targetHints":{"allow":["GET"]}}],"collection":[{"href":"https:\/\/www.focolare.org\/pt-pt\/wp-json\/wp\/v2\/posts"}],"about":[{"href":"https:\/\/www.focolare.org\/pt-pt\/wp-json\/wp\/v2\/types\/post"}],"author":[{"embeddable":true,"href":"https:\/\/www.focolare.org\/pt-pt\/wp-json\/wp\/v2\/users\/34"}],"replies":[{"embeddable":true,"href":"https:\/\/www.focolare.org\/pt-pt\/wp-json\/wp\/v2\/comments?post=345060"}],"version-history":[{"count":0,"href":"https:\/\/www.focolare.org\/pt-pt\/wp-json\/wp\/v2\/posts\/345060\/revisions"}],"wp:attachment":[{"href":"https:\/\/www.focolare.org\/pt-pt\/wp-json\/wp\/v2\/media?parent=345060"}],"wp:term":[{"taxonomy":"category","embeddable":true,"href":"https:\/\/www.focolare.org\/pt-pt\/wp-json\/wp\/v2\/categories?post=345060"},{"taxonomy":"post_tag","embeddable":true,"href":"https:\/\/www.focolare.org\/pt-pt\/wp-json\/wp\/v2\/tags?post=345060"}],"curies":[{"name":"wp","href":"https:\/\/api.w.org\/{rel}","templated":true}]}}