{"id":345068,"date":"2012-08-04T03:00:50","date_gmt":"2012-08-04T01:00:50","guid":{"rendered":"https:\/\/www.focolare.org\/educacao-e-fraternidade-a-mesa-italiana-o-encontro-internacional\/"},"modified":"2024-06-06T12:18:57","modified_gmt":"2024-06-06T10:18:57","slug":"educacao-e-fraternidade-a-mesa-italiana-o-encontro-internacional","status":"publish","type":"post","link":"https:\/\/www.focolare.org\/pt-pt\/educacao-e-fraternidade-a-mesa-italiana-o-encontro-internacional\/","title":{"rendered":"Educa\u00e7\u00e3o e fraternidade: a Mesa italiana, o Encontro internacional"},"content":{"rendered":"<p><strong><img alt=\"\" alt=\"\" loading=\"lazy\" decoding=\"async\" class=\"alignleft size-full wp-image-67775\" style=\"margin-right: 10px; border: 0pt;\" title=\"20120804-01\" src=\"https:\/\/www.focolare.org\/wp-content\/uploads\/2012\/08\/20120804-01.jpg\" alt=\"\" width=\"330\" height=\"207\" \/>A emerg\u00eancia educativa \u00e9 um dos desafios mais urgentes da nossa \u00e9poca<\/strong>: \u00e9 necess\u00e1rio renovar os percursos formativos para adapt\u00e1-los \u00e0 vida das pessoas que se relacionam na era da globaliza\u00e7\u00e3o.  Um grupo de educadores italianos, professores, dirigentes, animadores de grupos juvenis, psic\u00f3logos e pedagogos, comp\u00f5e a \u201cMesa Nacional da Educa\u00e7\u00e3o\u201d, que desde 2010 re\u00fane-se em Grottaferrata (Roma), na sede do <a href=\"https:\/\/www.focolare.org\/pt\/movimento-dei-focolari\/un-popolo\/umanita-nuova\/\" target=\"_blank\" rel=\"noopener\"><strong>Movimento Humanidade Nova<\/strong><\/a>, que \u00e9 o promotor da iniciativa, juntamente com <strong><a href=\"http:\/\/www.amu-it.eu\/?lang=en\" target=\"_blank\" rel=\"noopener\">AMU<\/a><\/strong>,\u00a0<a href=\"https:\/\/www.focolare.org\/pt\/in-dialogo\/cultura\/pedagogia\/\" target=\"_blank\" rel=\"noopener\"><strong>EDU<\/strong> <\/a>e <a href=\"https:\/\/www.focolare.org\/pt\/movimento-dei-focolari\/un-popolo\/rpu\/\" target=\"_blank\" rel=\"noopener\"><strong>Movimento Juvenil pela Unidade<\/strong><\/a>.  Come\u00e7amos por uma das \u00faltimas novidades dos trabalhos da Mesa: entrou na agenda de 2013 um <strong>\u201cMeeting Internacional do Mundo da Educa\u00e7\u00e3o\u201d<\/strong>, que acontecer\u00e1 em Castelgandolfo (Roma), de<strong> 6 a 8 de setembro de 2013<\/strong>. O Meeting reunir\u00e1 pessoas do mundo inteiro, que ocupam-se nos v\u00e1rios aspectos da educa\u00e7\u00e3o: fam\u00edlia, escola, catequese, animadores de grupos, estudiosos, jovens. O objetivo \u00e9 construir, em n\u00edvel internacional, uma base de trabalho atrav\u00e9s do confronto, da escuta, do interc\u00e2mbio de ideias e percursos educativos, das boas pr\u00e1xis e dos projetos a serem lan\u00e7ados nos diversos pa\u00edses.  Na It\u00e1lia, por exemplo, a Mesa coloca em rede <strong>iniciativas educacionais, did\u00e1ticas e metodol\u00f3gicas<\/strong> de v\u00e1rias partes do pa\u00eds, como a educa\u00e7\u00e3o \u00e0 paz e \u00e0 cidadania, que demonstram como somente uma aut\u00eantica rela\u00e7\u00e3o interpessoal de doa\u00e7\u00e3o rec\u00edproca pode ser o princ\u00edpio de cada grande evento educativo, capaz de favorecer a plena realiza\u00e7\u00e3o da personalidade de cada um e de todos.  Um testemunho \u00e9 dado pelos estudantes de um liceu cient\u00edfico na prov\u00edncia de Cat\u00e2nia, onde h\u00e1 v\u00e1rios anos se atuam <strong>percursos pedag\u00f3gicos de educa\u00e7\u00e3o ao bem comum<\/strong>, para valorizar n\u00e3o apenas o patrim\u00f4nio cultural das disciplinas, mas a unidade do saber humano e os valores universais, a fim de ajudar os alunos a interiorizarem as mensagens e transform\u00e1-las em estilo de vida. Com o envolvimento de professores de v\u00e1rias mat\u00e9rias, s\u00e3o propostos encontros com associa\u00e7\u00f5es comprometidas com o desenvolvimento, a coopera\u00e7\u00e3o e o voluntariado.  <strong>Desse modo os jovens tornam-se protagonistas de a\u00e7\u00f5es de solidariedade e partilha<\/strong>, como o \u201csustento \u00e0 dist\u00e2ncia\u201d de crian\u00e7as que vivem em situa\u00e7\u00f5es dif\u00edceis, mas tamb\u00e9m dentro da pr\u00f3pria classe, compartilhando materiais, talentos e compet\u00eancias.  Cec\u00edlia Landucci ensina l\u00ednguas em uma escola de ensino m\u00e9dio na prov\u00edncia de Roma e \u00e9 coordenadora da comiss\u00e3o \u201cEduca\u00e7\u00e3o e cultura\u201d do Movimento Humanidade Nova: <em>\u00abA Mesa \u00e9 uma rede concreta entre n\u00f3s, educadores; conhecer as v\u00e1rias experi\u00eancias promove a colabora\u00e7\u00e3o, faz sair do isolamento, favorecendo a difus\u00e3o daquilo que j\u00e1 se faz no campo da educa\u00e7\u00e3o, enquanto vida e pensamento cultural \u00e0 luz do carisma da unidade. O objetivo \u00e9 a elabora\u00e7\u00e3o de um projeto para a escola italiana que possa contribuir na sua redefini\u00e7\u00e3o\u00bb<\/em>.<\/p>\n","protected":false},"excerpt":{"rendered":"<p>A experi\u00eancia da \u201cMesa Nacional da Educa\u00e7\u00e3o\u201d, de Humanidade Nova, prop\u00f5e a elabora\u00e7\u00e3o de linhas, conceitos, pr\u00e1ticas positivas, itiner\u00e1rios formativos e did\u00e1ticos, na \u00f3tica de um mundo mais unido.<\/p>\n","protected":false},"author":34,"featured_media":0,"comment_status":"open","ping_status":"open","sticky":false,"template":"","format":"standard","meta":{"give_campaign_id":0,"_seopress_robots_primary_cat":"","_seopress_titles_title":"","_seopress_titles_desc":"","_seopress_robots_index":"","_et_pb_use_builder":"","_et_pb_old_content":"","_et_gb_content_width":"","footnotes":""},"categories":[909],"tags":[],"class_list":["post-345068","post","type-post","status-publish","format-standard","hentry","category-focolare-worldwide-2-4"],"_links":{"self":[{"href":"https:\/\/www.focolare.org\/pt-pt\/wp-json\/wp\/v2\/posts\/345068","targetHints":{"allow":["GET"]}}],"collection":[{"href":"https:\/\/www.focolare.org\/pt-pt\/wp-json\/wp\/v2\/posts"}],"about":[{"href":"https:\/\/www.focolare.org\/pt-pt\/wp-json\/wp\/v2\/types\/post"}],"author":[{"embeddable":true,"href":"https:\/\/www.focolare.org\/pt-pt\/wp-json\/wp\/v2\/users\/34"}],"replies":[{"embeddable":true,"href":"https:\/\/www.focolare.org\/pt-pt\/wp-json\/wp\/v2\/comments?post=345068"}],"version-history":[{"count":0,"href":"https:\/\/www.focolare.org\/pt-pt\/wp-json\/wp\/v2\/posts\/345068\/revisions"}],"wp:attachment":[{"href":"https:\/\/www.focolare.org\/pt-pt\/wp-json\/wp\/v2\/media?parent=345068"}],"wp:term":[{"taxonomy":"category","embeddable":true,"href":"https:\/\/www.focolare.org\/pt-pt\/wp-json\/wp\/v2\/categories?post=345068"},{"taxonomy":"post_tag","embeddable":true,"href":"https:\/\/www.focolare.org\/pt-pt\/wp-json\/wp\/v2\/tags?post=345068"}],"curies":[{"name":"wp","href":"https:\/\/api.w.org\/{rel}","templated":true}]}}