{"id":345080,"date":"2012-08-09T14:51:40","date_gmt":"2012-08-09T12:51:40","guid":{"rendered":"https:\/\/www.focolare.org\/novo-moderador-da-comunhao-dos-bispos-amigos-dos-focolares\/"},"modified":"2024-06-06T12:18:59","modified_gmt":"2024-06-06T10:18:59","slug":"novo-moderador-da-comunhao-dos-bispos-amigos-dos-focolares","status":"publish","type":"post","link":"https:\/\/www.focolare.org\/pt-pt\/novo-moderador-da-comunhao-dos-bispos-amigos-dos-focolares\/","title":{"rendered":"Novo moderador da comunh\u00e3o dos bispos amigos dos Focolares"},"content":{"rendered":"<p><strong><img alt=\"\" alt=\"\" loading=\"lazy\" decoding=\"async\" class=\" wp-image-68148 alignright\" style=\"margin-left: 10px; border: 0pt;\" title=\"20120809-04\" src=\"https:\/\/www.focolare.org\/wp-content\/uploads\/2012\/08\/20120809-04.jpg\" alt=\"\" width=\"283\" height=\"202\" \/>Concluiu-se em Forno di Coazze (Turim \u2013 It\u00e1lia) o encontro do bispos amigos do Movimento dos Focolares<\/strong> (1-9 de agosto). Neste contexto, ao falar aos bispos no dia 5, <strong>a presidente Maria Voce<\/strong> convidou D. Francis Xavier Kriengsak Kovithavanij, arcebispo de Bancoc (Tail\u00e2ndia), a assumir o cargo de moderador da comunh\u00e3o entre os <a href=\"https:\/\/www.focolare.org\/pt\/movimento-dei-focolari\/scelte-e-impegno\/vescovi\/\" target=\"_blank\" rel=\"noopener\">bispos que aderem \u00e0 espiritualidade da unidade <\/a>transmitida pela fundadora, <a href=\"https:\/\/www.focolare.org\/pt\/chiara-lubich\/chi-e-chiara\/\" target=\"_blank\" rel=\"noopener\">Chiara Lubich<\/a>.<\/p>\n<p><strong>D. Francis Xavier aceitou o convite e sucede o cardeal Miloslav Vlk<\/strong>, arcebispo em\u00e9rito de Praga (Rep\u00fablica Tcheca), que por 18 anos teve essa fun\u00e7\u00e3o, convocando numerosos encontros internacionais de bispos, cat\u00f3licos e tamb\u00e9m de v\u00e1rias Igrejas. Tais encontros desejam responder ao desejo dos bispos de aprofundar a pr\u00f3pria vida espiritual e de realizar juntos a Igreja comunh\u00e3o, auspiciada pelo Conc\u00edlio Vaticano II e pelos \u00faltimos papas. Eles foram realizados em Castelgandolfo (Roma), Istambul, Jerusal\u00e9m, Beirute, Augsburg, Wittemberg, Londres, Genebra, apenas para citar alguns.<\/p>\n<p><img alt=\"\" alt=\"\" loading=\"lazy\" decoding=\"async\" class=\"alignleft size-full wp-image-68159\" style=\"margin-right: 10px; border: 0pt;\" title=\"20120809-06\" src=\"https:\/\/www.focolare.org\/wp-content\/uploads\/2012\/08\/20120809-06.jpg\" alt=\"\" width=\"226\" height=\"170\" \/>A escolha de D. Francis Xavier Kriengsak deve ser vista como<em> \u201csinal da abertura universal do Movimento e da sua aten\u00e7\u00e3o aos continentes emergentes e aos diversos di\u00e1logos\u201d<\/em>, segundo o que escreveu a presidente ao comunicar a not\u00edcia. Entrar\u00e1 em fun\u00e7\u00e3o no in\u00edcio do m\u00eas de outubro, durante a<a href=\"https:\/\/www.focolare.org\/pt\/movimento-dei-focolari\/organizzazione\/\" target=\"_blank\" rel=\"noopener\"> assembleia internacional <\/a>dos dirigentes do Movimento.<\/p>\n<p>O cardeal Miloslav Vlk exprimiu gratid\u00e3o \u00e0 presidente por ter nomeado <strong>um bispo do Oriente<\/strong>, <em>\u201conde a espiritualidade do Movimento dos Focolares difunde-se rapidamente inclusive entre os bispos\u201d<\/em>. Ao sucessor, D. Kriengsak,<em> \u201cbem preparado e muito apto a esta fun\u00e7\u00e3o\u201d<\/em>, desejou <em>\u201ca for\u00e7a e a criatividade necess\u00e1rias para guiar a comunh\u00e3o entre os bispos amigos do Movimento dos Focolares, ao lado da sua tarefa de arcebispo de Bancoc\u201d<\/em>.<\/p>\n<p><img alt=\"\" alt=\"\" loading=\"lazy\" decoding=\"async\" class=\"alignright  wp-image-68147\" title=\"20120809-03\" src=\"https:\/\/www.focolare.org\/wp-content\/uploads\/2012\/08\/20120809-03.jpg\" alt=\"\" width=\"283\" height=\"196\" \/>Por sua vez, D. Kriengsak aceitou humildemente essa miss\u00e3o, dizendo-se confortado pela disponibilidade dos coirm\u00e3os bispos em sustent\u00e1-lo de todas as formas poss\u00edveis.<\/p>\n<p>A participa\u00e7\u00e3o dos bispos no Movimento dos Focolaresm, aprovada e sustentada pela Santa S\u00e9 para favorecer a colegialidade \u201cefetiva e afetiva\u201d entre os bispos, num esp\u00edrito de comunh\u00e3o e fraternidade, constituiu um compromisso de natureza exclusivamente espiritual.<\/p>\n<p>Fonte: <em>Servi\u00e7o de Informa\u00e7\u00f5es Focolares<\/em><\/p>\n","protected":false},"excerpt":{"rendered":"<p>Maria Voce nomeou D. Francis Xavier Kriengsak Kovithavanij, arcebispo de Bancoc, que sucede o cardeal Miloslav Vlk, arcebispo em\u00e9rito de Praga.<\/p>\n","protected":false},"author":34,"featured_media":0,"comment_status":"open","ping_status":"open","sticky":false,"template":"","format":"standard","meta":{"give_campaign_id":0,"_seopress_robots_primary_cat":"","_seopress_titles_title":"","_seopress_titles_desc":"","_seopress_robots_index":"","_et_pb_use_builder":"","_et_pb_old_content":"","_et_gb_content_width":"","footnotes":""},"categories":[129],"tags":[],"class_list":["post-345080","post","type-post","status-publish","format-standard","hentry","category-sem-categoria"],"_links":{"self":[{"href":"https:\/\/www.focolare.org\/pt-pt\/wp-json\/wp\/v2\/posts\/345080","targetHints":{"allow":["GET"]}}],"collection":[{"href":"https:\/\/www.focolare.org\/pt-pt\/wp-json\/wp\/v2\/posts"}],"about":[{"href":"https:\/\/www.focolare.org\/pt-pt\/wp-json\/wp\/v2\/types\/post"}],"author":[{"embeddable":true,"href":"https:\/\/www.focolare.org\/pt-pt\/wp-json\/wp\/v2\/users\/34"}],"replies":[{"embeddable":true,"href":"https:\/\/www.focolare.org\/pt-pt\/wp-json\/wp\/v2\/comments?post=345080"}],"version-history":[{"count":0,"href":"https:\/\/www.focolare.org\/pt-pt\/wp-json\/wp\/v2\/posts\/345080\/revisions"}],"wp:attachment":[{"href":"https:\/\/www.focolare.org\/pt-pt\/wp-json\/wp\/v2\/media?parent=345080"}],"wp:term":[{"taxonomy":"category","embeddable":true,"href":"https:\/\/www.focolare.org\/pt-pt\/wp-json\/wp\/v2\/categories?post=345080"},{"taxonomy":"post_tag","embeddable":true,"href":"https:\/\/www.focolare.org\/pt-pt\/wp-json\/wp\/v2\/tags?post=345080"}],"curies":[{"name":"wp","href":"https:\/\/api.w.org\/{rel}","templated":true}]}}