{"id":345152,"date":"2012-08-31T20:03:15","date_gmt":"2012-08-31T18:03:15","guid":{"rendered":"https:\/\/www.focolare.org\/setembro-2012\/"},"modified":"2024-06-06T12:19:13","modified_gmt":"2024-06-06T10:19:13","slug":"setembro-2012","status":"publish","type":"post","link":"https:\/\/www.focolare.org\/pt-pt\/setembro-2012\/","title":{"rendered":"Setembro 2012"},"content":{"rendered":"<\/p>\n<p><strong><em>\u201cTodo o que bebe dessa \u00e1gua, ter\u00e1 sede de novo; mas quem beber da \u00e1gua que eu darei, nunca mais ter\u00e1 sede: porque a \u00e1gua que eu darei se tornar\u00e1 nele uma fonte de \u00e1gua jorrando para a vida eterna.\u201d<\/em><\/strong><\/p>\n<p>As palavras de Jesus dirigem-se a todos n\u00f3s, os sedentos deste mundo: aos que est\u00e3o conscientes da pr\u00f3pria aridez espiritual e ainda sentem os tormentos da sede, bem como aos que nem sequer sentem mais a necessidade de matar a sede na fonte da verdadeira vida e dos grandes valores da humanidade.<\/p>\n<p>Mas, no fundo, \u00e9 a todos os homens e \u00e0s mulheres de hoje que Jesus dirige um convite, revelando onde podemos encontrar a resposta aos nossos porqu\u00eas e satisfazer plenamente as nossas aspira\u00e7\u00f5es.<\/p>\n<p>Depende de todos n\u00f3s, portanto, alimentar-nos de suas palavras, deixar-nos embeber da sua mensagem.<\/p>\n<p>De que forma?<\/p>\n<p>Reenvagelizando a nossa vida, confrontando-a com as suas palavras, procurando pensar com a mente de Jesus e amar com o seu cora\u00e7\u00e3o.<\/p>\n<p>Cada momento em que procuramos viver o Evangelho \u00e9 uma gota daquela \u00e1gua viva que bebemos.<\/p>\n<p>Cada gesto de amor ao nosso pr\u00f3ximo \u00e9 um gole daquela \u00e1gua.<\/p>\n<p>Sim, porque aquela \u00e1gua t\u00e3o viva e preciosa tem isto de especial: jorra no nosso cora\u00e7\u00e3o cada vez que o abrimos ao amor para com todos. \u00c9 uma fonte \u2013 a fonte de Deus \u2013 que libera \u00e1gua na mesma medida em que seu veio profundo serve para saciar a sede dos outros, com pequenos ou grandes atos de amor.<\/p>\n<p><strong><em>\u201cTodo o que bebe dessa \u00e1gua, ter\u00e1 sede de novo; mas quem beber da \u00e1gua que eu darei, nunca mais ter\u00e1 sede: porque a \u00e1gua que eu darei se tornar\u00e1 nele uma fonte de \u00e1gua jorrando para a vida eterna.\u201d<\/em><\/strong><\/p>\n<p>J\u00e1 entendemos, portanto, que, para n\u00e3o sofrermos sede, devemos doar a \u00e1gua viva que recebemos Dele dentro de n\u00f3s mesmos.<\/p>\n<p>Muitas vezes bastar\u00e1 uma palavra, um sorriso, um simples sinal de solidariedade, para nos dar novamente uma sensa\u00e7\u00e3o de plenitude, de satisfa\u00e7\u00e3o profunda, um jorro de alegria. E se continuarmos a doar, esta fonte de paz e de vida dar\u00e1 \u00e1gua cada vez mais abundante, sem jamais se esgotar.<\/p>\n<p>Existe tamb\u00e9m outro segredo que Jesus nos revelou, uma esp\u00e9cie de po\u00e7o sem fundo do qual podemos beber. Quando dois ou tr\u00eas se unem em seu nome, amando-se com o pr\u00f3prio amor de Jesus, Ele est\u00e1 no meio deles (cf <em>Mt<\/em> 18,20). Ent\u00e3o nos sentiremos livres, uma s\u00f3 coisa, plenos de luz; e torrentes de \u00e1gua viva jorrar\u00e3o do nosso seio (cf <em>Jo<\/em> 7,38). \u00c9 a promessa de Jesus que se realiza, porque \u00e9 Dele mesmo, presente em nosso meio, que jorra aquela \u00e1gua que sacia por toda a eternidade.<\/p>\n<p align=\"right\"><strong>Chiara Lubich<\/strong><\/p>\n<p><em>Esta\u00a0 Palavra de Vida foi publicada originalmente em mar\u00e7o de 2002\u00a0\u00a0\u00a0\u00a0\u00a0\u00a0\u00a0\u00a0\u00a0\u00a0\u00a0\u00a0\u00a0\u00a0\u00a0\u00a0\u00a0\u00a0\u00a0 <\/em><\/p>\n","protected":false},"excerpt":{"rendered":"<p>\u201cTodo o que bebe dessa \u00e1gua, ter\u00e1 sede de novo; mas quem beber da \u00e1gua que eu darei, nunca mais ter\u00e1 sede: porque a \u00e1gua que eu darei se tornar\u00e1 nele uma fonte de \u00e1gua jorrando para a vida eterna.\u201d  (Jo 4,13-14)<\/p>\n","protected":false},"author":33,"featured_media":0,"comment_status":"open","ping_status":"open","sticky":false,"template":"","format":"standard","meta":{"give_campaign_id":0,"_seopress_robots_primary_cat":"","_seopress_titles_title":"","_seopress_titles_desc":"","_seopress_robots_index":"","_et_pb_use_builder":"","_et_pb_old_content":"","_et_gb_content_width":"","footnotes":""},"categories":[3598,129],"tags":[],"class_list":["post-345152","post","type-post","status-publish","format-standard","hentry","category-palavra-de-vida","category-sem-categoria"],"_links":{"self":[{"href":"https:\/\/www.focolare.org\/pt-pt\/wp-json\/wp\/v2\/posts\/345152","targetHints":{"allow":["GET"]}}],"collection":[{"href":"https:\/\/www.focolare.org\/pt-pt\/wp-json\/wp\/v2\/posts"}],"about":[{"href":"https:\/\/www.focolare.org\/pt-pt\/wp-json\/wp\/v2\/types\/post"}],"author":[{"embeddable":true,"href":"https:\/\/www.focolare.org\/pt-pt\/wp-json\/wp\/v2\/users\/33"}],"replies":[{"embeddable":true,"href":"https:\/\/www.focolare.org\/pt-pt\/wp-json\/wp\/v2\/comments?post=345152"}],"version-history":[{"count":0,"href":"https:\/\/www.focolare.org\/pt-pt\/wp-json\/wp\/v2\/posts\/345152\/revisions"}],"wp:attachment":[{"href":"https:\/\/www.focolare.org\/pt-pt\/wp-json\/wp\/v2\/media?parent=345152"}],"wp:term":[{"taxonomy":"category","embeddable":true,"href":"https:\/\/www.focolare.org\/pt-pt\/wp-json\/wp\/v2\/categories?post=345152"},{"taxonomy":"post_tag","embeddable":true,"href":"https:\/\/www.focolare.org\/pt-pt\/wp-json\/wp\/v2\/tags?post=345152"}],"curies":[{"name":"wp","href":"https:\/\/api.w.org\/{rel}","templated":true}]}}