{"id":345160,"date":"2012-09-02T19:01:11","date_gmt":"2012-09-02T17:01:11","guid":{"rendered":"https:\/\/www.focolare.org\/de-budapeste-ao-mundo\/"},"modified":"2024-06-06T12:19:14","modified_gmt":"2024-06-06T10:19:14","slug":"de-budapeste-ao-mundo","status":"publish","type":"post","link":"https:\/\/www.focolare.org\/pt-pt\/de-budapeste-ao-mundo\/","title":{"rendered":"De Budapeste ao mundo"},"content":{"rendered":"<p><img alt=\"\" alt=\"\" loading=\"lazy\" decoding=\"async\" class=\"alignleft size-full wp-image-69802\" style=\"margin-right: 10px; border: 0px none;\" title=\"20120902-02\" src=\"https:\/\/www.focolare.org\/wp-content\/uploads\/2012\/09\/20120902-02.jpg\" alt=\"\" width=\"314\" height=\"210\" \/>Mas, como foi a <strong>programa\u00e7\u00e3o do \u201cDia 2\u201d<\/strong>, como foi chamado o segundo dia do Genfest no Sport Arena de Budapeste? Os depoimentos, m\u00fasicas, coreografias, numa variedade de sons, cores e movimentos, percorreram a met\u00e1fora da constru\u00e7\u00e3o de uma ponte. Aquele <strong>\u201cLet\u2019s bridge!\u201d<\/strong>, tantas vezes repetido como uma sauda\u00e7\u00e3o, adquiriu uma profundidade diferente.<\/p>\n<p><strong>Fa\u00e7a os seus c\u00e1lculos<\/strong> foi o primeiro passo. Existem conflitos, como contou Bassem, do Egito sobre a experi\u00eancia feita depois dos eventos na Pra\u00e7a Tahrir. Existe exclus\u00e3o social, evidenciada na experi\u00eancia vivida por Pl\u00ednio, do Brasil. H\u00e1 um contexto de viol\u00eancia que chama vingan\u00e7a&#8230; ou a possibilidade de optar por um compromisso que leva a enfrentar as situa\u00e7\u00f5es problem\u00e1ticas de hoje.<\/p>\n<p><strong>Sujar as m\u00e3os cavando na lama<\/strong> \u00e9 o passo sucessivo. Podiam afirm\u00e1-lo literalmente os jovens da Tail\u00e2ndia quando contaram a experi\u00eancia feita ao ajudar as v\u00edtimas das enchentes em seu pa\u00eds. \u00c9 o compromisso de ir pessoalmente ao encontro das situa\u00e7\u00f5es de necessidade. E foi o que fizeram tamb\u00e9m, de formas diferentes, Ricardo, do Chile, e os jovens da Indon\u00e9sia e da Su\u00e9cia.<\/p>\n<p><strong>Plantar os pilares.<\/strong> A este ponto falou-se dos alicerces. Foi o momento de reviver a experi\u00eancia de <a href=\"https:\/\/www.focolare.org\/pt\/chiara-lubich\/chi-e-chiara\/\" target=\"_blank\" rel=\"noopener\"><strong>Chiara Lubich<\/strong><\/a>, atrav\u00e9s de um mon\u00f3logo teatral e a s\u00edntese de um discurso feito por ela na ONU. A mensagem era clara: a escolha de Deus que \u00e9 Amor e que leva a amar. A <strong>Regra de Ouro<\/strong> expressa pelas Escrituras crist\u00e3s diz: <em>\u201cTudo aquilo que quereis que os outros vos fa\u00e7am, fazei-o tamb\u00e9m v\u00f3s a eles\u201d<\/em> (Mt 7,12). Mas, com nuan\u00e7as diferentes, afirmam o mesmo tamb\u00e9m os textos sagrados das outras grandes religi\u00f5es. E isso foi confirmado com as experi\u00eancias feitas pelos jovens da \u00cdndia, crist\u00e3os e tamb\u00e9m hindus, por dois jovens rec\u00e9m-casados da Su\u00ed\u00e7a, e pela hist\u00f3ria de Nacho, um jovem argentino que decidiu deixar uma promissora carreira como jogador de futebol para viver totalmente pelos outros. Escolhas corajosas, quase sempre contracorrente, sempre portadoras de plenitude de vida.<\/p>\n<p><strong><img alt=\"\" alt=\"\" loading=\"lazy\" decoding=\"async\" class=\"alignright size-full wp-image-69803\" style=\"margin-left: 10px; border: 0px none;\" title=\"20120902-03\" src=\"https:\/\/www.focolare.org\/wp-content\/uploads\/2012\/09\/20120902-03.jpg\" alt=\"\" width=\"272\" height=\"176\" \/>A realiza\u00e7\u00e3o da ponte<\/strong> \u00e9 a etapa sucessiva. Imagem da unidade que passa por meio de a\u00e7\u00f5es concretas, em todos os \u00e2mbitos da vida cotidiana. Sem esquecer qual \u00e9 o segredo para que o arco da ponte n\u00e3o desmorone: <strong>amar tamb\u00e9m quando h\u00e1 o sofrimento<\/strong>. Isso foi ilustrado por alguns jovens italianos empenhados num centro de acolhida para imigrados clandestinos, trazendo inclusive as imagens e as vozes desses seus amigos. Tamb\u00e9m Adhelard e Ariane, que do Burundi contam a todos sobre a vida delas num campo de ex-refugiados, na periferia de Bujumbura. E Kaye, das Filipinas, traz a sua dura experi\u00eancia de separa\u00e7\u00e3o familiar. S\u00e3o hist\u00f3rias que at\u00e9 agora n\u00e3o tiveram um final feliz, mas que, vividas no amor, permitem experimentar a plenitude da vida inclusive em situa\u00e7\u00f5es dolorosas. \u00c9 assim que criam-se bases s\u00f3lidas, que permitem <strong>atravessar a ponte<\/strong>, \u00faltima etapa desse percurso figurativo. A ponte \u00e9 a abertura para muitas outras estradas. Sabem disso Issa, crist\u00e3o de Nazar\u00e9, e Noura, mu\u00e7ulmana de Jerusal\u00e9m. Regularmente eles se re\u00fanem com outros jovens, crist\u00e3os, mu\u00e7ulmanos e judeus, para aprofundar o conhecimento rec\u00edproco e rezar pela paz.<\/p>\n<p>J\u00e1 falamos anteriormente do discurso da presidente dos Focolares, <a href=\"https:\/\/www.focolare.org\/pt\/news\/2011\/01\/20\/maria-voce\/\" target=\"_blank\" rel=\"noopener\">Maria Voce<\/a>, e do lan\u00e7amento do <a href=\"https:\/\/www.focolare.org\/pt\/news\/2012\/07\/18\/genfest-osservatorio-sulla-fraternita\/\" target=\"_blank\" rel=\"noopener\">Projeto Mundo Unido<\/a>. Certo, a alegria dos 12 mil, ao deixar o Sport Arena, \u00e0 noite, era grande. Todos caminhando em dire\u00e7\u00e3o da simb\u00f3lica Ponte das Correntes. Trinta segundos de sil\u00eancio para come\u00e7ar<strong> o flashmob mais internacional da hist\u00f3ria<\/strong>. Quando se grita: <strong>\u201cJ\u00e1!\u201d<\/strong> os jovens come\u00e7am a trocar as faixas coloridas nas quais cada um escreveu uma frase, o pr\u00f3prio nome e na\u00e7\u00e3o, uma mensagem. Alegria, festa, confus\u00e3o&#8230; at\u00e9 que um novo grito: <strong>\u201cAgora!\u201d<\/strong>, faz abrir as faixas e descobrir <em>\u201co presente que Deus quis me dar\u201d<\/em>, como se exprimiu uma jovem, em l\u00e1grimas, depois de ter lido a sua mensagem: <strong>\u201cDeus te ama imensamente\u201d<\/strong>. <strong>\u201cHoje come\u00e7amos a viver pela paz\u201d<\/strong>, dizia outra. \u201cLet\u2019s bridge\u201d, <strong>\u201cVamos construir pontes\u201d<\/strong>, foi escrito em todas as l\u00ednguas. <em>\u201cO bracelete, sinal do pacto, eu o coloquei n\u00e3o por conformismo, mas porque me comprometo\u201d<\/em>, disse outro.<\/p>\n<p>Olhando para esses rostos pode-se realmente acreditar. Talvez Budapeste possa escrever, na sua hist\u00f3ria, esta ins\u00f3lita e n\u00e3o violenta revolu\u00e7\u00e3o que renasceu aqui.<\/p>\n<p><strong><img loading=\"lazy\" decoding=\"async\" class=\"ngg-singlepic ngg-right alignleft\" style=\"margin-right: 10px; border: 0px none;\" src=\"https:\/\/www.focolare.org\/wp-content\/blogs.dir\/1\/files\/genfest-2012-liturgical-ceremony\/20120902-11.jpg\" alt=\"20120902-11\" width=\"368\" height=\"246\" \/>Na manh\u00e3 conclusiva, dia 2 de setembro<\/strong>, na Pra\u00e7a Santo Estev\u00e3o, no centro da cidade, a celebra\u00e7\u00e3o da S. Missa para os jovens cat\u00f3licos, presidida pelo cardeal Peter Erd\u00f6, arcebispo de Budapeste. Os jovens pertencentes a outras Igrejas celebram as pr\u00f3prias liturgias nos respectivos lugares de culto, enquanto para os 160 mu\u00e7ulmanos, budistas e hindus havia um lugar pr\u00f3prio. Enfim, novamente todos juntos, para um momento de sil\u00eancio e recolhimento pela paz: <strong>o \u201ctime out\u201d<\/strong>.<\/p>\n<p><strong>O pr\u00f3ximo encontro marcado \u00e9 no Rio de Janeiro.<\/strong> Do palco, dois brasileiros convidam para a Jornada Mundial da Juventude de 2013. Parte-se com o compromisso de construir rela\u00e7\u00f5es de fraternidade, entre indiv\u00edduos e grupos, nos 104 pa\u00edses de proveni\u00eancia. <strong>De Budapeste ao mundo!<\/strong><\/p>\n<hr \/>\n<table class=\"aligncenter\" style=\"width: 284px; height: 109px;\" border=\"0\">\n<tbody>\n<tr>\n<td><a href=\"http:\/\/eacea.ec.europa.eu\/index_en.php\" target=\"_blank\" rel=\"noopener\"><img alt=\"\" alt=\"\" loading=\"lazy\" decoding=\"async\" class=\" wp-image-58115 aligncenter\" src=\"https:\/\/www.focolare.org\/wp-content\/uploads\/2012\/03\/eacea_logo_en.gif\" alt=\"\" width=\"84\" height=\"53\" \/><\/a><\/td>\n<td><a href=\"http:\/\/eacea.ec.europa.eu\/citizenship\/index_en.php\" target=\"_blank\" rel=\"noopener\"><img alt=\"\" alt=\"\" loading=\"lazy\" decoding=\"async\" class=\" wp-image-58116 aligncenter\" src=\"https:\/\/www.focolare.org\/wp-content\/uploads\/2012\/03\/citizenship_4c_en-178x109.gif\" alt=\"\" width=\"85\" height=\"52\" \/><\/a><\/td>\n<td><a href=\"http:\/\/eacea.ec.europa.eu\/citizenship\/index_en.php\" target=\"_blank\" rel=\"noopener\"><img alt=\"\" alt=\"\" loading=\"lazy\" decoding=\"async\" class=\" wp-image-58117 aligncenter\" src=\"https:\/\/www.focolare.org\/wp-content\/uploads\/2012\/03\/citizenship_en.gif\" alt=\"\" width=\"84\" height=\"63\" \/><\/a><\/td>\n<\/tr>\n<tr>\n<td style=\"text-align: center;\" colspan=\"3\">\n<h5>We thank our sponsors<\/h5>\n<\/td>\n<\/tr>\n<\/tbody>\n<\/table>\n<hr \/>\n","protected":false},"excerpt":{"rendered":"<p>Apagam-se os refletores do Sport Arena de Budapeste que viu o desenrolar-se da d\u00e9cima edi\u00e7\u00e3o do Genfest. Milhares de jovens retornam a seus pa\u00edses tendo se tornado \u201cconstrutores de pontes\u201d entre as pessoas, para levar o ideal da fraternidade ao mundo inteiro.<\/p>\n","protected":false},"author":34,"featured_media":0,"comment_status":"open","ping_status":"open","sticky":false,"template":"","format":"standard","meta":{"give_campaign_id":0,"_seopress_robots_primary_cat":"","_seopress_titles_title":"","_seopress_titles_desc":"","_seopress_robots_index":"","_et_pb_use_builder":"","_et_pb_old_content":"","_et_gb_content_width":"","footnotes":""},"categories":[129],"tags":[],"class_list":["post-345160","post","type-post","status-publish","format-standard","hentry","category-sem-categoria"],"_links":{"self":[{"href":"https:\/\/www.focolare.org\/pt-pt\/wp-json\/wp\/v2\/posts\/345160","targetHints":{"allow":["GET"]}}],"collection":[{"href":"https:\/\/www.focolare.org\/pt-pt\/wp-json\/wp\/v2\/posts"}],"about":[{"href":"https:\/\/www.focolare.org\/pt-pt\/wp-json\/wp\/v2\/types\/post"}],"author":[{"embeddable":true,"href":"https:\/\/www.focolare.org\/pt-pt\/wp-json\/wp\/v2\/users\/34"}],"replies":[{"embeddable":true,"href":"https:\/\/www.focolare.org\/pt-pt\/wp-json\/wp\/v2\/comments?post=345160"}],"version-history":[{"count":0,"href":"https:\/\/www.focolare.org\/pt-pt\/wp-json\/wp\/v2\/posts\/345160\/revisions"}],"wp:attachment":[{"href":"https:\/\/www.focolare.org\/pt-pt\/wp-json\/wp\/v2\/media?parent=345160"}],"wp:term":[{"taxonomy":"category","embeddable":true,"href":"https:\/\/www.focolare.org\/pt-pt\/wp-json\/wp\/v2\/categories?post=345160"},{"taxonomy":"post_tag","embeddable":true,"href":"https:\/\/www.focolare.org\/pt-pt\/wp-json\/wp\/v2\/tags?post=345160"}],"curies":[{"name":"wp","href":"https:\/\/api.w.org\/{rel}","templated":true}]}}