{"id":345188,"date":"2012-09-14T05:50:53","date_gmt":"2012-09-14T03:50:53","guid":{"rendered":"https:\/\/www.focolare.org\/reunidos-em-roma-os-responsaveis-do-movimento-dos-focolares\/"},"modified":"2024-06-06T12:19:20","modified_gmt":"2024-06-06T10:19:20","slug":"reunidos-em-roma-os-responsaveis-do-movimento-dos-focolares","status":"publish","type":"post","link":"https:\/\/www.focolare.org\/pt-pt\/reunidos-em-roma-os-responsaveis-do-movimento-dos-focolares\/","title":{"rendered":"Reunidos em Roma os respons\u00e1veis do Movimento dos Focolares"},"content":{"rendered":"<p><img alt=\"\" alt=\"\" loading=\"lazy\" decoding=\"async\" class=\"alignleft size-full wp-image-70464\" style=\"margin-right: 10px; border: 0px none;\" title=\"20120914-05\" src=\"https:\/\/www.focolare.org\/wp-content\/uploads\/2012\/09\/20120914-05.jpg\" alt=\"\" width=\"200\" height=\"600\" \/>Com a sauda\u00e7\u00e3o inicial da <a href=\"https:\/\/www.focolare.org\/pt\/la-presidente\/\" target=\"_blank\" rel=\"noopener\">presidente Maria Voce<\/a> teve in\u00edcio, no dia 13 de setembro, o <strong>encontro anual dos respons\u00e1veis do <a href=\"https:\/\/www.focolare.org\/pt\/movimento-dei-focolari\/storia\/\" target=\"_blank\" rel=\"noopener\">Movimento dos Focolares<\/a><\/strong>, com cerca de 300 participantes, entre respons\u00e1veis centrais e provenientes das v\u00e1rias \u00e1reas geogr\u00e1ficas onde o Movimento est\u00e1 presente.<\/p>\n<p>O encontro prosseguir\u00e1 at\u00e9 o dia 16 de outubro e prev\u00ea tr\u00eas dias de <em>\u201cretiro espiritual\u201d<\/em>, centralizado em um dos pontos da espiritualidade da unidade, <strong>o amor ao irm\u00e3o<\/strong>, que ser\u00e1 <strong>aprofundado a partir de textos e discursos de<\/strong> <a href=\"https:\/\/www.focolare.org\/pt\/chiara-lubich\/chi-e-chiara\/\" target=\"_blank\" rel=\"noopener\"><strong>Chiara Lubich<\/strong><\/a>, com uma reflex\u00e3o de Maria Voce e testemunhos dos participantes. Estes \u00faltimos comunicar\u00e3o experi\u00eancias de Evangelho vivido, tema aprofundado no ano que est\u00e1 se concluindo. Est\u00e1 prevista tamb\u00e9m uma <strong>reflex\u00e3o sobre o <a href=\"https:\/\/www.focolare.org\/pt\/news\/2011\/10\/21\/anno-della-fede\/\" target=\"_blank\" rel=\"noopener\">Ano da F\u00e9<\/a><\/strong> \u2013 convocado por Bento XVI a partir do pr\u00f3ximo m\u00eas de outubro \u2013 feita pelo te\u00f3logo irland\u00eas Brendan Leahy e pela Dra. Lida Ceccarelli, focolarina. A conclus\u00e3o da primeira fase do encontro ser\u00e1 acompanhada pelas numerosas comunidades espalhadas em muitos pa\u00edses, numa conex\u00e3o internet,<\/p>\n<p><strong>Segunda-feira, 17 de setembro<\/strong>, iniciam os <strong>trabalhos focados em diversos argumentos<\/strong>, em especial: as Novas M\u00eddias e a transforma\u00e7\u00e3o da sociedade, a identidade do <a href=\"https:\/\/www.focolare.org\/pt\/movimento-dei-focolari\/scelte-e-impegno\/focolarini\/\" target=\"_blank\" rel=\"noopener\">focolarino<\/a> e a sua espec\u00edfica contribui\u00e7\u00e3o \u2013 na luz do carisma da unidade \u2013 \u00e0 Igreja e \u00e0 sociedade, a apresenta\u00e7\u00e3o do desenvolvimento do Movimento em alguns pa\u00edses (Canad\u00e1, Estados Unidos, Am\u00e9rica Latina&#8230;). N\u00e3o faltar\u00e1 um balan\u00e7o do <a href=\"http:\/\/www.genfest.org\/\" target=\"_blank\" rel=\"noopener\">Genfest 2012<\/a>, recentemente realizado pelos jovens, na Hungria. Um sinal da import\u00e2ncia com a qual os Focolares olham \u00e0s novas gera\u00e7\u00f5es, como um futuro que j\u00e1 \u00e9 presente e impulso para todo o Movimento. <strong>A Santa Missa do dia 26 de setembro ser\u00e1 presidida pelo bispo de Frascati, D. Raffaello Martinelli.<\/strong><\/p>\n<p>Concomitantemente a este encontro a editora <em>Citt\u00e0 Nuova<\/em> lan\u00e7a o livro <em>\u201cO desafio de Emmaus, o que fazem e o que pensam os focolarinos no p\u00f3s-Chiara\u201d<\/em>. Teremos uma pr\u00e9via dele nos pr\u00f3ximos dias.<\/p>\n","protected":false},"excerpt":{"rendered":"<p>Presentes cerca de 300 delegados, do mundo inteiro. O Ano da F\u00e9, a contribui\u00e7\u00e3o da espiritualidade da unidade, a identidade do focolarino, o protagonismo dos jovens, s\u00e3o alguns dos temas abordados.<\/p>\n","protected":false},"author":27,"featured_media":0,"comment_status":"open","ping_status":"open","sticky":false,"template":"","format":"standard","meta":{"give_campaign_id":0,"_seopress_robots_primary_cat":"","_seopress_titles_title":"","_seopress_titles_desc":"","_seopress_robots_index":"","_et_pb_use_builder":"","_et_pb_old_content":"","_et_gb_content_width":"","footnotes":""},"categories":[129],"tags":[],"class_list":["post-345188","post","type-post","status-publish","format-standard","hentry","category-sem-categoria"],"_links":{"self":[{"href":"https:\/\/www.focolare.org\/pt-pt\/wp-json\/wp\/v2\/posts\/345188","targetHints":{"allow":["GET"]}}],"collection":[{"href":"https:\/\/www.focolare.org\/pt-pt\/wp-json\/wp\/v2\/posts"}],"about":[{"href":"https:\/\/www.focolare.org\/pt-pt\/wp-json\/wp\/v2\/types\/post"}],"author":[{"embeddable":true,"href":"https:\/\/www.focolare.org\/pt-pt\/wp-json\/wp\/v2\/users\/27"}],"replies":[{"embeddable":true,"href":"https:\/\/www.focolare.org\/pt-pt\/wp-json\/wp\/v2\/comments?post=345188"}],"version-history":[{"count":0,"href":"https:\/\/www.focolare.org\/pt-pt\/wp-json\/wp\/v2\/posts\/345188\/revisions"}],"wp:attachment":[{"href":"https:\/\/www.focolare.org\/pt-pt\/wp-json\/wp\/v2\/media?parent=345188"}],"wp:term":[{"taxonomy":"category","embeddable":true,"href":"https:\/\/www.focolare.org\/pt-pt\/wp-json\/wp\/v2\/categories?post=345188"},{"taxonomy":"post_tag","embeddable":true,"href":"https:\/\/www.focolare.org\/pt-pt\/wp-json\/wp\/v2\/tags?post=345188"}],"curies":[{"name":"wp","href":"https:\/\/api.w.org\/{rel}","templated":true}]}}