{"id":345198,"date":"2012-09-18T11:56:28","date_gmt":"2012-09-18T09:56:28","guid":{"rendered":"https:\/\/www.focolare.org\/deus-e-amor-ate-na-doenca\/"},"modified":"2024-06-06T12:19:21","modified_gmt":"2024-06-06T10:19:21","slug":"deus-e-amor-ate-na-doenca","status":"publish","type":"post","link":"https:\/\/www.focolare.org\/pt-pt\/deus-e-amor-ate-na-doenca\/","title":{"rendered":"Deus \u00e9 Amor at\u00e9 na doen\u00e7a?"},"content":{"rendered":"<p><img alt=\"\" alt=\"\" loading=\"lazy\" decoding=\"async\" class=\"alignright size-full wp-image-70611\" style=\"margin-left: 10px;\" title=\"20120919-02\" src=\"https:\/\/www.focolare.org\/wp-content\/uploads\/2012\/09\/20120919-02.jpg\" alt=\"\" width=\"314\" height=\"201\" \/><\/p>\n<p><strong>O meu nome \u00e9 Magued<\/strong> e cresci numa fam\u00edlia crist\u00e3. Quando tinha tr\u00eas anos foi diagnosticado em minha m\u00e3e uma Esclerose M\u00faltipla. A doen\u00e7a evoluiu, deixando-a paralisada e sem a vis\u00e3o. Desde pequeno, com o meu pai, meu irm\u00e3o e minha irm\u00e3, habituei-me a ajud\u00e1-la. Mas eu desejava que a minha m\u00e3e fosse sadia como a m\u00e3e dos meus amigos, que pudesse me pegar na sa\u00edda da escola, que me preparasse o caf\u00e9 da manh\u00e3 &#8230;por\u00e9m, com o passar do tempo, entendi que este meu sonho era irrealiz\u00e1vel.<\/p>\n<p>Eu e meus irm\u00e3os aprendemos a aceitar esta vontade de Deus, acreditando que tudo concorre para o bem daqueles que amam a Deus. Tornamo-nos mais unidos entre n\u00f3s, sentindo que existia uma gra\u00e7a que nos acompanhava sempre.<\/p>\n<p>Seis anos atr\u00e1s soubemos que a minha irm\u00e3 tinha um tumor. Naquele momento entrei em crise, n\u00e3o conseguia aceitar que tamb\u00e9m a minha irm\u00e3 estivesse doente. Pedia a Deus que eu ficasse no lugar dela, porque suportaria melhor aquele sofrimento. Com o tempo aceitei tamb\u00e9m a doen\u00e7a da minha irm\u00e3 que, mesmo com o tratamento, n\u00e3o melhorava.<\/p>\n<p>Fazem quatro anos que minha m\u00e3e foi para o Para\u00edso. Naquele momento, junto com a grande dor da perda, senti um vazio muito grande na minha vida, como se uma parte do meu cora\u00e7\u00e3o se separasse e partisse com ela.<\/p>\n<p>H\u00e1 dois anos, fazendo alguns exames devido a um problema nos olhos, descobri que tenho a mesma doen\u00e7a que ela. Improvisamente tudo desmoronou. Tinha conclu\u00eddo h\u00e1 pouco a universidade, pensava em ter diante de mim um grande futuro\u2026 Sentia uma grande ang\u00fastia quando pensava que um dia me acordaria paralisado ou sem a vis\u00e3o, como a minha m\u00e3e. Tinha vontade de fazer muitas coisas, tamb\u00e9m n\u00e3o boas, porque depois n\u00e3o poderia mais faz\u00ea-las&#8230; mas depois entendi que o que tornava realmente feliz \u00a0era viver cada dia como se fosse o \u00faltimo, num relacionamento profundo com Deus.<\/p>\n<p>Comecei um novo trabalho e conheci uma jovem, um anjo, que est\u00e1 disposta a levar adiante comigo todas as dificuldades que poderei encontrar no futuro.<\/p>\n<p>Muitos amigos me dizem que rezam por mim, para que eu fique curado, mas eu respondo que tamb\u00e9m rezo por eles, porque cada um de n\u00f3s sofre de alguma coisa.<\/p>\n<p><img loading=\"lazy\" decoding=\"async\" class=\"alignright\" style=\"margin-left: 10px; border: 0pt none;\" title=\"20120919-03\" src=\"https:\/\/www.focolare.org\/wp-content\/uploads\/2012\/09\/20120919-03.jpg\" alt=\"\" width=\"314\" height=\"210\" \/>Uma noite, alguns meses atr\u00e1s, eu estava com os meus amigos e minha irm\u00e3 me telefonou pedindo-me para voltar para casa porque n\u00e3o se sentia bem. Voltei, sentei-me ao seu lado, e come\u00e7amos a rezar juntos. N\u00e3o est\u00e1vamos acostumados a fazer isso. Era como se uma voz me dissesse: \u201creze com ela, Magued\u201d. Pouco tempo depois ela se agravou, apoiou a cabe\u00e7a em mim e expirou.<\/p>\n<p>Nestes \u00faltimos meses, de vez em quando tenho alguma reca\u00edda. N\u00e3o consigo segurar uma caneta ou ent\u00e3o perco a sensibilidade do bra\u00e7o, e por um per\u00edodo n\u00e3o enxergava bem, coisas que me trouxeram problemas no trabalho. Quando acontecem essas coisas lembro-me da minha m\u00e3e e da minha irm\u00e3 que, n\u00e3o obstante o sofrimento, tinham os olhos plenos de alegria e de paz. \u00c9 como se me dissessem: n\u00e3o tenha medo, continue acreditando no amor de Deus e a testemunh\u00e1-lo com a vida.<\/p>\n<p>(M. G. &#8211; <a href=\"https:\/\/www.focolare.org\/pt\/focolare-worldwide\/africa\/egitto\/\" target=\"_blank\" rel=\"noopener\">Egito<\/a>)<\/p>\n<hr \/>\n<table class=\"aligncenter\" style=\"width: 284px; height: 109px;\" border=\"0\">\n<tbody>\n<tr>\n<td><a href=\"http:\/\/eacea.ec.europa.eu\/index_en.php\" target=\"_blank\" rel=\"noopener\"><img alt=\"\" alt=\"\" loading=\"lazy\" decoding=\"async\" class=\" wp-image-58115 aligncenter\" src=\"https:\/\/www.focolare.org\/wp-content\/uploads\/2012\/03\/eacea_logo_en.gif\" alt=\"\" width=\"84\" height=\"53\" \/><\/a><\/td>\n<td><a href=\"http:\/\/eacea.ec.europa.eu\/citizenship\/index_en.php\" target=\"_blank\" rel=\"noopener\"><img alt=\"\" alt=\"\" loading=\"lazy\" decoding=\"async\" class=\" wp-image-58116 aligncenter\" src=\"https:\/\/www.focolare.org\/wp-content\/uploads\/2012\/03\/citizenship_4c_en-178x109.gif\" alt=\"\" width=\"85\" height=\"52\" \/><\/a><\/td>\n<td><a href=\"http:\/\/eacea.ec.europa.eu\/citizenship\/index_en.php\" target=\"_blank\" rel=\"noopener\"><img alt=\"\" alt=\"\" loading=\"lazy\" decoding=\"async\" class=\" wp-image-58117 aligncenter\" src=\"https:\/\/www.focolare.org\/wp-content\/uploads\/2012\/03\/citizenship_en.gif\" alt=\"\" width=\"84\" height=\"63\" \/><\/a><\/td>\n<\/tr>\n<tr>\n<td style=\"text-align: center;\" colspan=\"3\">\n<h5>We thank our sponsors<\/h5>\n<\/td>\n<\/tr>\n<\/tbody>\n<\/table>\n<hr \/>\n","protected":false},"excerpt":{"rendered":"<p>O testemunho de um jovem eg\u00edpcio, dado aos 12 mil jovens reunidos no Genfest 2012, em Budapeste. Acreditar no amor de Deus tamb\u00e9m quando o sofrimento atinge com for\u00e7a a sua fam\u00edlia, e a sua vida.<\/p>\n","protected":false},"author":27,"featured_media":0,"comment_status":"open","ping_status":"open","sticky":false,"template":"","format":"standard","meta":{"give_campaign_id":0,"_seopress_robots_primary_cat":"","_seopress_titles_title":"","_seopress_titles_desc":"","_seopress_robots_index":"","_et_pb_use_builder":"","_et_pb_old_content":"","_et_gb_content_width":"","footnotes":""},"categories":[129],"tags":[],"class_list":["post-345198","post","type-post","status-publish","format-standard","hentry","category-sem-categoria"],"_links":{"self":[{"href":"https:\/\/www.focolare.org\/pt-pt\/wp-json\/wp\/v2\/posts\/345198","targetHints":{"allow":["GET"]}}],"collection":[{"href":"https:\/\/www.focolare.org\/pt-pt\/wp-json\/wp\/v2\/posts"}],"about":[{"href":"https:\/\/www.focolare.org\/pt-pt\/wp-json\/wp\/v2\/types\/post"}],"author":[{"embeddable":true,"href":"https:\/\/www.focolare.org\/pt-pt\/wp-json\/wp\/v2\/users\/27"}],"replies":[{"embeddable":true,"href":"https:\/\/www.focolare.org\/pt-pt\/wp-json\/wp\/v2\/comments?post=345198"}],"version-history":[{"count":0,"href":"https:\/\/www.focolare.org\/pt-pt\/wp-json\/wp\/v2\/posts\/345198\/revisions"}],"wp:attachment":[{"href":"https:\/\/www.focolare.org\/pt-pt\/wp-json\/wp\/v2\/media?parent=345198"}],"wp:term":[{"taxonomy":"category","embeddable":true,"href":"https:\/\/www.focolare.org\/pt-pt\/wp-json\/wp\/v2\/categories?post=345198"},{"taxonomy":"post_tag","embeddable":true,"href":"https:\/\/www.focolare.org\/pt-pt\/wp-json\/wp\/v2\/tags?post=345198"}],"curies":[{"name":"wp","href":"https:\/\/api.w.org\/{rel}","templated":true}]}}