{"id":345202,"date":"2012-09-20T08:30:58","date_gmt":"2012-09-20T06:30:58","guid":{"rendered":"https:\/\/www.focolare.org\/a-caridade-principio-social\/"},"modified":"2024-06-06T12:19:22","modified_gmt":"2024-06-06T10:19:22","slug":"a-caridade-principio-social","status":"publish","type":"post","link":"https:\/\/www.focolare.org\/pt-pt\/a-caridade-principio-social\/","title":{"rendered":"A caridade princ\u00edpio social"},"content":{"rendered":"<p><strong><img alt=\"\" alt=\"\" loading=\"lazy\" decoding=\"async\" class=\"alignleft  wp-image-70653\" style=\"margin-right: 10px; border: 0pt none;\" title=\"Igino_Giordani\" src=\"https:\/\/www.focolare.org\/wp-content\/uploads\/2012\/09\/Igino_Giordani.jpg\" alt=\"\" width=\"231\" height=\"158\" \/>Uma sociedade n\u00e3o se sustenta sem justi\u00e7a<\/strong>. Contudo, para a sociedade vale mais ainda a caridade, que supera a justi\u00e7a sem anul\u00e1-la.<\/p>\n<p><strong>A justi\u00e7a funda a sociedade, a caridade a nutre<\/strong>; uma \u00e9 o c\u00e9rebro, a outra o cora\u00e7\u00e3o; uma o esqueleto, a outra o sangue.<\/p>\n<p>Roma, com o seu direito, foi muito longe no caminho da civiliza\u00e7\u00e3o \u2013 \u201cd\u00e1 a cada um o que \u00e9 seu\u201d \u2013 mas n\u00e3o at\u00e9 onde Cristo chegou, que disse: \u201cd\u00e1 aos outros tamb\u00e9m o que \u00e9 teu\u201d.<\/p>\n<p>A justi\u00e7a diz: \u201c<em>n\u00e3o roubar o que \u00e9 do outro<\/em>\u201d. A caridade intima: \u201c<em>d\u00e1 a quem precisa o que \u00e9 teu<\/em>\u201d. Isto \u00e9, com a justi\u00e7a damos aos outros o que \u00e9 deles, com a caridade damos a eles tamb\u00e9m o que \u00e9 nosso.<\/p>\n<p>N\u00e3o \u00e9, portanto, apenas um restabelecimento do equil\u00edbrio preexistente ou pressuposto, mas um acrescimento e melhoramento do mesmo, rumo a uma equidade \u00e0 qual o direito n\u00e3o chega. Um patr\u00e3o que d\u00e1 ao oper\u00e1rio o sal\u00e1rio combinado fica na justi\u00e7a; mas se, ao sal\u00e1rio \u2013 que \u00e9 insuficiente para a fam\u00edlia \u2013 acrescenta mais do que combinou, entra na caridade. Aquela n\u00e3o tira, mas essa acrescenta. Enfim, no direito, como \u00e9 codificado e entendido, pode-se morrer de fome e de abandono; na caridade n\u00e3o: at\u00e9 que haja algu\u00e9m que come e vive, dar\u00e1 do seu p\u00e3o e da sua ajuda aos outros. E se a for\u00e7a da justi\u00e7a mant\u00e9m friamente os homens em seus lugares, como artigos na prateleira, a for\u00e7a da caridade os liga em uma solidariedade familiar, rompendo as camadas divis\u00f3rias e fazendo circular calor e sorriso.<\/p>\n<p>For\u00e7a expansiva e coesiva, mais rica e mais nutriente do que a justi\u00e7a, a caridade n\u00e3o se contenta em manter cada um no seu lugar no mundo, ela tende a criar um lugar para todos no mundo \u2013 uma fam\u00edlia \u2013 sempre aberto e disposto a recriar as fontes da vida e da esperan\u00e7a.<\/p>\n<p>Ent\u00e3o, <strong>enquanto a Justi\u00e7a foi representada<\/strong> com as balan\u00e7as na m\u00e3o e <strong>a venda nos olhos, a Caridade tem ao inv\u00e9s os olhos bem abertos<\/strong> para ver onde o olhar dos distra\u00eddos e dos felizes n\u00e3o chega; e n\u00e3o fica medindo aquilo que d\u00e1, e oferece de m\u00e3os cheias, sem raciocinar demais sobre os m\u00e9ritos da pessoa \u2013 o irm\u00e3o \u2013 a quem d\u00e1.<\/p>\n<p><strong>Este servi\u00e7o<\/strong>, este prodigalizar-se pelos irm\u00e3os, e transferir a eles a nossa fortuna, as nossas for\u00e7as e o nosso sangue, at\u00e9 fazer da nossa vida a vida deles, normalmente \u2013 na identifica\u00e7\u00e3o crist\u00e3 \u2013 \u00e9 um servi\u00e7o feito ao pr\u00f3prio Cristo atrav\u00e9s dos irm\u00e3os. E \u2013 pela reversibilidade do corpo m\u00edstico \u2013 \u00e9 um servi\u00e7o, o mais verdadeiro, o mais consp\u00edcuo, feito a n\u00f3s mesmos. Fazemos o que nos interessa ao realizar o que interessa aos outros: servindo. O pai serve os filhos, o cidad\u00e3o serve a comunidade, o padre serve os fieis, quem comanda serve quem obedece, e assim por diante. E todos somos servidos por Cristo, que d\u00e1 a vida por todos.<\/p>\n<p><strong>Este amor nasce na ordem da gra\u00e7a<\/strong>, mas n\u00e3o se det\u00eam nela. Somos crist\u00e3os, somos irm\u00e3os, estamos na Igreja, sempre. Portanto, <strong>cada sociedade, tamb\u00e9m civil, tamb\u00e9m econ\u00f4mica<\/strong>, se composta por crist\u00e3os est\u00e1 inclu\u00edda neste ciclo divino, e beneficia-se dele. <strong>Animada pela caridade, simplifica os pr\u00f3prios problemas humanos e conspira para a solu\u00e7\u00e3o dos problemas eternos<\/strong>.<\/p>\n<p><strong>Essa \u00e9 a caridade vista como grande virtude social.<\/strong> E Cristo \u00e9 um devedor que paga cento por um. Pode dar uma eternidade por uma modesta \u2013 e talvez suja \u2013 c\u00e9dula de papel.<\/p>\n<p align=\"right\">A Sociedade Crist\u00e3, <em>Citt\u00e0 Nuova,<\/em> 2010, pp 98-101.<\/p>\n","protected":false},"excerpt":{"rendered":"<p>Publicamos parte de um escrito de Igino Giordani, no qual, ao fazer uma an\u00e1lise dos principais aspectos da revolu\u00e7\u00e3o provocada pelo Evangelho na vida da sociedade, indica a caridade como uma grande virtude social.<\/p>\n","protected":false},"author":27,"featured_media":0,"comment_status":"open","ping_status":"open","sticky":false,"template":"","format":"standard","meta":{"give_campaign_id":0,"_seopress_robots_primary_cat":"","_seopress_titles_title":"","_seopress_titles_desc":"","_seopress_robots_index":"","_et_pb_use_builder":"","_et_pb_old_content":"","_et_gb_content_width":"","footnotes":""},"categories":[129],"tags":[],"class_list":["post-345202","post","type-post","status-publish","format-standard","hentry","category-sem-categoria"],"_links":{"self":[{"href":"https:\/\/www.focolare.org\/pt-pt\/wp-json\/wp\/v2\/posts\/345202","targetHints":{"allow":["GET"]}}],"collection":[{"href":"https:\/\/www.focolare.org\/pt-pt\/wp-json\/wp\/v2\/posts"}],"about":[{"href":"https:\/\/www.focolare.org\/pt-pt\/wp-json\/wp\/v2\/types\/post"}],"author":[{"embeddable":true,"href":"https:\/\/www.focolare.org\/pt-pt\/wp-json\/wp\/v2\/users\/27"}],"replies":[{"embeddable":true,"href":"https:\/\/www.focolare.org\/pt-pt\/wp-json\/wp\/v2\/comments?post=345202"}],"version-history":[{"count":0,"href":"https:\/\/www.focolare.org\/pt-pt\/wp-json\/wp\/v2\/posts\/345202\/revisions"}],"wp:attachment":[{"href":"https:\/\/www.focolare.org\/pt-pt\/wp-json\/wp\/v2\/media?parent=345202"}],"wp:term":[{"taxonomy":"category","embeddable":true,"href":"https:\/\/www.focolare.org\/pt-pt\/wp-json\/wp\/v2\/categories?post=345202"},{"taxonomy":"post_tag","embeddable":true,"href":"https:\/\/www.focolare.org\/pt-pt\/wp-json\/wp\/v2\/tags?post=345202"}],"curies":[{"name":"wp","href":"https:\/\/api.w.org\/{rel}","templated":true}]}}