{"id":345208,"date":"2012-09-22T03:07:29","date_gmt":"2012-09-22T01:07:29","guid":{"rendered":"https:\/\/www.focolare.org\/cooperativa-loppiano-primeira-a-coragem-de-uma-profecia\/"},"modified":"2024-06-06T12:19:23","modified_gmt":"2024-06-06T10:19:23","slug":"cooperativa-loppiano-primeira-a-coragem-de-uma-profecia","status":"publish","type":"post","link":"https:\/\/www.focolare.org\/pt-pt\/cooperativa-loppiano-primeira-a-coragem-de-uma-profecia\/","title":{"rendered":"Cooperativa Loppiano Primeira: a coragem de uma profecia"},"content":{"rendered":"<p><strong><img alt=\"\" alt=\"\" loading=\"lazy\" decoding=\"async\" class=\"alignleft size-full wp-image-70752\" style=\"margin-right: 10px;border: 0pt none\" title=\"20120922-03\" src=\"https:\/\/www.focolare.org\/wp-content\/uploads\/2012\/09\/20120922-03.jpg\" alt=\"\" width=\"222\" height=\"314\" \/>S\u00e1bado, 19 de maio de 1973<\/strong>, como j\u00e1 acontece h\u00e1 nove anos <a href=\"https:\/\/www.focolare.org\/pt\/all-opera\/cittadelle\/\" target=\"_blank\" rel=\"noopener\"><strong>Loppiano<\/strong><\/a> est\u00e1 em plena atividade para receber os visitantes que vir\u00e3o conhecer a Mari\u00e1polis neste fim de semana. Aparentemente \u00e9 um dia como outro, mas trata-se de uma data hist\u00f3rica.  Nesse dia, de fato, foi constitu\u00edda a Cooperativa Loppiano Primeira, criada para oferecer um testemunho de Evangelho vivido por meio de uma experi\u00eancia concreta de trabalho. Dito assim parece uma alegoria, mas as origens desta empresa peculiar encontram-se num terreno todo de \u201couro\u201d e todo de \u201clama\u201d. Este \u00faltimo no sentido literal do termo.  <strong>Loppiano havia nascido alguns anos antes<\/strong>. Sobre as colinas da Toscana o entusiasmo e a alegria com certeza n\u00e3o faltavam, e os jovens encontravam todos os modos para realizar o seu sonho: dar visibilidade ao ideal de um \u201cmundo unido\u201d gra\u00e7as aos relacionamentos entre os moradores da pequena cidade, feita de internacionalidade, diversidade e, ao mesmo tempo, entremeada por uma harmonia dif\u00edcil de ser encontrada em outra parte. Com certeza isso n\u00e3o era f\u00e1cil, porque as pedrinhas a serem removidas dos cora\u00e7\u00f5es de cada pessoa &#8211; pela mentalidade, etnia e cultura \u2013 eram muitas.  Mas havia tamb\u00e9m outras pedras, muito mais vis\u00edveis e igualmente pesadas: eram as que enchiam os terrenos abandonados h\u00e1 anos, que tornavam a paisagem in\u00f3spita, dificultavam os transportes e deixavam as condi\u00e7\u00f5es de vida n\u00e3o muito c\u00f4modas. Era preciso algu\u00e9m competente para trabalhar as terras, reestruturar as casas, fazer com que aquela antiga fazenda assumisse realmente o aspecto de uma cidade, ainda que em miniatura.  <img alt=\"\" alt=\"\" loading=\"lazy\" decoding=\"async\" class=\"alignright size-full wp-image-70737\" style=\"margin-left: 10px;border: 0px none\" title=\"fattorialoppiano\" src=\"https:\/\/www.focolare.org\/wp-content\/uploads\/2012\/09\/fattorialoppiano.jpg\" alt=\"\" width=\"250\" height=\"188\" \/>Este apelo foi lan\u00e7ado a todo o <a href=\"https:\/\/www.focolare.org\/pt\/movimento-dei-focolari\/storia\/\" target=\"_blank\" rel=\"noopener\">Movimento dos Focolares<\/a> e acolhido, com um entusiasmo especial, pelos <a href=\"https:\/\/www.focolare.org\/pt\/movimento-dei-focolari\/scelte-e-impegno\/volontari\/\" target=\"_blank\" rel=\"noopener\">Volunt\u00e1rios e as Volunt\u00e1rias de Deus<\/a>, do mundo inteiro. Alguns deles, residentes nos vales da regi\u00e3o de B\u00e9rgamo (norte da It\u00e1lia), com generosidade e sobretudo f\u00e9, deixaram trabalho e atividades bem sucedidas para transferir-se a Loppiano, com fam\u00edlia e filhos pequenos. Sem nenhuma seguran\u00e7a de moradia e trabalho come\u00e7aram a reestruturar algumas constru\u00e7\u00f5es e, com sacrif\u00edcio e trabalho duro, iniciaram a constru\u00e7\u00e3o da Mari\u00e1polis e o cultivo dos campos adjacentes. Uma loucura, na vis\u00e3o de parentes e amigos. Todavia, gra\u00e7as a essas primeiras fam\u00edlias, Loppiano abriu suas portas ao mundo, tornando concreta uma aventura espiritual e humana hoje conhecida e estimada nos cinco continentes.  Tratava-se de encarnar, no trabalho concreto de cada dia, a <a href=\"https:\/\/www.focolare.org\/pt\/chiara-lubich\/spiritualita-dellunita\/\" target=\"_blank\" rel=\"noopener\"><strong>espiritualidade do Movimento dos Focolares<\/strong><\/a>, e de manter o respeito pela natureza e, consequentemente, pelo homem. Por este motivo, em todos esses anos, nunca foram usados produtos sint\u00e9ticos em todas as planta\u00e7\u00f5es, valorizando, ao inv\u00e9s, processos f\u00edsicos, obtendo certificados biol\u00f3gicos em todos os terrenos.  <img alt=\"\" alt=\"\" loading=\"lazy\" decoding=\"async\" class=\"alignleft wp-image-70753\" style=\"margin-right: 10px;border: 0pt none\" title=\"20120922-04\" src=\"https:\/\/www.focolare.org\/wp-content\/uploads\/2012\/09\/20120922-04.jpg\" alt=\"\" width=\"314\" height=\"223\" \/>A Cooperativa conta com mais de 4 mil s\u00f3cios em todo o mundo, que tamb\u00e9m atrav\u00e9s de quotas sociais e do consumo dos produtos contribuem para o desenvolvimento da empresa e, indiretamente, ao de toda a Mari\u00e1polis. Em 1991, ao lan\u00e7ar no Brasil o projeto da <a href=\"https:\/\/www.focolare.org\/pt\/in-dialogo\/cultura\/economia\/\" target=\"_blank\" rel=\"noopener\"><strong>Economia de Comunh\u00e3o<\/strong><\/a>, <a href=\"https:\/\/www.focolare.org\/pt\/chiara-lubich\/chi-e-chiara\/\" target=\"_blank\" rel=\"noopener\"><strong>Chiara Lubich<\/strong><\/a> indicou a Cooperativa Loppiano Primeira como pr\u00f3dromo da pr\u00f3pria EdC.  Hoje Loppiano \u00e9 linda, maravilhosa, com seus gramados, casas, estradas, \u00e1gua corrente para todos. Mas foram necess\u00e1rias a f\u00e9 e a coragem dos pioneiros, a maior parte ainda presentes, alguns j\u00e1 no C\u00e9u, sem os quais nada teria sido poss\u00edvel, nem mesmo a realiza\u00e7\u00e3o daquela profecia da qual uma vez falou <a href=\"https:\/\/www.focolare.org\/pt\/chiara-lubich\/chi-e-chiara\/igino-giordani\/\" target=\"_blank\" rel=\"noopener\"><strong>Igino Giordani<\/strong><\/a> (Foco), numa mensagem enviada \u00e0 Cooperativa: <em>\u00abVoc\u00eas testemunham e gritam o Evangelho simplesmente com o trabalho e a comunh\u00e3o dos bens&#8230; E s\u00e3o j\u00e1 as prim\u00edcias de uma sociedade concebida por muitos somente com palavras, embora sonhada por todos. Por voc\u00eas e gra\u00e7as a voc\u00eas o mundo de amanh\u00e3 j\u00e1 come\u00e7ou\u00bb<\/em>.  <strong>(Fim da primeira parte&#8230; continua).<\/strong>  <\/p>\n<hr \/>\n<p>  Site Web Terre di Loppiano: <a href=\"http:\/\/www.terrediloppiano.com\/index.php?main_page=index&amp;cPath=135&amp;zenid=9b625910e8d025837b470d17b438cb8f\">http:\/\/www.terrediloppiano.com<\/a>  <a href=\"http:\/\/www.terrediloppiano.com\/download\/CATALOGO.pdf\" target=\"_blank\" rel=\"noopener\">Cat\u00e1logo produtos<\/a><\/p>\n","protected":false},"excerpt":{"rendered":"<p>Com esta mat\u00e9ria iniciamos uma s\u00e9rie de artigos dedicados \u00e0 Cooperativa Loppiano Primeira, na Mari\u00e1polis internacional do Movimento dos Focolares. As origens, o desenvolvimento, os protagonistas, os projetos.<\/p>\n","protected":false},"author":27,"featured_media":0,"comment_status":"open","ping_status":"open","sticky":false,"template":"","format":"standard","meta":{"give_campaign_id":0,"_seopress_robots_primary_cat":"","_seopress_titles_title":"","_seopress_titles_desc":"","_seopress_robots_index":"","_et_pb_use_builder":"","_et_pb_old_content":"","_et_gb_content_width":"","footnotes":""},"categories":[129],"tags":[],"class_list":["post-345208","post","type-post","status-publish","format-standard","hentry","category-sem-categoria"],"_links":{"self":[{"href":"https:\/\/www.focolare.org\/pt-pt\/wp-json\/wp\/v2\/posts\/345208","targetHints":{"allow":["GET"]}}],"collection":[{"href":"https:\/\/www.focolare.org\/pt-pt\/wp-json\/wp\/v2\/posts"}],"about":[{"href":"https:\/\/www.focolare.org\/pt-pt\/wp-json\/wp\/v2\/types\/post"}],"author":[{"embeddable":true,"href":"https:\/\/www.focolare.org\/pt-pt\/wp-json\/wp\/v2\/users\/27"}],"replies":[{"embeddable":true,"href":"https:\/\/www.focolare.org\/pt-pt\/wp-json\/wp\/v2\/comments?post=345208"}],"version-history":[{"count":0,"href":"https:\/\/www.focolare.org\/pt-pt\/wp-json\/wp\/v2\/posts\/345208\/revisions"}],"wp:attachment":[{"href":"https:\/\/www.focolare.org\/pt-pt\/wp-json\/wp\/v2\/media?parent=345208"}],"wp:term":[{"taxonomy":"category","embeddable":true,"href":"https:\/\/www.focolare.org\/pt-pt\/wp-json\/wp\/v2\/categories?post=345208"},{"taxonomy":"post_tag","embeddable":true,"href":"https:\/\/www.focolare.org\/pt-pt\/wp-json\/wp\/v2\/tags?post=345208"}],"curies":[{"name":"wp","href":"https:\/\/api.w.org\/{rel}","templated":true}]}}