{"id":345238,"date":"2012-10-04T04:00:33","date_gmt":"2012-10-04T02:00:33","guid":{"rendered":"https:\/\/www.focolare.org\/klaus-hemmerle-pensamentos\/"},"modified":"2024-06-06T12:19:29","modified_gmt":"2024-06-06T10:19:29","slug":"klaus-hemmerle-pensamentos","status":"publish","type":"post","link":"https:\/\/www.focolare.org\/pt-pt\/klaus-hemmerle-pensamentos\/","title":{"rendered":"Klaus Hemmerle, pensamentos"},"content":{"rendered":"<p><em><img alt=\"\" alt=\"\" loading=\"lazy\" decoding=\"async\" class=\"alignright size-full wp-image-71535\" style=\"margin-left: 10px;border: 1px solid black\" src=\"https:\/\/www.focolare.org\/wp-content\/uploads\/2012\/10\/20121004-03.jpg\" alt=\"\" width=\"235\" height=\"197\" \/>Klaus Hemmerle (1929-1994), ex-bispo de Aachen (Aquisgrano, Alemanha), foi um te\u00f3logo e fil\u00f3sofo eminente, que com o seu timbre particular, deu uma importante contribui\u00e7\u00e3o para o aprofundamento doutrinal do <strong><a href=\"https:\/\/www.focolare.org\/pt\/chiara-lubich\/spiritualita-dellunita\/\" target=\"_blank\" rel=\"noopener\">carisma da unidade<\/a><\/strong> e para a sua <a href=\"https:\/\/www.focolare.org\/pt\/movimento-dei-focolari\/scelte-e-impegno\/vescovi\/\" target=\"_blank\" rel=\"noopener\"><strong>difus\u00e3o entre os bispos<\/strong><\/a>.<\/em><\/p>\n<p><strong>Referindo-se \u00e0 frase de Jesus<\/strong> <em>\u201cTudo o que fizestes a um dos meus irm\u00e3os mais pequeninos, a mim o fizestes\u201d<\/em> (Mt 25,40), <strong>D. Hemmerle escreveu<\/strong>:<\/p>\n<ul>\n<li>\u00abEsta Palavra nos diz, de modo definitivo, quem \u00e9 o homem e qual a sua realidade&#8230; Esta interpreta\u00e7\u00e3o do homem \u00e9 certamente um esc\u00e2ndalo, n\u00e3o menor do que aquele com que Jesus escandalizava os homens ao declarar-se Filho de Deus. Em nome da pr\u00f3pria liberdade, em nome da sua identidade e peculiaridade, o homem considera dever contestar o fato de ser identificado com Jesus Cristo. O homem quer ser amado por si mesmo, por aquilo que \u00e9, n\u00e3o quer ser degradado a uma esp\u00e9cie de m\u00e1scara de Jesus. Teme, ao inv\u00e9s, que aquele \u201ca mais\u201d de amor que ele recebe por amor de Jesus, seja algo que deixa de consider\u00e1-lo, que o deixa de lado, que tira dele o amor que deseja para si mesmo, e do qual necessita. Mas quem ama de tal modo que, para amar Jesus no outro, o transcura enquanto pessoa, ao faz\u00ea-lo transcura tamb\u00e9m Jesus. E quem considera a presen\u00e7a de Jesus no homem de maneira a diminuir o que este \u00e9 na realidade, n\u00e3o compreendeu, de fato, a presen\u00e7a de Jesus no pr\u00f3ximo.<\/li>\n<\/ul>\n<ul>\n<li>Jesus faz-se uma s\u00f3 coisa comigo, isto \u00e9, n\u00e3o me deixa s\u00f3. Ele est\u00e1 do meu lado de maneira radical, aceita-me assim como sou, e o que me diz respeito, diz respeito a ele tamb\u00e9m. Eu continuo a ser eu mesmo, torno-me plenamente eu, justamente porque n\u00e3o fico s\u00f3.<\/li>\n<\/ul>\n<ul>\n<li>O mist\u00e9rio de Cristo \u00e9 o mist\u00e9rio de cada homem. O que isso significa para a pessoa que encontro e o que tem a ver comigo e com a minha vida? Em rela\u00e7\u00e3o ao outro significa que n\u00e3o tenho algo a ver simplesmente com o anel de uma corrente, ou a pe\u00e7a de uma m\u00e1quina ou um simples n\u00famero na grande quantidade de material humano. Cada vez que encontro um semblante humano encontro Deus na sua realidade incondicional, encontro aquela voz que pronuncia, sobre este semblante humano, o que Jesus disse no monte da Transfigura\u00e7\u00e3o: \u201cEste \u00e9 o meu filho amado!\u201d (Mc 9,7). N\u00e3o existem exce\u00e7\u00f5es.<\/li>\n<\/ul>\n<ul>\n<li>Encontramos Cristo especialmente nos \u00faltimos, em quem parece mais distante dele, nas pessoas em quem o rosto de Cristo parece obscurecido. E por qu\u00ea? Na cruz, vivendo o abandono de Deus, tornando-se at\u00e9 mesmo \u2018pecado\u2019 (2 Cor 5,21), Jesus identificou-se com o que est\u00e1 mais longe de Deus, com aquilo que mais parece contrapor-se a ele. Somente descobrindo Cristo no pr\u00f3ximo, em quem est\u00e1 mais distante do pr\u00f3prio mist\u00e9rio do homem e de Cristo, e doando \u00e0 pessoa aquele amor humano que dirige-se a ela e ao pr\u00f3prio Cristo, de maneira indivisa, o pr\u00f3ximo poder\u00e1 descobrir a sua identidade com Jesus, a sua proximidade dele, o fato de ser totalmente assumido por ele\u00bb.<\/li>\n<\/ul>\n<p>Pensamentos retirados de <em>\u201cOffene Weltformel\u201d<\/em><\/p>\n","protected":false},"excerpt":{"rendered":"<p>Descobrindo a presen\u00e7a de Cristo no pr\u00f3ximo, acompanhados pela profundidade espiritual do te\u00f3logo alem\u00e3o, ex-bispo de Aquisgrano.<\/p>\n","protected":false},"author":34,"featured_media":0,"comment_status":"open","ping_status":"open","sticky":false,"template":"","format":"standard","meta":{"give_campaign_id":0,"_seopress_robots_primary_cat":"","_seopress_titles_title":"","_seopress_titles_desc":"","_seopress_robots_index":"","_et_pb_use_builder":"","_et_pb_old_content":"","_et_gb_content_width":"","footnotes":""},"categories":[129],"tags":[],"class_list":["post-345238","post","type-post","status-publish","format-standard","hentry","category-sem-categoria"],"_links":{"self":[{"href":"https:\/\/www.focolare.org\/pt-pt\/wp-json\/wp\/v2\/posts\/345238","targetHints":{"allow":["GET"]}}],"collection":[{"href":"https:\/\/www.focolare.org\/pt-pt\/wp-json\/wp\/v2\/posts"}],"about":[{"href":"https:\/\/www.focolare.org\/pt-pt\/wp-json\/wp\/v2\/types\/post"}],"author":[{"embeddable":true,"href":"https:\/\/www.focolare.org\/pt-pt\/wp-json\/wp\/v2\/users\/34"}],"replies":[{"embeddable":true,"href":"https:\/\/www.focolare.org\/pt-pt\/wp-json\/wp\/v2\/comments?post=345238"}],"version-history":[{"count":0,"href":"https:\/\/www.focolare.org\/pt-pt\/wp-json\/wp\/v2\/posts\/345238\/revisions"}],"wp:attachment":[{"href":"https:\/\/www.focolare.org\/pt-pt\/wp-json\/wp\/v2\/media?parent=345238"}],"wp:term":[{"taxonomy":"category","embeddable":true,"href":"https:\/\/www.focolare.org\/pt-pt\/wp-json\/wp\/v2\/categories?post=345238"},{"taxonomy":"post_tag","embeddable":true,"href":"https:\/\/www.focolare.org\/pt-pt\/wp-json\/wp\/v2\/tags?post=345238"}],"curies":[{"name":"wp","href":"https:\/\/api.w.org\/{rel}","templated":true}]}}