{"id":345252,"date":"2012-10-11T04:00:42","date_gmt":"2012-10-11T02:00:42","guid":{"rendered":"https:\/\/www.focolare.org\/anunciar-deus-ama-voce\/"},"modified":"2024-06-06T12:19:32","modified_gmt":"2024-06-06T10:19:32","slug":"anunciar-deus-ama-voce","status":"publish","type":"post","link":"https:\/\/www.focolare.org\/pt-pt\/anunciar-deus-ama-voce\/","title":{"rendered":"Anunciar: Deus ama voc\u00ea"},"content":{"rendered":"<p>\u00ab<a href=\"https:\/\/www.focolare.org\/pt\/chiara-lubich\/spiritualita-dellunita\/dio-amore\/\"><strong>Deus Amor<\/strong> <\/a>&#8211; como sabemos &#8211; \u00e9 uma verdade da nossa f\u00e9 e exprime grande atualidade. Porque, nos tempos que correm, quando Deus muitas vezes \u00e9 considerado distante, a ponto de falarem da morte de Deus, o que pode existir de mais salutar e necess\u00e1rio para esta humanidade que nos circunda (inclusive para aquela que se define crist\u00e3, sem que o seja realmente) do que oferecer-lhe, com a ajuda do Esp\u00edrito, esta revela\u00e7\u00e3o: Deus est\u00e1 perto de todos com o seu amor e ama apaixonadamente a cada um? [&#8230;]<\/p>\n<p>Do que dizer \u00e0 humanidade que cada circunst\u00e2ncia fala deste amor; do que faz\u00ea-la compreender que \u00e9 necess\u00e1rio sentir-nos envolvidos por este amor, mesmo quando tudo nos fizer pensar o contr\u00e1rio? E anunciar-lhe que nada passa despercebido a Deus; que conta at\u00e9 mesmo os cabelos da nossa cabe\u00e7a? [&#8230;]<\/p>\n<p><strong>O nosso mundo precisa desse an\u00fancio: [\u2026] Deus nos ama imensamente! E foi o que praticaram milhares de pessoas [&#8230;]<\/strong>.<\/p>\n<p>Anunciaram isso, disseram-no nos trens, nas escolas, em casa, nas lojas. Quando podiam, diziam: &#8220;Sabe que Deus o ama imensamente&#8221; e os efeitos foram extraordin\u00e1rios; as pessoas levavam um choque. Foi exatamente como quando os ap\u00f3stolos anunciavam: &#8220;Cristo ressuscitou!&#8221;. &#8220;Ressuscitou?&#8221;. Dizer \u00e0s pessoas que Deus \u00e9 amor e as ama imensamente, com a nossa convic\u00e7\u00e3o, desencadeia uma revolu\u00e7\u00e3o. [&#8230;]\u00bb.<\/p>\n<p><em><a href=\"https:\/\/www.focolare.org\/pt\/chiara-lubich\/chi-e-chiara\/\"><strong>Chiara Lubich<\/strong><\/a>, \u201c<a href=\"http:\/\/www.cittanuova.it\/eshop_scheda.php?idContenuto=35835\" target=\"_blank\" rel=\"noopener\"><strong>Dio Amore<\/strong><\/a>\u201d, <a href=\"http:\/\/www.cittanuova.it\/eshop_index.php?idsito=20\" target=\"_blank\" rel=\"noopener\"><strong>Ed. Citt\u00e0 Nuova<\/strong><\/a>, Roma, 2011, pagg. 86-87.<\/em><\/p>\n","protected":false},"excerpt":{"rendered":"<p>Dirigindo-se a 2.500 membros dos Movimentos paroquial e diocesano dos Focolares, em 1996 em Castelgandolfo, Chiara Lubich mencionou uma verdade da f\u00e9 crist\u00e3 particularmente atual.<\/p>\n","protected":false},"author":34,"featured_media":0,"comment_status":"open","ping_status":"open","sticky":false,"template":"","format":"standard","meta":{"give_campaign_id":0,"_seopress_robots_primary_cat":"","_seopress_titles_title":"","_seopress_titles_desc":"","_seopress_robots_index":"","_et_pb_use_builder":"","_et_pb_old_content":"","_et_gb_content_width":"","footnotes":""},"categories":[129],"tags":[],"class_list":["post-345252","post","type-post","status-publish","format-standard","hentry","category-sem-categoria"],"_links":{"self":[{"href":"https:\/\/www.focolare.org\/pt-pt\/wp-json\/wp\/v2\/posts\/345252","targetHints":{"allow":["GET"]}}],"collection":[{"href":"https:\/\/www.focolare.org\/pt-pt\/wp-json\/wp\/v2\/posts"}],"about":[{"href":"https:\/\/www.focolare.org\/pt-pt\/wp-json\/wp\/v2\/types\/post"}],"author":[{"embeddable":true,"href":"https:\/\/www.focolare.org\/pt-pt\/wp-json\/wp\/v2\/users\/34"}],"replies":[{"embeddable":true,"href":"https:\/\/www.focolare.org\/pt-pt\/wp-json\/wp\/v2\/comments?post=345252"}],"version-history":[{"count":0,"href":"https:\/\/www.focolare.org\/pt-pt\/wp-json\/wp\/v2\/posts\/345252\/revisions"}],"wp:attachment":[{"href":"https:\/\/www.focolare.org\/pt-pt\/wp-json\/wp\/v2\/media?parent=345252"}],"wp:term":[{"taxonomy":"category","embeddable":true,"href":"https:\/\/www.focolare.org\/pt-pt\/wp-json\/wp\/v2\/categories?post=345252"},{"taxonomy":"post_tag","embeddable":true,"href":"https:\/\/www.focolare.org\/pt-pt\/wp-json\/wp\/v2\/tags?post=345252"}],"curies":[{"name":"wp","href":"https:\/\/api.w.org\/{rel}","templated":true}]}}