{"id":345266,"date":"2012-10-15T04:30:59","date_gmt":"2012-10-15T02:30:59","guid":{"rendered":"https:\/\/www.focolare.org\/emergencia-siria-um-apelo-pelos-refugiados\/"},"modified":"2024-06-06T12:19:35","modified_gmt":"2024-06-06T10:19:35","slug":"emergencia-siria-um-apelo-pelos-refugiados","status":"publish","type":"post","link":"https:\/\/www.focolare.org\/pt-pt\/emergencia-siria-um-apelo-pelos-refugiados\/","title":{"rendered":"Emerg\u00eancia S\u00edria: um apelo pelos refugiados"},"content":{"rendered":"<div id=\"attachment_72299\" style=\"width: 424px\" class=\"wp-caption alignleft\"><img alt=\"\" alt=\"\" loading=\"lazy\" decoding=\"async\" aria-describedby=\"caption-attachment-72299\" class=\"wp-image-72299 \" style=\"margin-right: 10px;border: 0px none\" src=\"https:\/\/www.focolare.org\/wp-content\/uploads\/2012\/10\/20121015-01.jpg\" alt=\"\" width=\"414\" height=\"191\" \/><p id=\"caption-attachment-72299\" class=\"wp-caption-text\">Um milh\u00e3o e meio de s\u00edrios fugiram das zonas mais violentas do pa\u00eds<\/p><\/div>\n<p>Decidir deixar a pr\u00f3pria terra, casa, trabalho, amigos \u00e9 um fato traum\u00e1tico, quando n\u00e3o existe outra escolha. \u00c9 imposs\u00edvel prever se e quando ser\u00e1 poss\u00edvel retornar e se aquilo que se deixou ser\u00e1 recuperado. <strong>Um milh\u00e3o e meio de s\u00edrios fugiram<\/strong> das regi\u00f5es mais violentas do pa\u00eds para zonas menos perigosas, e 311.000 \u2013 segundo as \u00faltimas estimativas da ONU \u2013 refugiaram-se nos <strong>pa\u00edses lim\u00edtrofes: Turquia, Iraque, Jord\u00e2nia e L\u00edbano.<\/strong><\/p>\n<p>Ainda n\u00e3o se enxerga uma solu\u00e7\u00e3o poss\u00edvel para esse conflito que contrap\u00f5e for\u00e7as governamentais e de oposi\u00e7\u00e3o, ali\u00e1s, teme-se uma extens\u00e3o da crise a n\u00edveis internacionais.<\/p>\n<p>No entanto, o vento da primavera \u00e1rabe havia dado esperan\u00e7a na for\u00e7a da resist\u00eancia n\u00e3o violenta e no impulso pac\u00edfico para uma reforma do pa\u00eds em senso democr\u00e1tico, num contexto em que a conviv\u00eancia entre v\u00e1rios credos religiosos nunca havia trazido problemas s\u00e9rios. Depois, tudo se precipitou.<\/p>\n<p><strong>Novas solu\u00e7\u00f5es diplom\u00e1ticas est\u00e3o sendo buscadas<\/strong>, e enquanto isso, com a esperan\u00e7a que possa emergir a verdadeira alma do povo s\u00edrio e que sejam realizadas as suas aspira\u00e7\u00f5es de uma conviv\u00eancia pac\u00edfica sem destruir o pa\u00eds, procura-se aliviar a popula\u00e7\u00e3o atingida.<\/p>\n<p><strong>No <a href=\"https:\/\/www.focolare.org\/pt\/focolare-worldwide\/asia\/libano\/\" target=\"_blank\" rel=\"noopener\">L\u00edbano<\/a>, o Movimento dos Focolares atua na linha de frente na ajuda aos refugiados<\/strong>. As comunidades responderam a essa emerg\u00eancia com grande generosidade, colocando \u00e0 disposi\u00e7\u00e3o o que podiam, dinheiro e bens. <strong>No Centro Mari\u00e1polis de Ain Aar est\u00e3o alojadas algumas fam\u00edlias s\u00edrias<\/strong>, e outras foram hospedadas em v\u00e1rias partes do pa\u00eds. \u201cTodos gostariam de voltar para a S\u00edria \u2013 escreveram os respons\u00e1veis do Movimento no L\u00edbano \u2013 mas a situa\u00e7\u00e3o n\u00e3o permite. Por isso matriculamos as crian\u00e7as nas escolas libanesas e esperamos pelo desenrolar dos acontecimentos. Os refugiados participam com o que podem, mas o custo de vida no L\u00edbano \u00e9 pelo menos cinco vezes superior ao da S\u00edria, e os recursos financeiros terminam rapidamente\u201d.<\/p>\n<div id=\"attachment_72315\" style=\"width: 324px\" class=\"wp-caption alignright\"><img alt=\"\" alt=\"\" loading=\"lazy\" decoding=\"async\" aria-describedby=\"caption-attachment-72315\" class=\" wp-image-72315  \" style=\"margin-left: 10px;border: 0px none\" src=\"https:\/\/www.focolare.org\/wp-content\/uploads\/2012\/10\/20121015-02.jpg\" alt=\"\" width=\"314\" height=\"208\" \/><p id=\"caption-attachment-72315\" class=\"wp-caption-text\">\u00a9 Foto UNICEF HQ<\/p><\/div>\n<p><strong>Contemporaneamente, na S\u00edria, a perda progressiva do trabalho, pelo fechamento de muitas f\u00e1bricas<\/strong>, a queda do com\u00e9rcio e o aumento dos pre\u00e7os dos g\u00eaneros de primeira necessidade, principalmente \u00f3leo diesel e g\u00e1s, tornam dram\u00e1tica a subsist\u00eancia de muitas fam\u00edlias, e o futuro extremamente inquietante.<\/p>\n<p>Por isso \u00e9 importante n\u00e3o deixar essa popula\u00e7\u00e3o s\u00f3, e sustent\u00e1-la de todas as formas poss\u00edveis.<\/p>\n<p>A <a href=\"http:\/\/www.amu-it.eu\/?lang=en\" target=\"_blank\" rel=\"noopener\"><strong>AMU<\/strong><\/a> (Associa\u00e7\u00e3o A\u00e7\u00e3o por um Mundo Unido, ONG inspirada na espiritualidade dos Focolares), coordena uma coleta de fundos e as a\u00e7\u00f5es emergenciais, juntamente com os respons\u00e1veis locais. Neste momento <strong>os recursos s\u00e3o destinados \u00e0s ajudas de primeira necessidade<\/strong> (alimenta\u00e7\u00e3o, alojamento, sa\u00fade), seja para as fam\u00edlias dos refugiados seja para aquelas que se deslocaram dentro do pa\u00eds. No L\u00edbano, al\u00e9m disso, procura-se inserir as crian\u00e7as nas escolas libanesas.<\/p>\n<p><strong>Quem deseja exprimir a sua proximidade \u00e0 popula\u00e7\u00e3o s\u00edria<\/strong>, inclusive por meio de uma contribui\u00e7\u00e3o em dinheiro, pode utilizar a seguinte conta corrente, em nome de:<\/p>\n<hr \/>\n<p><strong>Associazione Azione per un Mondo Unito<\/strong><\/p>\n<p><strong>Banca Popolare Etica, filial de Roma.<\/strong><strong><\/strong><\/p>\n<p><strong>C\u00f3digo IBAN: \u00a0IT16G0501803200000000120434<\/strong><strong><\/strong><\/p>\n<p><strong>C\u00f3digo SWIFT\/BIC CCRTIT2184D<\/strong><strong><\/strong><\/p>\n<p><strong>\u00a0Motiva\u00e7\u00e3o \u201cAjuda \u00e0s fam\u00edlias s\u00edrias\u201d ou \u201cEscolariza\u00e7\u00e3o das crian\u00e7as s\u00edrias\u201d.<\/strong><\/p>\n","protected":false},"excerpt":{"rendered":"<p>Os refugiados s\u00edrios j\u00e1 s\u00e3o mais de 300.000. Dirigiram-se para a Turquia, Iraque, Jord\u00e2nia e L\u00edbano. Uma situa\u00e7\u00e3o dram\u00e1tica como consequ\u00eancia. O que podemos fazer.<\/p>\n","protected":false},"author":34,"featured_media":0,"comment_status":"open","ping_status":"open","sticky":false,"template":"","format":"standard","meta":{"give_campaign_id":0,"_seopress_robots_primary_cat":"","_seopress_titles_title":"","_seopress_titles_desc":"","_seopress_robots_index":"","_et_pb_use_builder":"","_et_pb_old_content":"","_et_gb_content_width":"","footnotes":""},"categories":[909],"tags":[],"class_list":["post-345266","post","type-post","status-publish","format-standard","hentry","category-focolare-worldwide-2-4"],"_links":{"self":[{"href":"https:\/\/www.focolare.org\/pt-pt\/wp-json\/wp\/v2\/posts\/345266","targetHints":{"allow":["GET"]}}],"collection":[{"href":"https:\/\/www.focolare.org\/pt-pt\/wp-json\/wp\/v2\/posts"}],"about":[{"href":"https:\/\/www.focolare.org\/pt-pt\/wp-json\/wp\/v2\/types\/post"}],"author":[{"embeddable":true,"href":"https:\/\/www.focolare.org\/pt-pt\/wp-json\/wp\/v2\/users\/34"}],"replies":[{"embeddable":true,"href":"https:\/\/www.focolare.org\/pt-pt\/wp-json\/wp\/v2\/comments?post=345266"}],"version-history":[{"count":0,"href":"https:\/\/www.focolare.org\/pt-pt\/wp-json\/wp\/v2\/posts\/345266\/revisions"}],"wp:attachment":[{"href":"https:\/\/www.focolare.org\/pt-pt\/wp-json\/wp\/v2\/media?parent=345266"}],"wp:term":[{"taxonomy":"category","embeddable":true,"href":"https:\/\/www.focolare.org\/pt-pt\/wp-json\/wp\/v2\/categories?post=345266"},{"taxonomy":"post_tag","embeddable":true,"href":"https:\/\/www.focolare.org\/pt-pt\/wp-json\/wp\/v2\/tags?post=345266"}],"curies":[{"name":"wp","href":"https:\/\/api.w.org\/{rel}","templated":true}]}}