{"id":345276,"date":"2012-10-18T04:00:44","date_gmt":"2012-10-18T02:00:44","guid":{"rendered":"https:\/\/www.focolare.org\/sophia-adquirir-profissionalismo-investindo-a-propria-vida\/"},"modified":"2024-06-06T12:19:36","modified_gmt":"2024-06-06T10:19:36","slug":"sophia-adquirir-profissionalismo-investindo-a-propria-vida","status":"publish","type":"post","link":"https:\/\/www.focolare.org\/pt-pt\/sophia-adquirir-profissionalismo-investindo-a-propria-vida\/","title":{"rendered":"Sophia: adquirir profissionalismo investindo a pr\u00f3pria vida"},"content":{"rendered":"<p><img alt=\"\" alt=\"\" loading=\"lazy\" decoding=\"async\" class=\"alignleft  wp-image-72377\" style=\"margin-right: 10px; border: 0px none;\" title=\"20121018-01\" src=\"https:\/\/www.focolare.org\/wp-content\/uploads\/2012\/10\/20121018-01.jpg\" alt=\"\" width=\"320\" height=\"200\" \/><strong>\u00abMuitas revolu\u00e7\u00f5es na hist\u00f3ria come\u00e7aram de forma inesperada.<\/strong> Com frequ\u00eancia os jovens estavam no \u00e2mago delas. Mergulhado, como muitos outros, nos problemas das megacidades dos nossos pa\u00edses, eu tamb\u00e9m me perguntei: quando chegar\u00e1 a mudan\u00e7a? Discutia com os amigos, estudava as trajet\u00f3rias dos grandes protagonistas da hist\u00f3ria; eu tinha muitos questionamentos.  <strong>Quando comecei a trabalhar como jornalista na sede da ANSA, em <a href=\"https:\/\/www.focolare.org\/pt\/focolare-worldwide\/america-sud\/brasile\/\" target=\"_blank\" rel=\"noopener\">S\u00e3o Paulo<\/a><\/strong>, em meus artigos eu n\u00e3o perdia a ocasi\u00e3o para evidenciar os sinais da crise,buscando a verdade. Sentia-me pleno de grandes aspira\u00e7\u00f5es. No entanto, \u00e0 medida que ganhava experi\u00eancia sentia que o \u00edmpeto do idealismo n\u00e3o bastava.  A complexidade do mundo contempor\u00e2neo exigia de mim compet\u00eancia e experi\u00eancia, e n\u00e3o me sentia preparado para dar essa resposta. Ainda mais numa situa\u00e7\u00e3o de crise galopante como a das nossas sociedades interdependentes, com os problemas do trabalho, da finan\u00e7a internacional, os conflitos, com mecanismos institucionais obsoletos. Percebi que o risco era o de trabalhar&#8230; fora dos trilhos, enquanto a hist\u00f3ria corre rumo a cen\u00e1rios que eu n\u00e3o sabia decifrar.  <strong>A decis\u00e3o de matricular-me do Instituto Universit\u00e1rio Sophia (<a href=\"http:\/\/www.iu-sophia.org\/\" target=\"_blank\" rel=\"noopener\">IUS<\/a>)<\/strong> derivou desta reflex\u00e3o. Decidi investir tudo o que tinha na passagem a\u00e9rea e nos preparativos e dedicar dois anos da minha vida para percorrer um caminho que une teoria e a\u00e7\u00e3o cotidiana, para aprofundar uma cultura nova, a cultura da unidade.  <strong>Inscrevi-me na \u00e1rea de estudos pol\u00edticos<\/strong> e entrei num laborat\u00f3rio de vida onde, dia a dia, com estudantes e professores de diversas proveni\u00eancias, enfrentamos um programa de estudo intenso, que descerra a cultura da unidade em numerosos \u00e2mbitos, das ci\u00eancias e da a\u00e7\u00e3o humana.  <strong>No IUS fazemos a experi\u00eancia de que um alto objetivo de mudan\u00e7a social pode, ou melhor, deve ser acompanhado por um preparo aprofundado<\/strong>: \u00e9 preciso formar-se profissionalmente, s\u00e3o necess\u00e1rios conhecimentos multidimensionais, \u00e9 preciso adquirir um m\u00e9todo de di\u00e1logo a 360\u00ba , a fim de relacionar-se com pessoas e povos, pr\u00f3ximos e distantes, e saber administrar a rede das interdepend\u00eancias que caracteriza o nosso tempo.  <strong>O denso confronto entre as disciplinas, iluminado pelo carisma de Chiara Lubich,<\/strong> \u00e9 sustentado pelo esfor\u00e7o cotidiano de traduzir em pr\u00e1tica as intui\u00e7\u00f5es e os resultados acad\u00eamicos que obtemos na sala de aula. Tudo isso me envolveu e deu-me perspectivas muito diferentes e novos instrumentos. Chegando ao final do percurso posso afirmar ter adquirido algumas compet\u00eancias ou especialidades, que me ajudar\u00e3o no meu trabalho de jornalista, n\u00e3o apenas a escrever artigos mais elaborados tecnicamente, mas principalmente a captar elementos daqueles fatos que, antes, provavelmente teriam passado despercebidos.  <strong>Entendi que o \u201cnovo\u201d que procuro \u00e9 constru\u00eddo no relacionamento com as pessoas<\/strong>, com os colegas de trabalho, com as pessoas que entrevisto, com o p\u00fablico que me l\u00ea. Vir\u00e1 somente de uma intensa vida de di\u00e1logo, de partilha e de verifica\u00e7\u00e3o comunit\u00e1ria. E valorizando os sinais daquela tens\u00e3o \u00e0 unidade, viva e operante na hist\u00f3ria, que encontro em toda parte, nas hist\u00f3rias que conto.  <strong>Aspirar a um mundo melhor \u00e9 algo muito importante, mas buscar os instrumentos adequados \u00e9 igualmente fundamental.<\/strong> No IUS entendi que n\u00e3o se pode improvisar, que devemos dedicar tempo e recursos para criar as condi\u00e7\u00f5es necess\u00e1rias\u00bb.  <em>(Fonte: <a href=\"http:\/\/www.iu-sophia.org\/_News_1123\" target=\"_blank\" rel=\"noopener\">Instituto Universit\u00e1rio Sophia online<\/a>)<\/em><\/p>\n","protected":false},"excerpt":{"rendered":"<p>A hist\u00f3ria de Thiago Borges, estudante do Instituto Universit\u00e1rio Sophia, de Loppiano<\/p>\n","protected":false},"author":34,"featured_media":0,"comment_status":"open","ping_status":"open","sticky":false,"template":"","format":"standard","meta":{"give_campaign_id":0,"_seopress_robots_primary_cat":"","_seopress_titles_title":"","_seopress_titles_desc":"","_seopress_robots_index":"","_et_pb_use_builder":"","_et_pb_old_content":"","_et_gb_content_width":"","footnotes":""},"categories":[909,910],"tags":[],"class_list":["post-345276","post","type-post","status-publish","format-standard","hentry","category-focolare-worldwide-2-4","category-senza-categoria-2-4"],"_links":{"self":[{"href":"https:\/\/www.focolare.org\/pt-pt\/wp-json\/wp\/v2\/posts\/345276","targetHints":{"allow":["GET"]}}],"collection":[{"href":"https:\/\/www.focolare.org\/pt-pt\/wp-json\/wp\/v2\/posts"}],"about":[{"href":"https:\/\/www.focolare.org\/pt-pt\/wp-json\/wp\/v2\/types\/post"}],"author":[{"embeddable":true,"href":"https:\/\/www.focolare.org\/pt-pt\/wp-json\/wp\/v2\/users\/34"}],"replies":[{"embeddable":true,"href":"https:\/\/www.focolare.org\/pt-pt\/wp-json\/wp\/v2\/comments?post=345276"}],"version-history":[{"count":0,"href":"https:\/\/www.focolare.org\/pt-pt\/wp-json\/wp\/v2\/posts\/345276\/revisions"}],"wp:attachment":[{"href":"https:\/\/www.focolare.org\/pt-pt\/wp-json\/wp\/v2\/media?parent=345276"}],"wp:term":[{"taxonomy":"category","embeddable":true,"href":"https:\/\/www.focolare.org\/pt-pt\/wp-json\/wp\/v2\/categories?post=345276"},{"taxonomy":"post_tag","embeddable":true,"href":"https:\/\/www.focolare.org\/pt-pt\/wp-json\/wp\/v2\/tags?post=345276"}],"curies":[{"name":"wp","href":"https:\/\/api.w.org\/{rel}","templated":true}]}}