{"id":345294,"date":"2012-10-25T06:00:54","date_gmt":"2012-10-25T04:00:54","guid":{"rendered":"https:\/\/www.focolare.org\/terras-de-loppiano-terre-di-loppiano-200-produtos-1000-sabores\/"},"modified":"2024-06-06T12:19:40","modified_gmt":"2024-06-06T10:19:40","slug":"terras-de-loppiano-terre-di-loppiano-200-produtos-1000-sabores","status":"publish","type":"post","link":"https:\/\/www.focolare.org\/pt-pt\/terras-de-loppiano-terre-di-loppiano-200-produtos-1000-sabores\/","title":{"rendered":"Terras de Loppiano (Terre di Loppiano): 200 produtos, 1000 sabores."},"content":{"rendered":"<p><img alt=\"\" alt=\"\" loading=\"lazy\" decoding=\"async\" class=\"alignnone size-full wp-image-72829\" src=\"https:\/\/www.focolare.org\/wp-content\/uploads\/2012\/10\/Slide_TerrediLoppiano.jpg\" alt=\"\" width=\"653\" height=\"202\" \/><em><\/em><\/p>\n<p><strong>O <em>site<\/em> \u00e9 apropriado, a gr\u00e1fica \u00e9 atraente, mas, especialmente, o prazer de n\u00e3o trair jamais:<\/strong> tr\u00eas ingredientes que garantiram o sucesso de <em>Terre di Loppiano<\/em>, uma empresa fundada para promover e comercializar, tamb\u00e9m <em>online <\/em>(<a href=\"http:\/\/www.terrediloppiano.com\">www.terrediloppiano.com<\/a>) o trabalho de algumas empresas que operam no setor agroalimentar. Duzentos produtos qualificados, certificados, com registros que permitem ao consumidor saber das fazes da fabrica\u00e7\u00e3o ou industrializa\u00e7\u00e3o, garantidos e testados que prov\u00eam de v\u00e1rias partes do mundo. O empres\u00e1rio Giorgio Balduzzi \u00e9 o criador e um dos fundadores da empresa. Conversamos com ele sobre este projeto.<\/p>\n<p><strong><em>Terre di Loppiano&#8230; por que esse nome?<\/em><\/strong><strong><\/strong><\/p>\n<p>\u00abA marca <em>Terre di Loppiano<\/em> n\u00e3o exprime um v\u00ednculo territorial, mas, o valor da \u201c<em>terra<\/em>\u201d que, se \u00e9 respeitada, sabe produzir frutos de alt\u00edssima qualidade; \u201c<em><a href=\"http:\/\/www.loppiano.it\/\">Loppiano<\/a><\/em>\u201d \u00e9 a refer\u00eancia do nosso modo de agir, cujas ra\u00edzes se aprofundam no h\u00famus da <a href=\"https:\/\/www.focolare.org\/pt\/chiara-lubich\/spiritualita-dellunita\/\" target=\"_blank\" rel=\"noopener\">espiritualidade da unidade<\/a> do qual a cidadezinha \u00e9 um testemunho\u00bb.<\/p>\n<p><strong><img alt=\"\" alt=\"\" loading=\"lazy\" decoding=\"async\" class=\"alignright  wp-image-72831\" src=\"https:\/\/www.focolare.org\/wp-content\/uploads\/2012\/10\/20121025-03.jpg\" alt=\"\" width=\"323\" height=\"242\" \/>As empresas que fazem parte de <em>Terre di Loppiano<\/em> aderem ao projeto da Economia de Comunh\u00e3o?<\/strong><strong> (<\/strong><strong><a href=\"http:\/\/www.edc-online.org\/br.html\" target=\"_blank\" rel=\"noopener\">EdC<\/a><\/strong><strong>)<\/strong><\/p>\n<p>\u00abDas 15 empresas que fazem parte <strong>somente algumas aderem \u00e0 EdC<\/strong>; enquanto outras foram escolhidas pelas caracter\u00edsticas profissionais e \u00e9ticas semelhantes \u00e0s nossas. Tamb\u00e9m essas empresas solicitaram a participa\u00e7\u00e3o delas ao projeto da EdC\u00bb.<\/p>\n<p><strong>Qual \u00e9 o valor que se acrescentou ao trabalho de voc\u00eas o relacionamento com essas empresas?<\/strong><\/p>\n<p>\u00abDo relacionamento com algumas dessas empresas tivemos a id\u00e9ia de <strong>promover alguns projetos delas que t\u00eam por objetivo a quest\u00e3o social<\/strong>. \u00c9 importante divulgar estas possibilidades e, sobretudo, coloc\u00e1-las em \u201crede\u201d n\u00e3o somente para superar os poss\u00edveis relacionamentos de <strong>concorr\u00eancia<\/strong>, mas, especialmente, para colocar as experi\u00eancias de cada uma das empresas ao <strong>servi\u00e7o do bem comum<\/strong>\u00bb.<\/p>\n<p><strong>Sinergia, relacionamentos, tecer redes, constituir equipes: parece uma \u00fanica miss\u00e3o a de voc\u00eas&#8230;<\/strong><\/p>\n<p>\u00abSim. N\u00f3s experimentamos que com a ajuda e a busca do bem comum entre as pr\u00f3prias empresas \u00e9 poss\u00edvel superar at\u00e9 mesmo a crise. Em 2010, por exemplo, <em>Terre de Loppiano<\/em> encontrou uma empresa produtora de mel que estava para fechar-se. O encontro conosco foi uma inje\u00e7\u00e3o de \u00e2nimo: n\u00f3s compramos dessa empresa a inteira produ\u00e7\u00e3o de um ano e, gra\u00e7as a essa \u201crede\u201d, n\u00f3s a difundimos no mercado evitando a fal\u00eancia da mesma\u00bb.<\/p>\n<p><strong><img alt=\"\" alt=\"\" loading=\"lazy\" decoding=\"async\" class=\"wp-image-72821 alignleft\" style=\"margin-right: 10px;border: 0px none\" src=\"https:\/\/www.focolare.org\/wp-content\/uploads\/2012\/10\/20121025-02.jpg\" alt=\"\" width=\"384\" height=\"256\" \/>Voc\u00eas est\u00e3o trabalhando fora da It\u00e1lia?<\/strong><\/p>\n<p>\u00abAbrimos oito estabelecimentos com a nossa marca na Cor\u00e9ia, gra\u00e7as a um contato casual com um importador coreano que assumiu o nosso desafio; e agora se trabalha para tornar conhecido este agir econ\u00f4mico na Cor\u00e9ia\u00bb.<\/p>\n<p><strong>S\u00e3o necess\u00e1rios, portanto, grande empenho e responsabilidade\u2026<\/strong><\/p>\n<p>\u00ab\u00c9 verdade, tudo deve ser bem feito e, se \u00e9 feito tamb\u00e9m por amor a quem passa ao nosso lado e que talvez atravesse uma situa\u00e7\u00e3o dif\u00edcil, n\u00e3o faltam os resultados. As experi\u00eancias s\u00e3o cont\u00ednuas: um estabelecimento que revende alguns dos nossos produtos agroalimentares, afirmou que compreendeu o esp\u00edrito deste tipo de empresa observando o relacionamento entre n\u00f3s; alguns dos nossos fornecedores agora solicitam receber a forma\u00e7\u00e3o desta nova cultura econ\u00f4mica. N\u00f3s procuramos lan\u00e7ar a semente e fazer a nossa parte e, se a semeadura foi bem feita, n\u00e3o pode faltar a colheita\u00bb.<\/p>\n<p><em>Paolo Balduzzi<\/em><\/p>\n","protected":false},"excerpt":{"rendered":"<p>Dar visibilidade e criar mercado \u00e0s empresas que no mundo comercializam no setor agroalimentar e que aderem ao projeto de Economia de Comunh\u00e3o. \u00c9 o desafio de \u201cTerre di Loppiano\u201d.<\/p>\n","protected":false},"author":34,"featured_media":0,"comment_status":"open","ping_status":"open","sticky":false,"template":"","format":"standard","meta":{"give_campaign_id":0,"_seopress_robots_primary_cat":"","_seopress_titles_title":"","_seopress_titles_desc":"","_seopress_robots_index":"","_et_pb_use_builder":"","_et_pb_old_content":"","_et_gb_content_width":"","footnotes":""},"categories":[909],"tags":[],"class_list":["post-345294","post","type-post","status-publish","format-standard","hentry","category-focolare-worldwide-2-4"],"_links":{"self":[{"href":"https:\/\/www.focolare.org\/pt-pt\/wp-json\/wp\/v2\/posts\/345294","targetHints":{"allow":["GET"]}}],"collection":[{"href":"https:\/\/www.focolare.org\/pt-pt\/wp-json\/wp\/v2\/posts"}],"about":[{"href":"https:\/\/www.focolare.org\/pt-pt\/wp-json\/wp\/v2\/types\/post"}],"author":[{"embeddable":true,"href":"https:\/\/www.focolare.org\/pt-pt\/wp-json\/wp\/v2\/users\/34"}],"replies":[{"embeddable":true,"href":"https:\/\/www.focolare.org\/pt-pt\/wp-json\/wp\/v2\/comments?post=345294"}],"version-history":[{"count":0,"href":"https:\/\/www.focolare.org\/pt-pt\/wp-json\/wp\/v2\/posts\/345294\/revisions"}],"wp:attachment":[{"href":"https:\/\/www.focolare.org\/pt-pt\/wp-json\/wp\/v2\/media?parent=345294"}],"wp:term":[{"taxonomy":"category","embeddable":true,"href":"https:\/\/www.focolare.org\/pt-pt\/wp-json\/wp\/v2\/categories?post=345294"},{"taxonomy":"post_tag","embeddable":true,"href":"https:\/\/www.focolare.org\/pt-pt\/wp-json\/wp\/v2\/tags?post=345294"}],"curies":[{"name":"wp","href":"https:\/\/api.w.org\/{rel}","templated":true}]}}