{"id":345350,"date":"2012-11-17T06:00:23","date_gmt":"2012-11-17T05:00:23","guid":{"rendered":"https:\/\/www.focolare.org\/netone-reuniao-online-boas-noticias-isto-e-suficiente\/"},"modified":"2024-06-06T12:19:51","modified_gmt":"2024-06-06T10:19:51","slug":"netone-reuniao-online-boas-noticias-isto-e-suficiente","status":"publish","type":"post","link":"https:\/\/www.focolare.org\/pt-pt\/netone-reuniao-online-boas-noticias-isto-e-suficiente\/","title":{"rendered":"NetOne, reuni\u00e3o online: boas not\u00edcias; isto \u00e9 suficiente?"},"content":{"rendered":"<p><a title=\"NetOne\" href=\"http:\/\/www.net-one.org\" target=\"_blank\" rel=\"noopener\"><img alt=\"\" alt=\"\" loading=\"lazy\" decoding=\"async\" class=\"size-full wp-image-74382 alignright\" style=\"margin-left: 10px;border: 0px none\" src=\"https:\/\/www.focolare.org\/wp-content\/uploads\/2012\/11\/NetOne.jpg\" alt=\"\" width=\"200\" height=\"60\" \/><\/a><strong>Boas not\u00edcias; isso \u00e9 suficiente?<\/strong> Esta foi a quest\u00e3o central da reuni\u00e3o <em>online<\/em> de <strong>NetOne<\/strong> que, na sexta-feira, 9 de novembro de 2012, reuniu via internet 301 pontos de v\u00e1rias na\u00e7\u00f5es. O acesso foi atrav\u00e9s do site <a href=\"http:\/\/www.net-one.org\/\" target=\"_blank\" rel=\"noopener\">http:\/\/www.net-one.org<\/a>.<\/p>\n<p><strong>NetOne<\/strong> re\u00fane diversas compet\u00eancias do setor da m\u00eddia e da comunica\u00e7\u00e3o: jornalistas, diretores t\u00e9cnicos e art\u00edsticos, estudantes, professores, fot\u00f3grafos, publicit\u00e1rios&#8230; O seu car\u00e1ter internacional e a sua proximidade aos t\u00f3picos e \u00e0 problem\u00e1tica do setor, a busca do \u201cfazer\u201d, do compromisso pessoal, ao lado do &#8220;pensar&#8221; e do &#8220;falar&#8221;, s\u00e3o express\u00f5es concretas da id\u00e9ia de fraternidade universal de <a href=\"https:\/\/www.focolare.org\/pt\/chiara-lubich\/\" target=\"_blank\" rel=\"noopener\"><strong>Chiara Lubich<\/strong><\/a>, sobre a qual NetOne fundamenta a pr\u00f3pria miss\u00e3o: <em>m\u00eddia por um mundo unido<\/em>.<\/p>\n<p><img alt=\"\" alt=\"\" loading=\"lazy\" decoding=\"async\" class=\"alignleft size-full wp-image-74381\" style=\"margin-right: 10px;border: 0px none\" src=\"https:\/\/www.focolare.org\/wp-content\/uploads\/2012\/11\/ValterHugoMuniz.jpg\" alt=\"\" width=\"150\" height=\"189\" \/><strong>A conex\u00e3o direta partiu de uma constata\u00e7\u00e3o<\/strong>: \u201cBastam as boas not\u00edcias\u201d para responder \u00e0s quest\u00f5es urgentes da sociedade? Como interpretar ou recuperar o trabalho de comunicadores na \u00f3tica de servi\u00e7o ao pr\u00f3ximo? Para que o jornalismo (e os jornalistas) n\u00e3o tenha \u00abfinalidades puramente comerciais\u00bb. Partiu desta reflex\u00e3o a an\u00e1lise feita por Valter Hugo Muniz, jornalista brasileiro, que evidenciou quanto o jornalismo deveria ser consciente de que a not\u00edcia deveria, primeiramente, estar ao servi\u00e7o do homem e da comunidade humana.<\/p>\n<p><strong>Participaram<\/strong>, via Internet: da B\u00e9lgica, <strong>Paulo Aversano<\/strong>, pesquisador de Modelos de Neg\u00f3cios e Cidades Inteligentes (<em>Business Modelling &amp; Smart Cities<\/em>) da Universidade VUB, de Bruxelas; de Bari, <strong>Emanuela Megli Arm\u00eanio<\/strong>, formadora profissional especializada em comunica\u00e7\u00e3o e <strong>Domenica Calabrese<\/strong>, Presidente da Associa\u00e7\u00e3o <a href=\"https:\/\/www.focolare.org\/pt\/chiara-lubich\/chi-e-chiara\/igino-giordani\/\" target=\"_blank\" rel=\"noopener\"><strong>Igino Giordani,<\/strong> <\/a>na mesma cidade. Falou-se de entrela\u00e7amento dos saberes, de novas fronteiras conexas \u00e0 <em>web<\/em>, de oportunidades, entre as quais, a intercultura e o di\u00e1logo.<\/p>\n<p>Entre os convidados, <strong>Jos\u00e9 Andr\u00e9s Sardina<\/strong>, arquiteto espanhol, que morou e trabalhou durante alguns anos em Cuba: ele contribuiu com uma an\u00e1lise acerca da parcialidade da informa\u00e7\u00e3o no que diz respeito \u00e0 devasta\u00e7\u00e3o provocada pelo furac\u00e3o Sandy. Mostrou fotografias da cat\u00e1strofe e forneceu alguns dados da Cruz Vermelha, relativos \u00e0 cidade de Santiago: 9 mortos, 5.000 casas destru\u00eddas, 27.000 desabrigados e mais de 100.000 casas danificadas, com danos estimados no valor de 88 milh\u00f5es de d\u00f3lares.<\/p>\n<p>Proseguiu-se com as narrativas de dois eventos promovidos pelo Focolare, feitas diretamente pelos participantes: <strong>Jessica Valle<\/strong>, da equipe de comunica\u00e7\u00e3o social do <a href=\"http:\/\/www.genfest.org\/\" target=\"_blank\" rel=\"noopener\"><strong>Genfest 2012<\/strong><\/a> (manifesta\u00e7\u00e3o mundial de jovens, realizado em Budapeste) e <strong>Michele Zanzucchi<\/strong>, diretor de <a href=\"http:\/\/www.cittanuova.it\/\" target=\"_blank\" rel=\"noopener\"><strong><em>Citt\u00e0 Nuova<\/em><\/strong><\/a>, um dos promotores de <a href=\"http:\/\/www.loppianolab.it\/\" target=\"_blank\" rel=\"noopener\"><strong>LoppianoLab<\/strong><\/a>: um laborat\u00f3rio de reflex\u00f5es sobre a It\u00e1lia e os seus desafios e, tamb\u00e9m, para criar projetos que se posicionem concretamente frente a tais desafios.<\/p>\n<p><strong>Nedo Pozzi<\/strong>, Coordenador da Comiss\u00e3o Internacional de NetOne, concluiu a reuni\u00e3o <em>online<\/em> mencionando o discurso de <strong>Chiara Lubich na ONU (maio de 1997)<\/strong>, o qual evidencia a import\u00e2ncia de colocar em pr\u00e1tica o Evangelho: \u00ab<strong>\u00c9 necess\u00e1rio viver! N\u00e3o ensinar, fazer.<\/strong> [\u2026] Experimentemos come\u00e7ar a amar, tamb\u00e9m aqui na ONU, uns com os outros, um embaixador com outro, um funcion\u00e1rio com outro. Veremos o que acontecer\u00e1. Deveria surgir a presen\u00e7a de Cristo em meio a todos. E o que significaria isso? Seria garantida a paz aos senhores e, tamb\u00e9m, a muitos\u00bb. Um convite que, na sua ess\u00eancia, pode certamente ser acolhido por todos aqueles que s\u00e3o comunicadores.<\/p>\n<p><em>Maria Rosa Logozzo <\/em><em>(<\/em>Fonte: <a href=\"http:\/\/www.zenit.org\/index.php?l=italian\">ZENIT.org<\/a>, 14 de novembro de 2012)<\/p>\n","protected":false},"excerpt":{"rendered":"<p>Reuni\u00e3o online, no dia 19 de novembro passado, da Associa\u00e7\u00e3o que re\u00fane os comunicadores do setor da m\u00eddia e da comunica\u00e7\u00e3o. Objetivo: uma correta informa\u00e7\u00e3o a servi\u00e7o da pessoa.<\/p>\n","protected":false},"author":34,"featured_media":0,"comment_status":"open","ping_status":"open","sticky":false,"template":"","format":"standard","meta":{"give_campaign_id":0,"_seopress_robots_primary_cat":"","_seopress_titles_title":"","_seopress_titles_desc":"","_seopress_robots_index":"","_et_pb_use_builder":"","_et_pb_old_content":"","_et_gb_content_width":"","footnotes":""},"categories":[129],"tags":[],"class_list":["post-345350","post","type-post","status-publish","format-standard","hentry","category-sem-categoria"],"_links":{"self":[{"href":"https:\/\/www.focolare.org\/pt-pt\/wp-json\/wp\/v2\/posts\/345350","targetHints":{"allow":["GET"]}}],"collection":[{"href":"https:\/\/www.focolare.org\/pt-pt\/wp-json\/wp\/v2\/posts"}],"about":[{"href":"https:\/\/www.focolare.org\/pt-pt\/wp-json\/wp\/v2\/types\/post"}],"author":[{"embeddable":true,"href":"https:\/\/www.focolare.org\/pt-pt\/wp-json\/wp\/v2\/users\/34"}],"replies":[{"embeddable":true,"href":"https:\/\/www.focolare.org\/pt-pt\/wp-json\/wp\/v2\/comments?post=345350"}],"version-history":[{"count":0,"href":"https:\/\/www.focolare.org\/pt-pt\/wp-json\/wp\/v2\/posts\/345350\/revisions"}],"wp:attachment":[{"href":"https:\/\/www.focolare.org\/pt-pt\/wp-json\/wp\/v2\/media?parent=345350"}],"wp:term":[{"taxonomy":"category","embeddable":true,"href":"https:\/\/www.focolare.org\/pt-pt\/wp-json\/wp\/v2\/categories?post=345350"},{"taxonomy":"post_tag","embeddable":true,"href":"https:\/\/www.focolare.org\/pt-pt\/wp-json\/wp\/v2\/tags?post=345350"}],"curies":[{"name":"wp","href":"https:\/\/api.w.org\/{rel}","templated":true}]}}