{"id":345364,"date":"2012-11-24T04:30:20","date_gmt":"2012-11-24T03:30:20","guid":{"rendered":"https:\/\/www.focolare.org\/congo-desafios-da-nova-evangelizacao\/"},"modified":"2024-06-06T12:19:53","modified_gmt":"2024-06-06T10:19:53","slug":"congo-desafios-da-nova-evangelizacao","status":"publish","type":"post","link":"https:\/\/www.focolare.org\/pt-pt\/congo-desafios-da-nova-evangelizacao\/","title":{"rendered":"Congo, desafios da nova evangeliza\u00e7\u00e3o"},"content":{"rendered":"<p><strong><img alt=\"\" alt=\"\" loading=\"lazy\" decoding=\"async\" class=\"alignright  wp-image-74769\" style=\"margin-left: 10px;border: 0pt none\" src=\"https:\/\/www.focolare.org\/wp-content\/uploads\/2012\/11\/20111125-04.jpg\" alt=\"\" width=\"269\" height=\"201\" \/><\/strong><strong>A contribui\u00e7\u00e3o feminina para o recente S\u00ednodo<\/strong> para a nova evangeliza\u00e7\u00e3o (7-28 de outubro) foi expressa tamb\u00e9m atrav\u00e9s da voz da professora <strong>Ernestine Sikujua Kinyabuuma, do <a href=\"https:\/\/www.focolare.org\/pt\/focolare-worldwide\/africa\/repubblica-democratica-del-congo\/\" target=\"_blank\" rel=\"noopener\">Congo<\/a><\/strong>. Membro do Movimento dos Focolares, a docente africana colocou em evid\u00eancia a import\u00e2ncia da nova evangeliza\u00e7\u00e3o na \u00c1frica, onde a f\u00e9 \u00e9 viva, mas ainda jovem, necessitada de consolida\u00e7\u00e3o. \u00abNo mundo africano \u2013 explicou \u2013 o homem encontra-se como que dividido em si mesmo. Agem nele duas for\u00e7as por vezes inconcili\u00e1veis: a cultura tradicional e a religi\u00e3o. Outro fen\u00f4meno \u00e9 a prolifera\u00e7\u00e3o das chamadas \u201cigrejas de renova\u00e7\u00e3o\u201d, que apresentam um evangelho de prosperidade, que promete sucesso. J\u00e1 n\u00e3o se sabe discernir quais s\u00e3o os valores do cristianismo e a influ\u00eancia do mundo ocidental. O homem africano busca o relacionamento com Deus, mas uma base catequ\u00e9tica insuficiente o leva a buscar ainda outra for\u00e7a superior, que d\u00ea a ele prote\u00e7\u00e3o, prosperidade\u00bb.<\/p>\n<p><strong>Ernestine<\/strong> \u00e9 professora e est\u00e1 sempre em contato com os estudantes. No seu discurso no S\u00ednodo disse dar-se conta que embora os jovens vivam imersos na cultura da \u201cfacilidade\u201d est\u00e3o buscando um grande ideal e uma vida radical, baseada no Evangelho. Apresentou algumas experi\u00eancias dos <a href=\"https:\/\/www.focolare.org\/pt\/movimento-dei-focolari\/un-popolo\/giovani-per-un-mondo-unito\/\" target=\"_blank\" rel=\"noopener\"><strong>jovens dos Focolares<\/strong><\/a>, que testemunham a <a href=\"https:\/\/www.focolare.org\/pt\/chiara-lubich\/spiritualita-dellunita\/la-parola\/\" target=\"_blank\" rel=\"noopener\"><strong>Palavra de Deus vivida<\/strong><\/a> no cotidiano. Muitos n\u00e3o ficam indiferentes e entram em contato com os valores crist\u00e3os.<\/p>\n<p><img alt=\"\" alt=\"\" loading=\"lazy\" decoding=\"async\" class=\" wp-image-74780 alignleft\" style=\"margin-right: 10px;border: 0px none\" src=\"https:\/\/www.focolare.org\/wp-content\/uploads\/2012\/11\/20111125-05.jpg\" alt=\"\" width=\"314\" height=\"211\" \/><\/p>\n<p><strong>\u00abEm meio \u00e0s mudan\u00e7as devidas \u00e0 globaliza\u00e7\u00e3o, a \u00c1frica atravessa uma crise em todos os n\u00edveis<\/strong>: pol\u00edtico, econ\u00f4mico e cultural. Por isso, ao procurar uma sa\u00edda as pessoas reagem de v\u00e1rias formas\u00bb, explicou, contando algumas experi\u00eancias realizadas com a comunidade local do Movimento dos Focolares, motivadas pelo desejo de viver a frase de Jesus \u201ctudo o que fizestes ao menor desses meus irm\u00e3os mais pequeninos a mim o fizestes\u201d (Mt 25,40). <strong>Trabalharam juntos na reestrutura\u00e7\u00e3o de tr\u00eas blocos de dormit\u00f3rios na penitenci\u00e1ria central de Lubumbashi<\/strong>, com a ajuda de uma ONG internacional, na <strong>cria\u00e7\u00e3o de um atelier de costura<\/strong> para que os presos aprendam uma profiss\u00e3o e de uma loja onde s\u00e3o vendidos alimentos e g\u00eaneros de primeira necessidade com custo baixo, para favorecer a sobreviv\u00eancia de tantos presidi\u00e1rios e para combater o aumento dos pre\u00e7os ao consumidor.<\/p>\n<p><strong>Numa entrevista \u00e0 r\u00e1dio italiana Inblu<\/strong>, ela acrescentou: \u00abUma experi\u00eancia, nova, rica e maravilhosa, porque fez-me entrar no cora\u00e7\u00e3o da Igreja\u00bb. E \u00e0 pergunta: por que a nova evangeliza\u00e7\u00e3o \u00e9 um desafio que toca tamb\u00e9m a \u00c1frica e, em especial, o seu pa\u00eds, a Rep\u00fablica Democr\u00e1tica do Congo? Ernestine respondeu: \u00abNa Europa houve 2000 anos de evangeliza\u00e7\u00e3o, para n\u00f3s no m\u00e1ximo dois s\u00e9culos. No mundo cient\u00edfico, por exemplo, onde eu trabalho, percebe-se tanto o fato que o homem africano entra na igreja, mas depois, quando sai, vai procurar \u201cfor\u00e7as sobrenaturais\u201d para ter mais sucesso no trabalho, para ser mais inteligente&#8230; Portanto, para n\u00f3s a mensagem da nova evangeliza\u00e7\u00e3o \u00e9 muito importante, para que se entenda que em Jesus est\u00e3o todas as respostas que o homem espera. Mas existe este dualismo: reza-se, busca-se uma rela\u00e7\u00e3o pessoal com Deus, mas depois se deseja encontr\u00e1-lo em outros lugares. O nosso cardeal apresentou a nova evangeliza\u00e7\u00e3o explicando que \u00e9 necess\u00e1rio a incultura\u00e7\u00e3o do povo, porque <strong>se as nossas culturas acolherem o Evangelho que as ilumina, entenderemos que nele est\u00e3o todas as respostas e que n\u00e3o \u00e9 preciso ir mais longe para busc\u00e1-las\u00bb<\/strong>.<\/p>\n","protected":false},"excerpt":{"rendered":"<p>Ernestine Sikujua Kinyabuuma, congolesa, docente no Instituto Universit\u00e1rio Maria Malkia, de Lubumbashi, esteve entre os auditores no recente S\u00ednodo dos bispos. Perspectivas africanas.<\/p>\n","protected":false},"author":34,"featured_media":0,"comment_status":"open","ping_status":"open","sticky":false,"template":"","format":"standard","meta":{"give_campaign_id":0,"_seopress_robots_primary_cat":"","_seopress_titles_title":"","_seopress_titles_desc":"","_seopress_robots_index":"","_et_pb_use_builder":"","_et_pb_old_content":"","_et_gb_content_width":"","footnotes":""},"categories":[909],"tags":[],"class_list":["post-345364","post","type-post","status-publish","format-standard","hentry","category-focolare-worldwide-2-4"],"_links":{"self":[{"href":"https:\/\/www.focolare.org\/pt-pt\/wp-json\/wp\/v2\/posts\/345364","targetHints":{"allow":["GET"]}}],"collection":[{"href":"https:\/\/www.focolare.org\/pt-pt\/wp-json\/wp\/v2\/posts"}],"about":[{"href":"https:\/\/www.focolare.org\/pt-pt\/wp-json\/wp\/v2\/types\/post"}],"author":[{"embeddable":true,"href":"https:\/\/www.focolare.org\/pt-pt\/wp-json\/wp\/v2\/users\/34"}],"replies":[{"embeddable":true,"href":"https:\/\/www.focolare.org\/pt-pt\/wp-json\/wp\/v2\/comments?post=345364"}],"version-history":[{"count":0,"href":"https:\/\/www.focolare.org\/pt-pt\/wp-json\/wp\/v2\/posts\/345364\/revisions"}],"wp:attachment":[{"href":"https:\/\/www.focolare.org\/pt-pt\/wp-json\/wp\/v2\/media?parent=345364"}],"wp:term":[{"taxonomy":"category","embeddable":true,"href":"https:\/\/www.focolare.org\/pt-pt\/wp-json\/wp\/v2\/categories?post=345364"},{"taxonomy":"post_tag","embeddable":true,"href":"https:\/\/www.focolare.org\/pt-pt\/wp-json\/wp\/v2\/tags?post=345364"}],"curies":[{"name":"wp","href":"https:\/\/api.w.org\/{rel}","templated":true}]}}