{"id":345406,"date":"2012-12-13T07:44:24","date_gmt":"2012-12-13T06:44:24","guid":{"rendered":"https:\/\/www.focolare.org\/sessao-solene-no-senado-homenageia-movimento-dos-focolares-pelo-69o-ano-de-sua-fundacao\/"},"modified":"2024-06-06T12:20:01","modified_gmt":"2024-06-06T10:20:01","slug":"sessao-solene-no-senado-homenageia-movimento-dos-focolares-pelo-69o-ano-de-sua-fundacao","status":"publish","type":"post","link":"https:\/\/www.focolare.org\/pt-pt\/sessao-solene-no-senado-homenageia-movimento-dos-focolares-pelo-69o-ano-de-sua-fundacao\/","title":{"rendered":"Sess\u00e3o Solene no Senado homenageia Movimento dos Focolares pelo 69\u00ba ano de sua funda\u00e7\u00e3o"},"content":{"rendered":"<p><a href=\"https:\/\/www.focolare.org\/wp-content\/uploads\/2012\/12\/20121213-02.jpg\"><img alt=\"\" alt=\"\" loading=\"lazy\" decoding=\"async\" class=\"alignright  wp-image-75975\" style=\"margin-left: 10px;border: 0px none\" src=\"https:\/\/www.focolare.org\/wp-content\/uploads\/2012\/12\/20121213-02.jpg\" alt=\"\" width=\"358\" height=\"215\" \/><\/a>O dia 07 de dezembro, considerada a data de funda\u00e7\u00e3o do <a href=\"https:\/\/www.focolare.org\/pt\/movimento-dei-focolari\/\" target=\"_blank\" rel=\"noopener\">Movimento dos Focolares<\/a> por <a href=\"https:\/\/www.focolare.org\/pt\/chiara-lubich\/\" target=\"_blank\" rel=\"noopener\">Chiara Lubich<\/a>, foi celebrada com uma sess\u00e3o solene no Plen\u00e1rio do Senado Federal, em <a href=\"https:\/\/www.focolare.org\/pt\/focolare-worldwide\/america-sud\/brasile\/\">Bras\u00edlia <\/a>(DF).<\/p>\n<p>Presidida pelo senador <a href=\"http:\/\/www.senado.gov.br\/noticias\/tv\/default.asp?IND_ACESSO=S&amp;cod_midia=211287&amp;cod_video=205846\">Wellington Dias (PT-PI)<\/a>, a sess\u00e3o teve pronunciamentos da deputada federal <a href=\"http:\/\/www.senado.gov.br\/noticias\/tv\/default.asp?IND_ACESSO=S&amp;cod_midia=211307&amp;cod_video=205868\">Luiza Erundina<\/a> (PSB-SP), do senador <a href=\"http:\/\/www.senado.gov.br\/noticias\/tv\/default.asp?IND_ACESSO=S&amp;cod_midia=211327&amp;cod_video=205869\">Pedro Simon<\/a> (PMDB-RS), do deputado estadual do Amazonas, <a href=\"http:\/\/www.senado.gov.br\/noticias\/tv\/default.asp?IND_ACESSO=S&amp;cod_midia=211329&amp;cod_video=205887\">Jos\u00e9 Ricardo Wendling<\/a> e do desembargador federal, <a href=\"http:\/\/www.senado.gov.br\/noticias\/tv\/default.asp?IND_ACESSO=S&amp;cod_midia=211347&amp;cod_video=205906\">Reinaldo Fonseca<\/a>.<\/p>\n<p>Tiveram a palavra ainda durante a sess\u00e3o a respons\u00e1vel da regi\u00e3o Brasil-Central do Movimento dos Focolares, <a href=\"http:\/\/www.senado.gov.br\/noticias\/tv\/default.asp?IND_ACESSO=S&amp;cod_midia=211328&amp;cod_video=205886\">Juliana Fonseca<\/a>, que leu uma <a href=\"https:\/\/www.focolare.org\/news\/2012\/12\/13\/brasile-il-senato-federale-ricorda-la-fondazione-dei-focolari\/mensagem-de-maria-voce-emmaus-aos-parlamentares-brasleiros\/\" target=\"_blank\" rel=\"noopener\">mensagem<\/a> da presidente do Movimento dos Focolares, <a href=\"https:\/\/www.focolare.org\/pt\/news\/2011\/01\/20\/maria-voce\/\" target=\"_blank\" rel=\"noopener\">Maria Voce;<\/a> o presidente nacional do MPPU, <a href=\"http:\/\/www.senado.gov.br\/noticias\/tv\/default.asp?IND_ACESSO=S&amp;cod_midia=211367&amp;cod_video=205907\">Sergio Previdi<\/a>; o Secret\u00e1rio de Justi\u00e7a e Direitos Humanos do Estado do Acre, <a href=\"http:\/\/www.senado.gov.br\/noticias\/tv\/default.asp?IND_ACESSO=S&amp;cod_midia=211387&amp;cod_video=205926\">Nilson Mour\u00e3o<\/a>; o <a href=\"http:\/\/www.senado.gov.br\/noticias\/tv\/default.asp?IND_ACESSO=S&amp;cod_midia=211408&amp;cod_video=205966\">Monsenhor Marcony<\/a>, da Catedral de Bras\u00edlia, e <a href=\"http:\/\/www.senado.gov.br\/noticias\/tv\/default.asp?IND_ACESSO=S&amp;cod_midia=211407&amp;cod_video=205946\">Andr\u00e9 Rodrigues Pereira<\/a>, representando os jovens do Movimento dos Focolares, que falou sobre o \u201cUnited World Project\u201d, lan\u00e7ado no Genfest.<\/p>\n<p><a href=\"http:\/\/focolares.org.br\/sitenacional\/2012\/12\/10\/sessao-solene-no-senado-homenageia-movimento-dos-focolares-pelo-69o-ano-de-sua-fundacao\/?show=slide\" target=\"_blank\" rel=\"noopener\">Show as slideshow<\/a><\/p>\n<p><strong>Reportagem feita pela TV Senado: <a href=\"http:\/\/www.senado.gov.br\/noticias\/tv\/videos\/cod_midia_211428.flv\">http:\/\/www.senado.gov.br\/noticias\/tv\/videos\/cod_midia_211428.flv<\/a><\/strong><\/p>\n<p>Maiores informa\u00e7\u00f5es:<a href=\"http:\/\/focolares.org.br\/sitenacional\/2012\/12\/10\/sessao-solene-no-senado-homenageia-movimento-dos-focolares-pelo-69o-ano-de-sua-fundacao\/\"> www.focolares.org.br<\/a><\/p>\n","protected":false},"excerpt":{"rendered":"<p>Cerim\u00f4nia realizada no dia 07 de dezembro no Plen\u00e1rio do Senado Federal teve discursos de grandes personalidades da pol\u00edtica brasileira<\/p>\n","protected":false},"author":27,"featured_media":0,"comment_status":"open","ping_status":"open","sticky":false,"template":"","format":"standard","meta":{"give_campaign_id":0,"_seopress_robots_primary_cat":"","_seopress_titles_title":"","_seopress_titles_desc":"","_seopress_robots_index":"","_et_pb_use_builder":"","_et_pb_old_content":"","_et_gb_content_width":"","footnotes":""},"categories":[129],"tags":[],"class_list":["post-345406","post","type-post","status-publish","format-standard","hentry","category-sem-categoria"],"_links":{"self":[{"href":"https:\/\/www.focolare.org\/pt-pt\/wp-json\/wp\/v2\/posts\/345406","targetHints":{"allow":["GET"]}}],"collection":[{"href":"https:\/\/www.focolare.org\/pt-pt\/wp-json\/wp\/v2\/posts"}],"about":[{"href":"https:\/\/www.focolare.org\/pt-pt\/wp-json\/wp\/v2\/types\/post"}],"author":[{"embeddable":true,"href":"https:\/\/www.focolare.org\/pt-pt\/wp-json\/wp\/v2\/users\/27"}],"replies":[{"embeddable":true,"href":"https:\/\/www.focolare.org\/pt-pt\/wp-json\/wp\/v2\/comments?post=345406"}],"version-history":[{"count":0,"href":"https:\/\/www.focolare.org\/pt-pt\/wp-json\/wp\/v2\/posts\/345406\/revisions"}],"wp:attachment":[{"href":"https:\/\/www.focolare.org\/pt-pt\/wp-json\/wp\/v2\/media?parent=345406"}],"wp:term":[{"taxonomy":"category","embeddable":true,"href":"https:\/\/www.focolare.org\/pt-pt\/wp-json\/wp\/v2\/categories?post=345406"},{"taxonomy":"post_tag","embeddable":true,"href":"https:\/\/www.focolare.org\/pt-pt\/wp-json\/wp\/v2\/tags?post=345406"}],"curies":[{"name":"wp","href":"https:\/\/api.w.org\/{rel}","templated":true}]}}