{"id":345412,"date":"2012-12-16T05:30:16","date_gmt":"2012-12-16T04:30:16","guid":{"rendered":"https:\/\/www.focolare.org\/na-penitenciaria-de-buoncammino-em-cagliari-na-italia\/"},"modified":"2024-06-06T12:20:02","modified_gmt":"2024-06-06T10:20:02","slug":"na-penitenciaria-de-buoncammino-em-cagliari-na-italia","status":"publish","type":"post","link":"https:\/\/www.focolare.org\/pt-pt\/na-penitenciaria-de-buoncammino-em-cagliari-na-italia\/","title":{"rendered":"Na penitenci\u00e1ria de Buoncammino, em Cagliari, na It\u00e1lia"},"content":{"rendered":"<div id=\"attachment_76099\" style=\"width: 250px\" class=\"wp-caption alignleft\"><a href=\"https:\/\/www.focolare.org\/wp-content\/uploads\/2012\/12\/20121216-01.jpg\"><img loading=\"lazy\" decoding=\"async\" aria-describedby=\"caption-attachment-76099\" class=\"size-full wp-image-76099 \" style=\"margin-right: 10px;border: 0pt none\" src=\"https:\/\/www.focolare.org\/wp-content\/uploads\/2012\/12\/20121216-01.jpg\" alt=\"Luca Pani, Cagliari \u2013 Italia\" width=\"240\" height=\"320\" \/><\/a><p id=\"caption-attachment-76099\" class=\"wp-caption-text\">Luca Pani (Cagliari)<\/p><\/div>\n<p>Com alguns <a href=\"https:\/\/www.focolare.org\/pt\/movimento-dei-focolari\/un-popolo\/giovani-per-un-mondo-unito\/\" target=\"_blank\" rel=\"noopener\"><strong>Jovens por um Mundo Unido<\/strong><\/a> come\u00e7amos uma experi\u00eancia especial na <strong>penitenci\u00e1ria de Buoncammino, em Cagliari<\/strong> <a href=\"https:\/\/www.focolare.org\/pt\/focolare-worldwide\/europa\/italia\/\" target=\"_blank\" rel=\"noopener\"><strong>(It\u00e1lia)<\/strong><\/a>. Deram-nos a possibilidade de fazer <strong>uma hora de catequese para os detentos<\/strong>. Fomos divididos em grupos, alguns para a ala esquerda, outros no c\u00e1rcere feminino e outros, como eu, na divis\u00e3o de seguran\u00e7a m\u00e1xima. Era uma chance de dedicar tempo a essas pessoas, \u201coutros Jesus\u201d que, pelas condi\u00e7\u00f5es que se encontram, n\u00e3o passariam ao nosso lado e talvez nunca encontr\u00e1ssemos, em condi\u00e7\u00f5es normais.<\/p>\n<p>Entrar numa penitenci\u00e1ria \u00e9 entrar numa sociedade completamente diferente, um mundo em miniatura, com os seus ritmos, problemas, h\u00e1bitos. Um preso come\u00e7a a perder o contato direto com o mundo de fora, muitas vezes a rela\u00e7\u00e3o com os amigos e familiares fica esfumada e tantos mergulham na solid\u00e3o, ainda que dentro desse mundo estejam cercados por pessoas com viv\u00eancias semelhantes&#8230; assim s\u00e3o estabelecidas novas amizades, outros relacionamentos, tanto que, se a pena \u00e9 bastante longa, a vida passa a n\u00e3o acontecer mais fora, e sim por tr\u00e1s das grades.<\/p>\n<p>Ao escutar um preso abre-se um leque de hist\u00f3rias, problemas, vidas diferentes, e compreende-se o quanto a liberdade \u00e9 importante e como \u00e9 dif\u00edcil viv\u00ea-la bem nesse mundo.<\/p>\n<p>L\u00e1 dentro encontrei pessoas normais, simp\u00e1ticas, talvez tamb\u00e9m astuciosas&#8230; mas, pensando bem, pessoas assim s\u00e3o encontradas tamb\u00e9m fora da pris\u00e3o. Eles perguntaram: \u201cpor que voc\u00ea veio aqui? O que o leva a fazer isso? Por que n\u00e3o vai passear, sair com os amigos? Com certeza voc\u00ea poderia fazer outras coisas mais interessantes&#8230;\u201d. A resposta foi simples: expliquei que se eu estivesse preso gostaria que algu\u00e9m fosse me visitar, ainda que apenas para romper a rotina da semana.<\/p>\n<p>Assim eles descobrem que um amor gratuito e desinteressado n\u00e3o \u00e9 algo autom\u00e1tico, ali\u00e1s, para alguns deles \u00e9 praticamente inexistente: um gesto de amor ou de cortesia deve ter pelo menos o retorno do respeito ou da gratid\u00e3o.<\/p>\n<p>Quando voltei do <a href=\"http:\/\/www.genfest.org\/\" target=\"_blank\" rel=\"noopener\"><strong>Genfest<\/strong><\/a>, que aconteceu em Budapeste, tinha em mente uma ideia que havia escutado naqueles dias: <strong>\u201cSe voc\u00ea n\u00e3o muda o mundo, quem o far\u00e1 no seu lugar?\u201d<\/strong>. Voltar a encontrar os presos depois daquela experi\u00eancia incr\u00edvel de fraternidade universal foi surpreendente para mim. Fizeram um grande sil\u00eancio quando eu e meus amigos contamos as nossas perip\u00e9cias, a viagem de \u00f4nibus, a comida, as experi\u00eancias que vivemos. Escutavam e participavam com grande interesse. Ent\u00e3o, querendo comunicar a eles tudo sobre o que havia acontecido, falamos do <a href=\"https:\/\/www.focolare.org\/pt\/news\/2012\/07\/18\/genfest-osservatorio-sulla-fraternita\/\" target=\"_blank\" rel=\"noopener\"><strong>Projeto Mundo Unido<\/strong><\/a> e perguntamos: \u201cVoc\u00eas acham que um mundo unido, onde o amor desinteressado pelo irm\u00e3o, que vai al\u00e9m das religi\u00f5es, das culturas, \u00e9 poss\u00edvel?\u201d. Isso provocou um debate muito participado.<\/p>\n<p>N\u00e3o sabemos se j\u00e1 existem frutos ou se existir\u00e3o; n\u00e3o sabemos se um rapaz que est\u00e1 preso decidiu colaborar com a justi\u00e7a depois de nos ter conhecido e nem sabemos como tudo ir\u00e1 terminar. Essa experi\u00eancia j\u00e1 produziu frutos no meu esp\u00edrito e tornou mais l\u00edmpida a minha convic\u00e7\u00e3o de ser um jovem por um mundo unido. \u00c9 um fragmento de mundo unido que se torna realidade.<\/p>\n","protected":false},"excerpt":{"rendered":"<p>Na Ilha da Sardenha um grupo de Jovens por um Mundo Unido organiza-se para levar o Evangelho em uma penitenci\u00e1ria. Um \u201cfragmento de mundo unido\u201d em constru\u00e7\u00e3o.<\/p>\n","protected":false},"author":34,"featured_media":0,"comment_status":"open","ping_status":"open","sticky":false,"template":"","format":"standard","meta":{"give_campaign_id":0,"_seopress_robots_primary_cat":"","_seopress_titles_title":"","_seopress_titles_desc":"","_seopress_robots_index":"","_et_pb_use_builder":"","_et_pb_old_content":"","_et_gb_content_width":"","footnotes":""},"categories":[909],"tags":[],"class_list":["post-345412","post","type-post","status-publish","format-standard","hentry","category-focolare-worldwide-2-4"],"_links":{"self":[{"href":"https:\/\/www.focolare.org\/pt-pt\/wp-json\/wp\/v2\/posts\/345412","targetHints":{"allow":["GET"]}}],"collection":[{"href":"https:\/\/www.focolare.org\/pt-pt\/wp-json\/wp\/v2\/posts"}],"about":[{"href":"https:\/\/www.focolare.org\/pt-pt\/wp-json\/wp\/v2\/types\/post"}],"author":[{"embeddable":true,"href":"https:\/\/www.focolare.org\/pt-pt\/wp-json\/wp\/v2\/users\/34"}],"replies":[{"embeddable":true,"href":"https:\/\/www.focolare.org\/pt-pt\/wp-json\/wp\/v2\/comments?post=345412"}],"version-history":[{"count":0,"href":"https:\/\/www.focolare.org\/pt-pt\/wp-json\/wp\/v2\/posts\/345412\/revisions"}],"wp:attachment":[{"href":"https:\/\/www.focolare.org\/pt-pt\/wp-json\/wp\/v2\/media?parent=345412"}],"wp:term":[{"taxonomy":"category","embeddable":true,"href":"https:\/\/www.focolare.org\/pt-pt\/wp-json\/wp\/v2\/categories?post=345412"},{"taxonomy":"post_tag","embeddable":true,"href":"https:\/\/www.focolare.org\/pt-pt\/wp-json\/wp\/v2\/tags?post=345412"}],"curies":[{"name":"wp","href":"https:\/\/api.w.org\/{rel}","templated":true}]}}