{"id":345414,"date":"2012-12-18T08:30:04","date_gmt":"2012-12-18T07:30:04","guid":{"rendered":"https:\/\/www.focolare.org\/um-premio-para-os-jovens-por-um-mundo-unido-da-hungria\/"},"modified":"2024-06-06T12:20:02","modified_gmt":"2024-06-06T10:20:02","slug":"um-premio-para-os-jovens-por-um-mundo-unido-da-hungria","status":"publish","type":"post","link":"https:\/\/www.focolare.org\/pt-pt\/um-premio-para-os-jovens-por-um-mundo-unido-da-hungria\/","title":{"rendered":"Um pr\u00eamio para os Jovens por um Mundo Unido da Hungria"},"content":{"rendered":"<p><img alt=\"\" alt=\"\" loading=\"lazy\" decoding=\"async\" class=\"alignleft  wp-image-76194\" style=\"margin-right: 10px;border: 0px none\" src=\"https:\/\/www.focolare.org\/wp-content\/uploads\/2012\/12\/20121218-02.jpg\" alt=\"\" width=\"384\" height=\"253\" \/>N\u00e3o acontece todos os dias algu\u00e9m entrar num minist\u00e9rio para receber um reconhecimento oficial. Foi o que aconteceu aos <a href=\"https:\/\/www.focolare.org\/pt\/movimento-dei-focolari\/un-popolo\/giovani-per-un-mondo-unito\/\" target=\"_blank\" rel=\"noopener\"><strong>Jovens por um Mundo Unido<\/strong><\/a> da <a href=\"https:\/\/www.focolare.org\/pt\/focolare-worldwide\/europa\/ungheria\/\" target=\"_blank\" rel=\"noopener\">Hungria <\/a>que durante mais de um ano trabalharam intensamente em seu pa\u00eds para a realiza\u00e7\u00e3o do <a href=\"http:\/\/genfest.org\/\" target=\"_blank\" rel=\"noopener\"><strong>Genfest<\/strong><\/a>, o grande evento que reuniu 12 mil jovens de todo o planeta na capital h\u00fangara, de 31 de agosto a 2 de setembro de 2012. Entre estes dois mil eram h\u00fangaros. Rita e Agoston, dois dos protagonistas, contaram-nos sobre o pr\u00eamio recebido no final do m\u00eas de novembro.<\/p>\n<p><strong>Por que este pr\u00eamio?<\/strong> \u00abNo in\u00edcio de outubro o Minist\u00e9rio dos Recursos Humanos enviou-nos uma mensagem comunicando que, como <strong>reconhecimento pelo profissionalismo<\/strong> demonstrado no Genfest, seria conferido aos Jovens por um Mundo Unido, do Movimento dos Focolares, um diploma de honra ao m\u00e9rito. Ficamos contentes e surpresos com esta not\u00edcia que rapidamente difundiu-se entre os jovens do Movimento. O ministro, ao aceitar a nossa candidatura, premiava a se\u00e7\u00e3o juvenil do Movimento dos Focolares e nos convidava para a premia\u00e7\u00e3o que aconteceria no dia 20 de novembro, por ocasi\u00e3o da <strong>Jornada Universal dos Direitos da Inf\u00e2ncia<\/strong>\u00bb.<\/p>\n<p><img alt=\"\" alt=\"\" loading=\"lazy\" decoding=\"async\" class=\"wp-image-76195 alignright\" style=\"margin-left: 10px;border: 0px none\" src=\"https:\/\/www.focolare.org\/wp-content\/uploads\/2012\/12\/20121218-03.jpg\" alt=\"\" width=\"246\" height=\"165\" \/>A nomea\u00e7\u00e3o dos JMU foi proposta por uma pessoa do Minist\u00e9rio que esteve presente na abertura do Genfest, juntamente com o subsecret\u00e1rio de Estado para a fam\u00edlia e a juventude, <strong>Mikl\u00f3s Solt\u00e9sz<\/strong>. \u00abAmbos \u2013 continuam Rita e Agoston \u2013 estavam impressionados com o dinamismo, o entusiasmo e a experi\u00eancia de fraternidade vivida junto com os jovens\u00bb.<\/p>\n<p>No dia 20 de novembro, portanto, uma <strong>delega\u00e7\u00e3o formada por cinco jovens<\/strong> que representavam o Movimento dos Focolares e os JMU, foram ao Minist\u00e9rio. \u00abNo total foram entregues 14 pr\u00eamios, a organiza\u00e7\u00f5es ou pessoas que desenvolveram um trabalho especial pelas crian\u00e7as e pelos jovens. Mikl\u00f3s Solt\u00e9sz salientou em seu discurso que os premiados s\u00e3o \u201cmodelos\u201d, que com os pr\u00f3prios trabalhos, poesias, escritos, formaram e educaram as crian\u00e7as, e por meio delas prestaram um servi\u00e7o tamb\u00e9m aos pais, com apoio e ajuda em momentos cr\u00edticos\u00bb.<\/p>\n<p><img alt=\"\" alt=\"\" loading=\"lazy\" decoding=\"async\" class=\"alignleft  wp-image-76196\" style=\"margin-right: 10px;border: 0px none\" src=\"https:\/\/www.focolare.org\/wp-content\/uploads\/2012\/12\/20121218-04.jpg\" alt=\"\" width=\"384\" height=\"253\" \/>Segundo a motiva\u00e7\u00e3o oficial, a se\u00e7\u00e3o juvenil dos Focolares recebeu o diploma de m\u00e9rito por ter conduzido um evento como o Genfest <strong>coletivamente, com efici\u00eancia, profissionalismo e de maneira eficaz e exemplar no setor da juventude<\/strong>. Para os JMU esta foi uma agrad\u00e1vel surpresa. \u00abGostamos muito da palavra \u201ccoletivamente\u201d, porque demonstra que foi compreendida a nossa inten\u00e7\u00e3o de construir a fraternidade universal, vivendo a <a href=\"https:\/\/www.focolare.org\/pt\/chiara-lubich\/spiritualita-dellunita\/\" target=\"_blank\" rel=\"noopener\">espiritualidade da unidade<\/a>\u00bb.<\/p>\n<p>Perspectivas abertas para os jovens da Hungria, no p\u00f3s-Genfest, com o <a href=\"https:\/\/www.focolare.org\/pt\/news\/2012\/10\/27\/united-world-project-2\/\" target=\"_blank\" rel=\"noopener\"><strong>Projeto Mundo Unido<\/strong><\/a>: \u00abAp\u00f3s a cerim\u00f4nia o subsecret\u00e1rio de Estado reafirmou o quanto foi importante para ele a experi\u00eancia feita naquele encontro internacional. Exprimiu ainda a esperan\u00e7a de colaborar conosco no futuro, pelo bem dos jovens. N\u00f3s o presenteamos com um n\u00famero da edi\u00e7\u00e3o h\u00fangara da revista Cidade Nova (<a href=\"http:\/\/www.ujvaros.eu\/\" target=\"_blank\" rel=\"noopener\">\u00daj V\u00e1ros<\/a>), que trazia artigos sobre o Genfest\u00bb.<\/p>\n<p>\u00abJunto com tantos jovens que nestes anos nos acompanharam nas v\u00e1rias iniciativas \u2013 concluem Rita e Agoston \u2013 agora continuamos o nosso caminho na constru\u00e7\u00e3o de um mundo mais unido, \u201c<strong>juntos<\/strong>\u201d, como foi evidenciado na motiva\u00e7\u00e3o oficial da premia\u00e7\u00e3o\u00bb.<\/p>\n","protected":false},"excerpt":{"rendered":"<p>O minist\u00e9rio dos Recursos Humanos da Rep\u00fablica h\u00fangara reconheceu, com um diploma de honra ao m\u00e9rito, o trabalho desenvolvido pelos jovens h\u00fangaros para a realiza\u00e7\u00e3o do Genfest em Budapeste.<\/p>\n","protected":false},"author":34,"featured_media":0,"comment_status":"open","ping_status":"open","sticky":false,"template":"","format":"standard","meta":{"give_campaign_id":0,"_seopress_robots_primary_cat":"","_seopress_titles_title":"","_seopress_titles_desc":"","_seopress_robots_index":"","_et_pb_use_builder":"","_et_pb_old_content":"","_et_gb_content_width":"","footnotes":""},"categories":[909],"tags":[],"class_list":["post-345414","post","type-post","status-publish","format-standard","hentry","category-focolare-worldwide-2-4"],"_links":{"self":[{"href":"https:\/\/www.focolare.org\/pt-pt\/wp-json\/wp\/v2\/posts\/345414","targetHints":{"allow":["GET"]}}],"collection":[{"href":"https:\/\/www.focolare.org\/pt-pt\/wp-json\/wp\/v2\/posts"}],"about":[{"href":"https:\/\/www.focolare.org\/pt-pt\/wp-json\/wp\/v2\/types\/post"}],"author":[{"embeddable":true,"href":"https:\/\/www.focolare.org\/pt-pt\/wp-json\/wp\/v2\/users\/34"}],"replies":[{"embeddable":true,"href":"https:\/\/www.focolare.org\/pt-pt\/wp-json\/wp\/v2\/comments?post=345414"}],"version-history":[{"count":0,"href":"https:\/\/www.focolare.org\/pt-pt\/wp-json\/wp\/v2\/posts\/345414\/revisions"}],"wp:attachment":[{"href":"https:\/\/www.focolare.org\/pt-pt\/wp-json\/wp\/v2\/media?parent=345414"}],"wp:term":[{"taxonomy":"category","embeddable":true,"href":"https:\/\/www.focolare.org\/pt-pt\/wp-json\/wp\/v2\/categories?post=345414"},{"taxonomy":"post_tag","embeddable":true,"href":"https:\/\/www.focolare.org\/pt-pt\/wp-json\/wp\/v2\/tags?post=345414"}],"curies":[{"name":"wp","href":"https:\/\/api.w.org\/{rel}","templated":true}]}}