{"id":345424,"date":"2012-12-21T05:13:21","date_gmt":"2012-12-21T04:13:21","guid":{"rendered":"https:\/\/www.focolare.org\/argentina-60-jovens-latino-americanos-na-escola-de-verao\/"},"modified":"2024-06-06T12:20:04","modified_gmt":"2024-06-06T10:20:04","slug":"argentina-60-jovens-latino-americanos-na-escola-de-verao","status":"publish","type":"post","link":"https:\/\/www.focolare.org\/pt-pt\/argentina-60-jovens-latino-americanos-na-escola-de-verao\/","title":{"rendered":"Argentina: 60 jovens latino-americanos na \u201cEscola de Ver\u00e3o\u201d"},"content":{"rendered":"<p>A realiza\u00e7\u00e3o da primeira \u201cEscola de Ver\u00e3o\u201d, na Mari\u00e1polis permanente argentina, a <a href=\"http:\/\/www.mariapolis.org.ar\/\" target=\"_blank\" rel=\"noopener\">Mari\u00e1polis Lia<\/a>, \u00e9 sem d\u00favida uma etapa muito importante para tudo o que se relaciona \u00e0 forma\u00e7\u00e3o acad\u00eamica dos jovens latino-americanos.<\/p>\n<p>N\u00e3o \u00e9 a primeira vez que acontecem cursos intensivos de estudos em n\u00edvel universit\u00e1rio nessa Mari\u00e1polis, j\u00e1 foram realizados v\u00e1rios semin\u00e1rios e cursos espec\u00edficos no campo da pol\u00edtica, economia e arte.<\/p>\n<p>A EdV, no entanto, \u00e9 o primeiro projeto de forma\u00e7\u00e3o organizado em parceria com o<a href=\"https:\/\/www.focolare.org\/pt\/all-opera\/studio-e-formazione\/istituto-universitario-sophia\/\" target=\"_blank\" rel=\"noopener\"> Instituto Universit\u00e1rio Sophia (IUS)<\/a>. Situado em Loppiano, pr\u00f3ximo \u00e0 Incisa Valdarno (Floren\u00e7a, It\u00e1lia), o IUS \u00e9 a institui\u00e7\u00e3o acad\u00eamica internacional que credencia oficialmente a Escola de Ver\u00e3o. Entre os seus objetivos o Instituto define-se como um itiner\u00e1rio de vida, de estudo e pesquisa, que permite a aquisi\u00e7\u00e3o e o aprofundamento constante de uma cultura crist\u00e3, inspirada nos fundamentos da vida e da obra de Chiara Lubich, que fundou o IUS em 2007. O ideal da fraternidade universal, que ela prop\u00f4s e desenvolveu, manifesta-se na experi\u00eancia e na express\u00e3o de uma cultura capaz de iluminar e interagir com as m\u00faltiplas dimens\u00f5es do conhecimento humano, nas suas diversas disciplinas, na busca coletiva do bem comum.<\/p>\n<p>O tema abordado nesta primeira edi\u00e7\u00e3o da Escola de Ver\u00e3o ser\u00e1 \u201cFundamentos epistemol\u00f3gicos para uma cultura da unidade na perspectiva teol\u00f3gica, cient\u00edfica e pol\u00edtica\u201d. Al\u00e9m de abalizados professores latino-americanos, salienta-se a presen\u00e7a do Reitor do IUS, Dr. Piero Coda, professor de Teologia Sistem\u00e1tica, que ministrar\u00e1 uma aula sobre <em>\u201cO Deus Trinit\u00e1rio e o desenvolvimento hist\u00f3rico da f\u00e9 crist\u00e3<\/em>\u201d. Estar\u00e1 presente ainda o Dr. Sergio Rondinara, professor de epistemologia e cosmologia, que apresentar\u00e1 aulas sobre \u201c<em>A rela\u00e7\u00e3o entre o homem e o cosmo, racionalidade cient\u00edfica e rela\u00e7\u00e3o entre as ci\u00eancias naturais e a f\u00e9, e a ecologia<\/em>\u201d. A Dr. Daniela Ropelato, professora de ci\u00eancias pol\u00edticas, ministrar\u00e1 aulas sobre \u201c<em>Formas contempor\u00e2neas de democracia, novos atores sociais e pol\u00edticos, e a fraternidade como categoria da pol\u00edtica<\/em>\u201d.<\/p>\n<p><img alt=\"\" alt=\"\" loading=\"lazy\" decoding=\"async\" class=\"alignleft  wp-image-75995\" src=\"https:\/\/www.focolare.org\/wp-content\/uploads\/2012\/12\/LogoEdeV_01.jpg\" alt=\"\" width=\"214\" height=\"148\" \/>A EdeV prop\u00f5e a forma\u00e7\u00e3o universit\u00e1ria de jovens por meio de uma experi\u00eancia intensiva de estudo e conviv\u00eancia, que seja complementar \u00e0s respectivas carreiras e op\u00e7\u00f5es disciplinares, formando uma comunidade acad\u00eamica; uma experi\u00eancia comunit\u00e1ria, com um di\u00e1logo que possa continuar no tempo atrav\u00e9s do interc\u00e2mbio de experi\u00eancias, de modo a favorecer o crescimento pessoal e comunit\u00e1rio de seus participantes.<\/p>\n<p>\u00c9 ineg\u00e1vel o entusiasmo suscitado por essa primeira edi\u00e7\u00e3o da EdV, que ter\u00e1 in\u00edcio no pr\u00f3ximo dia 28 de dezembro. Candidataram-se mais de 100 jovens universit\u00e1rios provenientes do M\u00e9xico, Cuba, El Salvador, Guatemala, Col\u00f4mbia, Equador, Peru, Bol\u00edvia, Chile, Paraguai e Argentina, dentre esses foram selecionados 61, que frequentar\u00e3o os cursos.<\/p>\n","protected":false},"excerpt":{"rendered":"<p>De 28 de dezembro a 6 de janeiro, na Mari\u00e1polis Lia, um projeto de forma\u00e7\u00e3o organizado em parceria com o Instituto Universit\u00e1rio Sophia (IUS), com o tema: \u201cFundamentos epistemol\u00f3gicos para uma cultura da fraternidade\u201d.<\/p>\n","protected":false},"author":1,"featured_media":0,"comment_status":"open","ping_status":"open","sticky":false,"template":"","format":"standard","meta":{"give_campaign_id":0,"_seopress_robots_primary_cat":"","_seopress_titles_title":"","_seopress_titles_desc":"","_seopress_robots_index":"","_et_pb_use_builder":"","_et_pb_old_content":"","_et_gb_content_width":"","footnotes":""},"categories":[909],"tags":[],"class_list":["post-345424","post","type-post","status-publish","format-standard","hentry","category-focolare-worldwide-2-4"],"_links":{"self":[{"href":"https:\/\/www.focolare.org\/pt-pt\/wp-json\/wp\/v2\/posts\/345424","targetHints":{"allow":["GET"]}}],"collection":[{"href":"https:\/\/www.focolare.org\/pt-pt\/wp-json\/wp\/v2\/posts"}],"about":[{"href":"https:\/\/www.focolare.org\/pt-pt\/wp-json\/wp\/v2\/types\/post"}],"author":[{"embeddable":true,"href":"https:\/\/www.focolare.org\/pt-pt\/wp-json\/wp\/v2\/users\/1"}],"replies":[{"embeddable":true,"href":"https:\/\/www.focolare.org\/pt-pt\/wp-json\/wp\/v2\/comments?post=345424"}],"version-history":[{"count":0,"href":"https:\/\/www.focolare.org\/pt-pt\/wp-json\/wp\/v2\/posts\/345424\/revisions"}],"wp:attachment":[{"href":"https:\/\/www.focolare.org\/pt-pt\/wp-json\/wp\/v2\/media?parent=345424"}],"wp:term":[{"taxonomy":"category","embeddable":true,"href":"https:\/\/www.focolare.org\/pt-pt\/wp-json\/wp\/v2\/categories?post=345424"},{"taxonomy":"post_tag","embeddable":true,"href":"https:\/\/www.focolare.org\/pt-pt\/wp-json\/wp\/v2\/tags?post=345424"}],"curies":[{"name":"wp","href":"https:\/\/api.w.org\/{rel}","templated":true}]}}