{"id":345448,"date":"2012-12-31T21:10:39","date_gmt":"2012-12-31T20:10:39","guid":{"rendered":"https:\/\/www.focolare.org\/um-mundo-novo-em-gestacao\/"},"modified":"2024-06-06T12:20:09","modified_gmt":"2024-06-06T10:20:09","slug":"um-mundo-novo-em-gestacao","status":"publish","type":"post","link":"https:\/\/www.focolare.org\/pt-pt\/um-mundo-novo-em-gestacao\/","title":{"rendered":"Um mundo novo em gesta\u00e7\u00e3o"},"content":{"rendered":"<p><img loading=\"lazy\" decoding=\"async\" class=\"alignright size-full wp-image-76951\" style=\"margin-left: 10px;border: 0pt none\" src=\"https:\/\/www.focolare.org\/wp-content\/uploads\/2013\/01\/20130101-01.jpg\" alt=\"Globe\" width=\"283\" height=\"159\" \/><strong>\u00abVivemos num tempo em que se v\u00ea uma \u201cguinada epocal\u201d<\/strong>, uma gesta\u00e7\u00e3o atribulada de um mundo novo. Mas \u00e9 necess\u00e1rio um princ\u00edpio vital: o amor.<\/p>\n<p>(\u2026) O amor \u2013 foi o que constatei cada vez mais, em contato com membros e grupos de religi\u00f5es, etnias e culturas diferentes \u2013 est\u00e1 inscrito no DNA de cada ser humano. \u00c9 a for\u00e7a mais potente, fecunda e segura que pode unir a humanidade inteira. Mas requer uma mudan\u00e7a radical naquilo que sentimos, pensamos, escolhemos.<\/p>\n<p>De resto, houve uma sensibiliza\u00e7\u00e3o geral na vida internacional sobre a necessidade de dar uma nova interpreta\u00e7\u00e3o ao sentido da reciprocidade, um dos pontos fundamentais dos relacionamentos internacionais.<\/p>\n<p>Na \u00e9poca atual, cada povo deve ultrapassar a pr\u00f3pria fronteira e olhar al\u00e9m, a ponto de amar a p\u00e1tria alheia como a pr\u00f3pria.<\/p>\n<p>Reciprocidade entre os povos, significa supera\u00e7\u00e3o de antigas e novas l\u00f3gicas de organiza\u00e7\u00e3o e de lucro, estabelecendo, ao inv\u00e9s, um relacionamento com todos, inspirado na iniciativa livre de condicionamentos e interesses, porque se considera o outro como a si mesmo, parte da nossa mesma humanidade, e se projeta, segundo esta linha: desarmamento, desenvolvimento, coopera\u00e7\u00e3o.<\/p>\n<p>Surgir\u00e1 uma reciprocidade capaz de fazer com que cada povo, inclusive o mais pobre, seja protagonista na vida internacional, partilhando a sua pobreza e as suas riquezas. N\u00e3o somente nas emerg\u00eancias, mas na vida quotidiana. Identidade e potencialidade ser\u00e3o desenvolvidas justamente quando colocadas a disposi\u00e7\u00e3o dos outros povos, no respeito e no interc\u00e2mbio rec\u00edproco.<\/p>\n<p>A\u00ed sim, se n\u00f3s, indiv\u00edduos e governantes, fizermos a nossa parte, poderemos sonhar em formar uma \u00fanica comunidade planet\u00e1ria.<\/p>\n<p>Utopia? O primeiro a lan\u00e7ar a globaliza\u00e7\u00e3o foi Jesus, quando disse: \u201cQue todos sejam um\u201d. N\u00e3o s\u00f3: ele nos fez capazes de viver aquele amor que tem a for\u00e7a de compor a fam\u00edlia humana na unidade e na diversidade.<\/p>\n<p>Basta abrir os olhos: est\u00e3o espalhados pelo mundo muitos \u201claborat\u00f3rios\u201d desta \u201chumanidade nova\u201d. Ser\u00e1 que chegou a hora de projet\u00e1-los em escala mundial?\u00bb<\/p>\n<p><strong><a href=\"https:\/\/www.focolare.org\/pt\/chiara-lubich\/\"><em>Chiara Lubich<\/em><\/a><\/strong><\/p>\n<p><em>(Extra\u00eddo de <\/em><em>\u201cIl pianeta al bivio\u201d, publicado em Citt\u00e0 Nuova, 13 de julho de 2001)<\/em><em><\/em><\/p>\n","protected":false},"excerpt":{"rendered":"<p>Mas \u00e9 necess\u00e1rio um princ\u00edpio vital: o amor. Recordando o Dia Mundial da Paz, com um pensamento de Chiara Lubich.<\/p>\n","protected":false},"author":34,"featured_media":0,"comment_status":"open","ping_status":"open","sticky":false,"template":"","format":"standard","meta":{"give_campaign_id":0,"_seopress_robots_primary_cat":"","_seopress_titles_title":"","_seopress_titles_desc":"","_seopress_robots_index":"","_et_pb_use_builder":"","_et_pb_old_content":"","_et_gb_content_width":"","footnotes":""},"categories":[910],"tags":[],"class_list":["post-345448","post","type-post","status-publish","format-standard","hentry","category-senza-categoria-2-4"],"_links":{"self":[{"href":"https:\/\/www.focolare.org\/pt-pt\/wp-json\/wp\/v2\/posts\/345448","targetHints":{"allow":["GET"]}}],"collection":[{"href":"https:\/\/www.focolare.org\/pt-pt\/wp-json\/wp\/v2\/posts"}],"about":[{"href":"https:\/\/www.focolare.org\/pt-pt\/wp-json\/wp\/v2\/types\/post"}],"author":[{"embeddable":true,"href":"https:\/\/www.focolare.org\/pt-pt\/wp-json\/wp\/v2\/users\/34"}],"replies":[{"embeddable":true,"href":"https:\/\/www.focolare.org\/pt-pt\/wp-json\/wp\/v2\/comments?post=345448"}],"version-history":[{"count":0,"href":"https:\/\/www.focolare.org\/pt-pt\/wp-json\/wp\/v2\/posts\/345448\/revisions"}],"wp:attachment":[{"href":"https:\/\/www.focolare.org\/pt-pt\/wp-json\/wp\/v2\/media?parent=345448"}],"wp:term":[{"taxonomy":"category","embeddable":true,"href":"https:\/\/www.focolare.org\/pt-pt\/wp-json\/wp\/v2\/categories?post=345448"},{"taxonomy":"post_tag","embeddable":true,"href":"https:\/\/www.focolare.org\/pt-pt\/wp-json\/wp\/v2\/tags?post=345448"}],"curies":[{"name":"wp","href":"https:\/\/api.w.org\/{rel}","templated":true}]}}