{"id":345468,"date":"2013-01-11T08:53:33","date_gmt":"2013-01-11T07:53:33","guid":{"rendered":"https:\/\/www.focolare.org\/movimento-juvenil-pela-unidade-projeto-homem-mundo\/"},"modified":"2024-06-06T12:20:13","modified_gmt":"2024-06-06T10:20:13","slug":"movimento-juvenil-pela-unidade-projeto-homem-mundo","status":"publish","type":"post","link":"https:\/\/www.focolare.org\/pt-pt\/movimento-juvenil-pela-unidade-projeto-homem-mundo\/","title":{"rendered":"Movimento Juvenil pela Unidade: Projeto Homem Mundo"},"content":{"rendered":"<p><a href=\"https:\/\/www.focolare.org\/wp-content\/uploads\/2013\/01\/cantiererxuloppiano2012-8.jpg\"><img alt=\"\" alt=\"\" loading=\"lazy\" decoding=\"async\" class=\"alignright  wp-image-77876\" style=\"margin-left: 10px;border: 0px none\" src=\"https:\/\/www.focolare.org\/wp-content\/uploads\/2013\/01\/cantiererxuloppiano2012-8.jpg\" alt=\"\" width=\"359\" height=\"270\" \/><\/a>A Oficina Internacional do Movimento <a href=\"https:\/\/www.focolare.org\/pt\/movimento-dei-focolari\/un-popolo\/rpu\/\">Juvenil pela Unidade<\/a>, pela primeira vez, sair\u00e1 das fronteiras da It\u00e1lia, em julho de 2014, e se realizar\u00e1 na<a href=\"https:\/\/www.focolare.org\/pt\/focolare-worldwide\/america-sud\/argentina\/\"> Argentina.<\/a><\/p>\n<p>Os motivos desta escolha foram muitos, o primeiro \u00e9 mostrar quanto o Continente Latino Americano, composto por povos de ra\u00edzes culturais diferentes, pode oferecer ao mundo. Al\u00e9m disso, durante a \u00faltima Oficina, realizada na It\u00e1lia, na cidadezinha de <a href=\"http:\/\/www.loppiano.it\/\" target=\"_blank\" rel=\"noopener\">Loppiano<\/a>, em julho de 2012, os adolescentes que dela participaram expressaram o desejo de repetir esta experi\u00eancia a cada dois anos e, sempre, em um continente diferente.<\/p>\n<p>A id\u00e9ia de come\u00e7ar partindo da Argentina nasceu tamb\u00e9m pela numerosa presen\u00e7a dos jovens que caracteriza a <a href=\"http:\/\/www.mariapolis.org.ar\/\" target=\"_blank\" rel=\"noopener\">Mari\u00e1polis Lia<\/a>, a cidadezinha argentina dos Focolares, em meio aos Pampas, que receber\u00e1 a realiza\u00e7\u00e3o da primeira etapa do projeto e que tem uma maneira especial de acolher as novas gera\u00e7\u00f5es.<\/p>\n<p>O Projeto \u201cHomem Mundo\u201d comp\u00f5e-se de duas etapas. A primeira se realizar\u00e1 exatamente na Mari\u00e1polis Lia, durante quatro dias, nos quais os adolescentes, provenientes de v\u00e1rios pa\u00edses do mundo, realizar\u00e3o a Oficina, atrav\u00e9s de um programa din\u00e2mico com o objetivo de aprender a \u201cestabelecer rela\u00e7\u00f5es\u201d com todos, superando as diferen\u00e7as culturais, compartilhando as pr\u00f3prias experi\u00eancias e enriquecendo-se com aquelas dos outros; em uma atmosfera de amor rec\u00edproco que permita a cada um e, todos juntos, de forjar-se \u201chomem mundo\u201d.<\/p>\n<p>Na segunda etapa, ao inv\u00e9s, a Oficina se transferir\u00e1 em varias cidades do Continente Latino Americano, onde j\u00e1 existem obras sociais &#8211; escolas, ambulat\u00f3rios, creches, assist\u00eancia aos idosos &#8211; cuja promo\u00e7\u00e3o tem como fundamento a espiritualidade da unidade.<\/p>\n<p>Quest\u2019esperienza servir\u00e0 a <em>\u201ctestimoniare &#8211; <\/em>come ha detto la presidente dei Focolari, <a href=\"https:\/\/www.focolare.org\/pt\/news\/2011\/01\/20\/maria-voce\/\" target=\"_blank\" rel=\"noopener\">Maria Voce<\/a>, nella sua visita in Ispano America nella primavera 2012 &#8211; <em>che non c&#8217;\u00e8 confine, che non c&#8217;\u00e8 differenza di etnia che non sia superabile. Non c&#8217;\u00e8 niente, non ci sono nemmeno le Ande che ci dividono, nemmeno l&#8217;oceano, niente, niente. Possiamo andare al di l\u00e0 di tutte queste cose per il nostro amore scambievole\u201d<\/em>.<\/p>\n<p>Esta experi\u00eancia servir\u00e1 para \u201c<em>testemunhar\u201d<\/em>, como afirmou a Presidente dos Focolares, Maria Voce, durante a sua viagem na Am\u00e9rica Latina, em setembro de 2012: \u201c<em>testemunhar<\/em> <em>que n\u00e3o existem barreiras, que n\u00e3o existem diferen\u00e7as de etnia que n\u00e3o se possam superar. N\u00e3o existe nada, n\u00e3o existem nem mesmo os Andes que nos dividem, nem mesmo o oceano, nada, nada. Podemos ultrapassar todas essas coisas com o nosso amor rec\u00edproco<\/em>\u201d.<\/p>\n<p>Recandosi sul posto i ragazzi avranno la possibilit\u00e0 di entrare nelle realt\u00e0 locali, cogliendo le sfide, le ricchezze e le radici di ogni popolo. E in questo clima, insieme ai ragazzi che vivono in queste citt\u00e0, anche i partecipanti degli altri continenti potranno essere coinvolti in azioni sociali a contatto con le popolazioni originarie ed in iniziative locali, per esempio sulla cultura del dare, sport, arte, ecc. Infine, il progetto nasce anche dall\u2019esigenza &#8211; dopo alcuni anni di impegno nelle tappe del progetto in corso \u2018ColoriAMO la citt\u00e0\u2019 -, di uno sguardo pi\u00f9 ampio sul mondo, perch\u00e9, come diceva Chiara Lubich, <em>\u201cuna citt\u00e0 \u00e8 troppo poco: mira lontano, alla tua patria, alla patria di tutti, al mondo\u201d<\/em>.<\/p>\n<p>Indo \u00e0queles ambientes os adolescentes ter\u00e3o a possibilidade de inserir-se nos contextos locais, colhendo os desafios, as riquezas e as ra\u00edzes de cada povo. E, nessa atmosfera, junto aos adolescentes que vivem naquelas cidades, tamb\u00e9m os participantes dos outros continentes poder\u00e3o ser envolvidos nas a\u00e7\u00f5es sociais em contato com as popula\u00e7\u00f5es e com as iniciativas locais, por exemplo, com a cultura do dar, o esporte, a arte, e assim por diante. Enfim, o Projeto nasce tamb\u00e9m da exig\u00eancia &#8211; ap\u00f3s alguns anos de empenho nas etapas do projeto em andamento \u2018Vamos colorir a cidade\u2019 (<em>ColoriAMO la citt\u00e0<\/em>) &#8211; de ter um olhar mais amplo sobre o mundo, porque, como afirmava Chiara Lubich, \u201c<em>uma cidade \u00e9 pouco: olhe para longe, para a tua p\u00e1tria, para a p\u00e1tria dos outros, olhe para o mundo<\/em>.\u201d<\/p>\n","protected":false},"excerpt":{"rendered":"<p>Uma Oficina Internacional para adolescentes que se realizar\u00e1 em julho de 2014, partindo da Argentina em dire\u00e7\u00e3o ao mundo inteiro.<\/p>\n","protected":false},"author":34,"featured_media":0,"comment_status":"open","ping_status":"open","sticky":false,"template":"","format":"standard","meta":{"give_campaign_id":0,"_seopress_robots_primary_cat":"","_seopress_titles_title":"","_seopress_titles_desc":"","_seopress_robots_index":"","_et_pb_use_builder":"","_et_pb_old_content":"","_et_gb_content_width":"","footnotes":""},"categories":[909],"tags":[],"class_list":["post-345468","post","type-post","status-publish","format-standard","hentry","category-focolare-worldwide-2-4"],"_links":{"self":[{"href":"https:\/\/www.focolare.org\/pt-pt\/wp-json\/wp\/v2\/posts\/345468","targetHints":{"allow":["GET"]}}],"collection":[{"href":"https:\/\/www.focolare.org\/pt-pt\/wp-json\/wp\/v2\/posts"}],"about":[{"href":"https:\/\/www.focolare.org\/pt-pt\/wp-json\/wp\/v2\/types\/post"}],"author":[{"embeddable":true,"href":"https:\/\/www.focolare.org\/pt-pt\/wp-json\/wp\/v2\/users\/34"}],"replies":[{"embeddable":true,"href":"https:\/\/www.focolare.org\/pt-pt\/wp-json\/wp\/v2\/comments?post=345468"}],"version-history":[{"count":0,"href":"https:\/\/www.focolare.org\/pt-pt\/wp-json\/wp\/v2\/posts\/345468\/revisions"}],"wp:attachment":[{"href":"https:\/\/www.focolare.org\/pt-pt\/wp-json\/wp\/v2\/media?parent=345468"}],"wp:term":[{"taxonomy":"category","embeddable":true,"href":"https:\/\/www.focolare.org\/pt-pt\/wp-json\/wp\/v2\/categories?post=345468"},{"taxonomy":"post_tag","embeddable":true,"href":"https:\/\/www.focolare.org\/pt-pt\/wp-json\/wp\/v2\/tags?post=345468"}],"curies":[{"name":"wp","href":"https:\/\/api.w.org\/{rel}","templated":true}]}}